{"id":1003,"date":"2023-10-27T22:16:05","date_gmt":"2023-10-27T22:16:05","guid":{"rendered":"https:\/\/marilenepaiva.com\/?p=1003"},"modified":"2023-10-27T22:16:06","modified_gmt":"2023-10-27T22:16:06","slug":"gene-de-fato-28-de-outubro-de-2023","status":"publish","type":"post","link":"https:\/\/marilenepaiva.com\/?p=1003","title":{"rendered":"GENE DE FATO 28 DE OUTUBRO DE 2023"},"content":{"rendered":"\n<p><\/p>\n\n\n\n<p><\/p>\n\n\n\n<figure class=\"wp-block-pullquote has-text-align-left has-medium-font-size\"><blockquote><p>ORPHEU<br><br>DA MINHA ALDEIA vejo quando da terra se pode ver no Universo&#8230;.<br>Por isso a minha aldeia \u00e9 grande como outra qualquer<br>Porque eu sou do tamanho do que vejo<br>E n\u00e3o do tamanho da minha altura&#8230;<br>Fernando Pessoa<\/p><\/blockquote><\/figure>\n\n\n\n<p><\/p>\n\n\n\n<p><\/p>\n\n\n\n<p class=\"has-large-font-size\"><strong>FEIJOADA TRADICIONAL DO CPO<\/strong><\/p>\n\n\n\n<p class=\"has-black-color has-text-color has-medium-font-size\">A Primeira feijoada do Cap\u00edtulo Demolay Pr\u00edncipe do Oeste p\u00f3s pandemia promete.&nbsp; Sob a batuta do Mestre Conselheiro do capitulo, Bernardo Augusto e seus irm\u00e3os demolays, o evento que ja tomou \u00f3timas propor\u00e7\u00f5es est\u00e1 vindo com muito feij\u00e3o, espetinho, m\u00fasica ao vivo, descontra\u00e7\u00e3o e muito entretenimento. T\u00e1 esperando o qu\u00ea? Pega sua marmita e nesse domingo, a partir das 11h30, v\u00e1 buscar sua feijoada para um almo\u00e7o diferente. O evento sera sediado no&nbsp; no templo ma\u00e7\u00f4nico da loja Ma\u00e7\u00f4nica Uniao Mossoroense. Vamos sim!<\/p>\n\n\n\n<p><\/p>\n\n\n\n<p><\/p>\n\n\n\n<p class=\"has-large-font-size\"><strong>GLAMOUR D<\/strong><\/p>\n\n\n\n<p class=\"has-black-color has-text-color has-medium-font-size\">A Glamour D re\u00fane hoje convidados para um momento de glamour em sua beleza. M\u00fasica ao vivo, delicinhas e muitos descontos.&nbsp; A executiva D\u00e9bora Nayara Fran\u00e7a e sua equipe de excel\u00eancia de abra\u00e7os para nos receber. At\u00e9 l\u00e1.&nbsp; Maiores informa\u00e7\u00f5es: 84 9 81270271<\/p>\n\n\n\n<p><\/p>\n\n\n\n<p><\/p>\n\n\n\n<p class=\"has-large-font-size\"><strong>CHAMPANHE NO GELO<\/strong><\/p>\n\n\n\n<p class=\"has-black-color has-text-color has-medium-font-size\">Celebram idade nova hoje: Renata Pifer, Myrthes Medeiros, Malaga Veras Benjamim, Arthuro Rosado de Miranda, Neuza Maria Bessa de Oliveira, J\u00fanior Amorim, Eva Mariana Venancio, Wildson Medeiros, Mayana Dantas Nogueira, Kaliana Medeiros, Joalba Gleibe, K\u00e1tia Maria Fernandes Maia Vieira, J\u00e9ssica Paiva, Maria Lizete de Oliveira, Henrique C\u00e9sar, Vanubia Lima, Liduina Cavalcante, Erickson Queiroz. Felicidades.<\/p>\n\n\n\n<p><\/p>\n\n\n\n<p><\/p>\n\n\n\n<p class=\"has-large-font-size\"><strong>ROGAI POR N\u00d3S<\/strong><\/p>\n\n\n\n<p class=\"has-black-color has-text-color has-medium-font-size\">Hoje \u00e9 dia de S\u00e3o Judas Tadeu. Das causas dif\u00edceis. Vivas! &nbsp;S. Judas, ilustre Ap\u00f3stolo e m\u00e1rtir de Jesus Cristo, resplandecente de virtudes e de milagres, fiel e pronto advogado dos que vos veneram e t\u00eam confian\u00e7a em v\u00f3s, v\u00f3s sois o patrono e o poderoso aux\u00edlio nas situa\u00e7\u00f5es dif\u00edceis. Hoje \u00e9 dia dele, de S\u00e3o Judas. Vivas!!!<\/p>\n\n\n\n<p><\/p>\n\n\n\n<p><\/p>\n\n\n\n<p class=\"has-large-font-size\"><strong>EVANGELIZAR \u00c9 PRECISO<\/strong><\/p>\n\n\n\n<p class=\"has-black-color has-text-color has-medium-font-size\">O maior evento cat\u00f3lico do Brasil ocorre hoje, no aterro da praia de Iracema, em Fortaleza. Padre Reginaldo Manzotti reza com os milhares(milh\u00e3o?) de fi\u00e9is que renovam sua f\u00e9 e pedem pela PAZ no mundo.<\/p>\n\n\n\n<p><\/p>\n\n\n\n<p><\/p>\n\n\n\n<p><\/p>\n\n\n\n<div class=\"wp-block-columns is-layout-flex wp-container-core-columns-is-layout-9d6595d7 wp-block-columns-is-layout-flex\">\n<div class=\"wp-block-column is-layout-flow wp-block-column-is-layout-flow\" style=\"flex-basis:100%\">\n<figure class=\"wp-block-image size-large\"><img decoding=\"async\" src=\"https:\/\/marilenepaiva.com\/wp-content\/uploads\/2023\/10\/F1-NEY-ROBSONALINE-1024x900.jpg\" alt=\"\" class=\"wp-image-1005\"\/><\/figure>\n<\/div>\n<\/div>\n\n\n\n<p><em>Dra K\u00e1tia Maia, musa absoluta de Ney Robson, primeira dama da Oral Cl\u00ednica e do Instituto Oral Clinica, m\u00e3e amada de Aline e Victor, celebra idade nova hoje. Parab\u00e9ns! Felicidades, paz e bem!<\/em><\/p>\n\n\n\n<p><\/p>\n\n\n\n<p><\/p>\n\n\n\n<div class=\"wp-block-columns is-layout-flex wp-container-core-columns-is-layout-9d6595d7 wp-block-columns-is-layout-flex\">\n<div class=\"wp-block-column is-layout-flow wp-block-column-is-layout-flow\" style=\"flex-basis:100%\">\n<figure class=\"wp-block-image size-full\"><img decoding=\"async\" src=\"https:\/\/marilenepaiva.com\/wp-content\/uploads\/2023\/10\/f2-arthro-rosado-e-familia-1.jpg\" alt=\"\" class=\"wp-image-1006\"\/><\/figure>\n<\/div>\n<\/div>\n\n\n\n<p><em>Amo de paix\u00e3o. Desde sempre. Um filho excelente, um irm\u00e3o prestativo, um amigo querido. O cardiologista lindo e muito querido Arturo Rosado de Miranda, esposo apaixonado da Dra Isabelly Trindade, celebra mais um ano de vida hoje. Ganha o abra\u00e7o dos filhos Matheus e Arthuro Filho. Feliz anivers\u00e1rio!<\/em><\/p>\n\n\n\n<p><\/p>\n\n\n\n<p><\/p>\n\n\n\n<div class=\"wp-block-columns is-layout-flex wp-container-core-columns-is-layout-9d6595d7 wp-block-columns-is-layout-flex\">\n<div class=\"wp-block-column is-layout-flow wp-block-column-is-layout-flow\" style=\"flex-basis:100%\">\n<figure class=\"wp-block-image size-large\"><img decoding=\"async\" src=\"https:\/\/marilenepaiva.com\/wp-content\/uploads\/2023\/10\/f3-marinaldo-1024x875.jpg\" alt=\"\" class=\"wp-image-1007\"\/><\/figure>\n<\/div>\n<\/div>\n\n\n\n<p><em>Ele diz que o segredo \u00e9 se permitir florescer. O bom Pai Eterno foi generoso quando o desenhou. Lindoooo. Perfeito nas makes e no hair das luluzinhas. Marinaldo Rocha, Estrela primeira do Vintage Hair apaga velinhas amanh\u00e3, dia 29. Aqui, em Teer\u00e3.<\/em><\/p>\n\n\n\n<p><\/p>\n\n\n\n<p><\/p>\n\n\n\n<div class=\"wp-block-columns is-layout-flex wp-container-core-columns-is-layout-9d6595d7 wp-block-columns-is-layout-flex\">\n<div class=\"wp-block-column is-layout-flow wp-block-column-is-layout-flow\" style=\"flex-basis:100%\">\n<figure class=\"wp-block-image size-full\"><img decoding=\"async\" src=\"https:\/\/marilenepaiva.com\/wp-content\/uploads\/2023\/10\/F4-GEORGE-AZEVEDO.jpg\" alt=\"\" class=\"wp-image-1008\"\/><\/figure>\n<\/div>\n<\/div>\n\n\n\n<p><em>O domingo, dia 29, come\u00e7a mais feliz com o aniversariante, primog\u00eanito de Zoraide e seu Sebasti\u00e3o, colunista George Azevedo, grande editor da Glam, profundo conhecedor das belezas potiguares e fazendo muito sucesso como artista pl\u00e1stico e com a sua grife poderosa.\u00a0Parab\u00e9ns!<\/em><\/p>\n\n\n\n<p><\/p>\n\n\n\n<p><\/p>\n\n\n\n<div class=\"wp-block-columns is-layout-flex wp-container-core-columns-is-layout-9d6595d7 wp-block-columns-is-layout-flex\">\n<div class=\"wp-block-column is-layout-flow wp-block-column-is-layout-flow\" style=\"flex-basis:100%\">\n<figure class=\"wp-block-image size-full\"><img decoding=\"async\" src=\"https:\/\/marilenepaiva.com\/wp-content\/uploads\/2023\/10\/f5-WILDSON-MEDEIROS.jpg\" alt=\"\" class=\"wp-image-1009\"\/><\/figure>\n<\/div>\n<\/div>\n\n\n\n<p><em>O todo querido Wildson Medeiros, amigo dos seus amigos, apaga velinhas hoje e ganha sess\u00e3o bolo confeitado. Receba o nosso carinho e os votos de sa\u00fade, sucessos e alegrias. Parab\u00e9ns!<\/em><\/p>\n\n\n\n<p><\/p>\n\n\n\n<p><\/p>\n\n\n\n<div class=\"wp-block-columns is-layout-flex wp-container-core-columns-is-layout-9d6595d7 wp-block-columns-is-layout-flex\">\n<div class=\"wp-block-column is-layout-flow wp-block-column-is-layout-flow\" style=\"flex-basis:100%\">\n<figure class=\"wp-block-image size-large\"><img decoding=\"async\" src=\"https:\/\/marilenepaiva.com\/wp-content\/uploads\/2023\/10\/F6-CARECA-E-RENAN-756x1024.jpg\" alt=\"\" class=\"wp-image-1010\"\/><\/figure>\n<\/div>\n<\/div>\n\n\n\n<p><em>O artista pl\u00e1stico e arquiteto Carlos Careca com um lind\u00edssimo ambiente na I Exposi\u00e7\u00e3o ARTLAR que vai at\u00e9 o dia 11 de novembro. No clique, com os executivos Ren\u00ea e Renan Alves. Show!<\/em><\/p>\n","protected":false},"excerpt":{"rendered":"<p>ORPHEU DA MINHA ALDEIA vejo quando da terra se pode ver no Universo&#8230;.Por isso a minha aldeia \u00e9 grande como outra qualquerPorque eu sou do tamanho do que vejoE n\u00e3o do tamanho da minha altura&#8230;Fernando Pessoa FEIJOADA TRADICIONAL DO CPO A Primeira feijoada do Cap\u00edtulo Demolay Pr\u00edncipe do Oeste p\u00f3s pandemia promete.&nbsp; Sob a batuta [&hellip;]<\/p>\n","protected":false},"author":1,"featured_media":0,"comment_status":"open","ping_status":"open","sticky":true,"template":"","format":"standard","meta":{"footnotes":""},"categories":[3],"tags":[],"class_list":["post-1003","post","type-post","status-publish","format-standard","hentry","category-colunas"],"_links":{"self":[{"href":"https:\/\/marilenepaiva.com\/index.php?rest_route=\/wp\/v2\/posts\/1003","targetHints":{"allow":["GET"]}}],"collection":[{"href":"https:\/\/marilenepaiva.com\/index.php?rest_route=\/wp\/v2\/posts"}],"about":[{"href":"https:\/\/marilenepaiva.com\/index.php?rest_route=\/wp\/v2\/types\/post"}],"author":[{"embeddable":true,"href":"https:\/\/marilenepaiva.com\/index.php?rest_route=\/wp\/v2\/users\/1"}],"replies":[{"embeddable":true,"href":"https:\/\/marilenepaiva.com\/index.php?rest_route=%2Fwp%2Fv2%2Fcomments&post=1003"}],"version-history":[{"count":1,"href":"https:\/\/marilenepaiva.com\/index.php?rest_route=\/wp\/v2\/posts\/1003\/revisions"}],"predecessor-version":[{"id":1012,"href":"https:\/\/marilenepaiva.com\/index.php?rest_route=\/wp\/v2\/posts\/1003\/revisions\/1012"}],"wp:attachment":[{"href":"https:\/\/marilenepaiva.com\/index.php?rest_route=%2Fwp%2Fv2%2Fmedia&parent=1003"}],"wp:term":[{"taxonomy":"category","embeddable":true,"href":"https:\/\/marilenepaiva.com\/index.php?rest_route=%2Fwp%2Fv2%2Fcategories&post=1003"},{"taxonomy":"post_tag","embeddable":true,"href":"https:\/\/marilenepaiva.com\/index.php?rest_route=%2Fwp%2Fv2%2Ftags&post=1003"}],"curies":[{"name":"wp","href":"https:\/\/api.w.org\/{rel}","templated":true}]}}