{"id":1013,"date":"2023-10-30T19:19:55","date_gmt":"2023-10-30T19:19:55","guid":{"rendered":"https:\/\/marilenepaiva.com\/?p=1013"},"modified":"2023-10-30T19:19:55","modified_gmt":"2023-10-30T19:19:55","slug":"gente-de-fato-31-de-outubro-de-2023","status":"publish","type":"post","link":"https:\/\/marilenepaiva.com\/?p=1013","title":{"rendered":"GENTE DE FATO 31 DE OUTUBRO DE 2023"},"content":{"rendered":"\n<p><\/p>\n\n\n\n<p><\/p>\n\n\n\n<blockquote class=\"wp-block-quote is-layout-flow wp-block-quote-is-layout-flow\">\n<p class=\"has-black-color has-text-color has-large-font-size\"><em><strong>\u201cA hist\u00f3ria do povo nordestino passa pela sanfona de Luiz Gonzaga e tamb\u00e9m pelo som das violas e os versos dos cantadores\u201d<\/strong><\/em><\/p>\n\n\n\n<p class=\"has-black-color has-text-color has-medium-font-size\"><em>&nbsp;Z\u00e9 Lima.<\/em><\/p>\n<\/blockquote>\n\n\n\n<p><\/p>\n\n\n\n<p><\/p>\n\n\n\n<p class=\"has-large-font-size\"><strong>GIGANTES DA POESIA<\/strong><\/p>\n\n\n\n<p class=\"has-black-color has-text-color has-medium-font-size\">O amigo Z\u00e9 Lima celebra 17 anos do seu Programa Coisas do Sert\u00e3o na TCM. E a festa re\u00fane o que a gente mais gosta, boa m\u00fasica e poesia, dia 03 de novembro, \u00e0s 20h, no shopping Boulevard Central, em Mossor\u00f3, vamos todos para \u201cGigantes da Poesia \u2013 Grande Cantoria de Viola.\u201d Animando a noite, os ilustres :Nonato Neto (de Os Nonatos), Raulino Silva e Z\u00e9 Viola. Tamb\u00e9m Caio Muniz, Z\u00e9 Lima, Andr\u00e9 da Mata, M\u00e1rcio Rangel e Ant\u00f4nio Francisco.&nbsp; Ingressos \u00e0 venda, a R$ 20,00, nas \u00f3ticas V\u00eanus e Finesse.<\/p>\n\n\n\n<p><\/p>\n\n\n\n<p><\/p>\n\n\n\n<p class=\"has-large-font-size\"><strong>CEREJA DO BOLO<\/strong><\/p>\n\n\n\n<p class=\"has-black-color has-text-color has-medium-font-size\">Sim&#8230;anjos existem. Um deles se personifica na&nbsp;&nbsp; m\u00e9dica Socorro Estrela. Mais que uma m\u00e9dica. Um ser humano \u00edmpar. De valores e conhecimentos.<\/p>\n\n\n\n<p><\/p>\n\n\n\n<p><\/p>\n\n\n\n<p class=\"has-large-font-size\"><strong>CUIDE-SE <\/strong><\/p>\n\n\n\n<p class=\"has-black-color has-text-color has-medium-font-size\">N\u00e3o vacile. Proteja-se e cuide dos seus vulner\u00e1veis. Sua sa\u00fade f\u00edsica e mental, sobretudo a mental, deve ser prioridade m\u00e1xima<\/p>\n\n\n\n<p><\/p>\n\n\n\n<p><\/p>\n\n\n\n<p class=\"has-large-font-size\"><strong>NA GRA\u00c7A DE DEUS<\/strong><\/p>\n\n\n\n<p class=\"has-black-color has-text-color has-medium-font-size\">Outubro termina hoje. \u00c9 um m\u00eas em que se fala muito na sa\u00fade da mulher. Que todos os meses do ano ganhem a for\u00e7a do outubro rosa<\/p>\n\n\n\n<p><\/p>\n\n\n\n<p><\/p>\n\n\n\n<div class=\"wp-block-columns is-layout-flex wp-container-core-columns-is-layout-9d6595d7 wp-block-columns-is-layout-flex\">\n<div class=\"wp-block-column is-layout-flow wp-block-column-is-layout-flow\" style=\"flex-basis:100%\">\n<figure class=\"wp-block-image size-large\"><img decoding=\"async\" src=\"https:\/\/marilenepaiva.com\/wp-content\/uploads\/2023\/10\/F1-ERONILDO-PEREIRA-458x1024.jpg\" alt=\"\" class=\"wp-image-1016\"\/><\/figure>\n<\/div>\n<\/div>\n\n\n\n<p><em>O seu nome \u00e9 Eronildo Pereira, o sobrenome SUCESSO. Ele apaga velinhas hoje. Ganha sess\u00e3o bolo confeitado da esposa Liane, filhos e da fam\u00edlia Master Eventos. Deus aben\u00e7oe, guie e te proteja. Parab\u00e9ns!<\/em><\/p>\n\n\n\n<p><\/p>\n\n\n\n<p><\/p>\n\n\n\n<div class=\"wp-block-columns is-layout-flex wp-container-core-columns-is-layout-9d6595d7 wp-block-columns-is-layout-flex\">\n<div class=\"wp-block-column is-layout-flow wp-block-column-is-layout-flow\" style=\"flex-basis:100%\">\n<figure class=\"wp-block-image size-full\"><img decoding=\"async\" src=\"https:\/\/marilenepaiva.com\/wp-content\/uploads\/2023\/10\/f2-tucalisana.jpg\" alt=\"\" class=\"wp-image-1017\"\/><\/figure>\n<\/div>\n<\/div>\n\n\n\n<p><em>Na Firo, equipe da Construtora Massai, no Sal\u00e3o Imobili\u00e1rio de Mossor\u00f3: Marcos Lacerda, Tuca Viegas, Lizana Lima, Laerte Sousa, Engenheiro\/OMNI e Alef Henrique de Lima.<\/em><\/p>\n\n\n\n<p><\/p>\n\n\n\n<p><\/p>\n\n\n\n<div class=\"wp-block-columns is-layout-flex wp-container-core-columns-is-layout-9d6595d7 wp-block-columns-is-layout-flex\">\n<div class=\"wp-block-column is-layout-flow wp-block-column-is-layout-flow\" style=\"flex-basis:100%\">\n<figure class=\"wp-block-image size-large\"><img decoding=\"async\" src=\"https:\/\/marilenepaiva.com\/wp-content\/uploads\/2023\/10\/f3-nayara-gadelha-em-familia-1-944x1024.jpg\" alt=\"\" class=\"wp-image-1018\"\/><\/figure>\n<\/div>\n<\/div>\n\n\n\n<p><em>Todos os vivas para a aniversariante de hoje, a vice prefeita de Mossor\u00f3, odont\u00f3loga Nayara Gadelha. \u00c1lbum de fam\u00edlia. Tintin. Salve simpatias.<\/em><\/p>\n\n\n\n<p><\/p>\n\n\n\n<p><\/p>\n\n\n\n<div class=\"wp-block-columns is-layout-flex wp-container-core-columns-is-layout-9d6595d7 wp-block-columns-is-layout-flex\">\n<div class=\"wp-block-column is-layout-flow wp-block-column-is-layout-flow\" style=\"flex-basis:100%\">\n<figure class=\"wp-block-image size-full\"><img decoding=\"async\" src=\"https:\/\/marilenepaiva.com\/wp-content\/uploads\/2023\/10\/f4-nazinha-e-guima.jpg\" alt=\"\" class=\"wp-image-1019\"\/><\/figure>\n<\/div>\n<\/div>\n\n\n\n<p><em>La\u00e7os de ternura. Toinho, Raimundo e Eloneide, os filhos de Dona Nazinha, que completou 90 anos e j\u00e1 iniciou as comemora\u00e7\u00f5es agradecendo o Dom da Vida, na bela missa celebrada por Padre Guimar\u00e3es Neto, na Casa da Sant\u00edssima Trindade.<\/em><\/p>\n\n\n\n<p><\/p>\n\n\n\n<p><\/p>\n\n\n\n<div class=\"wp-block-columns is-layout-flex wp-container-core-columns-is-layout-9d6595d7 wp-block-columns-is-layout-flex\">\n<div class=\"wp-block-column is-layout-flow wp-block-column-is-layout-flow\" style=\"flex-basis:100%\">\n<figure class=\"wp-block-image size-large\"><img decoding=\"async\" src=\"https:\/\/marilenepaiva.com\/wp-content\/uploads\/2023\/10\/F5-FAMIGAS-DE-NILTINHO-1024x661.jpg\" alt=\"\" class=\"wp-image-1020\"\/><\/figure>\n<\/div>\n<\/div>\n\n\n\n<p><em>As amigas do decorador Niltinho Medeiros festejando seu anivers\u00e1rio com jantar surpresa pilotado por Vera Mendon\u00e7a, Lizete Andrade, Karenine Fernandes F\u00e1bia Soares, Tereza Cristina e euzinha aqui. Noite maravilhosa!<\/em><\/p>\n\n\n\n<p><\/p>\n\n\n\n<p><\/p>\n\n\n\n<div class=\"wp-block-columns is-layout-flex wp-container-core-columns-is-layout-9d6595d7 wp-block-columns-is-layout-flex\">\n<div class=\"wp-block-column is-layout-flow wp-block-column-is-layout-flow\" style=\"flex-basis:100%\">\n<figure class=\"wp-block-image size-full\"><img decoding=\"async\" src=\"https:\/\/marilenepaiva.com\/wp-content\/uploads\/2023\/10\/F6-NELSON-LARIU.jpg\" alt=\"\" class=\"wp-image-1021\"\/><\/figure>\n<\/div>\n<\/div>\n\n\n\n<p><em>O m\u00e9dico Nelson Lari\u00fa participou do XL Congresso Brasileiro de Psiquiatria palestrando sobre Transtorno Conversivo: Abordagem no Hospital Geral. Salve, salve!<\/em><\/p>\n","protected":false},"excerpt":{"rendered":"<p>\u201cA hist\u00f3ria do povo nordestino passa pela sanfona de Luiz Gonzaga e tamb\u00e9m pelo som das violas e os versos dos cantadores\u201d &nbsp;Z\u00e9 Lima. GIGANTES DA POESIA O amigo Z\u00e9 Lima celebra 17 anos do seu Programa Coisas do Sert\u00e3o na TCM. E a festa re\u00fane o que a gente mais gosta, boa m\u00fasica e [&hellip;]<\/p>\n","protected":false},"author":1,"featured_media":0,"comment_status":"open","ping_status":"open","sticky":true,"template":"","format":"standard","meta":{"footnotes":""},"categories":[3],"tags":[],"class_list":["post-1013","post","type-post","status-publish","format-standard","hentry","category-colunas"],"_links":{"self":[{"href":"https:\/\/marilenepaiva.com\/index.php?rest_route=\/wp\/v2\/posts\/1013","targetHints":{"allow":["GET"]}}],"collection":[{"href":"https:\/\/marilenepaiva.com\/index.php?rest_route=\/wp\/v2\/posts"}],"about":[{"href":"https:\/\/marilenepaiva.com\/index.php?rest_route=\/wp\/v2\/types\/post"}],"author":[{"embeddable":true,"href":"https:\/\/marilenepaiva.com\/index.php?rest_route=\/wp\/v2\/users\/1"}],"replies":[{"embeddable":true,"href":"https:\/\/marilenepaiva.com\/index.php?rest_route=%2Fwp%2Fv2%2Fcomments&post=1013"}],"version-history":[{"count":1,"href":"https:\/\/marilenepaiva.com\/index.php?rest_route=\/wp\/v2\/posts\/1013\/revisions"}],"predecessor-version":[{"id":1022,"href":"https:\/\/marilenepaiva.com\/index.php?rest_route=\/wp\/v2\/posts\/1013\/revisions\/1022"}],"wp:attachment":[{"href":"https:\/\/marilenepaiva.com\/index.php?rest_route=%2Fwp%2Fv2%2Fmedia&parent=1013"}],"wp:term":[{"taxonomy":"category","embeddable":true,"href":"https:\/\/marilenepaiva.com\/index.php?rest_route=%2Fwp%2Fv2%2Fcategories&post=1013"},{"taxonomy":"post_tag","embeddable":true,"href":"https:\/\/marilenepaiva.com\/index.php?rest_route=%2Fwp%2Fv2%2Ftags&post=1013"}],"curies":[{"name":"wp","href":"https:\/\/api.w.org\/{rel}","templated":true}]}}