{"id":1725,"date":"2024-02-20T01:46:51","date_gmt":"2024-02-20T01:46:51","guid":{"rendered":"https:\/\/marilenepaiva.com\/?p=1725"},"modified":"2024-02-20T01:46:51","modified_gmt":"2024-02-20T01:46:51","slug":"gente-de-fato-20-de-fevereiro-de-2024","status":"publish","type":"post","link":"https:\/\/marilenepaiva.com\/?p=1725","title":{"rendered":"GENTE DE FATO 20 DE FEVEREIRO DE 2024"},"content":{"rendered":"\n<blockquote class=\"wp-block-quote is-layout-flow wp-block-quote-is-layout-flow\">\n<p class=\"has-large-font-size\"><strong>ORPHEU<\/strong><\/p>\n\n\n\n<p class=\"has-black-color has-text-color has-link-color has-medium-font-size wp-elements-b7fe8d44fcdaf58c67cf4d0847cfdf2d\">&#8220;Eu amo tudo o que foi<\/p>\n\n\n\n<p class=\"has-black-color has-text-color has-link-color has-medium-font-size wp-elements-214981b006dab279c62042dec4d5058c\">Tudo o que j\u00e1 n\u00e3o \u00e9<\/p>\n\n\n\n<p class=\"has-black-color has-text-color has-link-color has-medium-font-size wp-elements-0640c26c1e795ed32d3107675723bc11\">A dor que j\u00e1 n\u00e3o me d\u00f3i<\/p>\n\n\n\n<p class=\"has-black-color has-text-color has-link-color has-medium-font-size wp-elements-67dde44251095b8a750a7b8570d50179\">A antiga e err\u00f4nea f\u00e9<\/p>\n\n\n\n<p class=\"has-black-color has-text-color has-link-color has-medium-font-size wp-elements-4088fb8ee6a5bad4127dc9af7b00166e\">O ontem que a dor deixou<\/p>\n\n\n\n<p class=\"has-black-color has-text-color has-link-color has-medium-font-size wp-elements-a4ca6c9a051ab6de58cd0b0f962696d8\">O que deixou alegria<\/p>\n\n\n\n<p class=\"has-black-color has-text-color has-link-color has-medium-font-size wp-elements-36f3b39a441339d3a3a43a68f0df574c\">S\u00f3 porque foi, e voou<\/p>\n\n\n\n<p class=\"has-black-color has-text-color has-link-color has-medium-font-size wp-elements-42ee0fe3cf673cdd434726dc8fdc4686\">E hoje \u00e9 j\u00e1 outro dia&#8221;.<\/p>\n\n\n\n<p>(Fernando Pessoa)<\/p>\n<\/blockquote>\n\n\n\n<div class=\"wp-block-columns is-layout-flex wp-container-core-columns-is-layout-9d6595d7 wp-block-columns-is-layout-flex\">\n<div class=\"wp-block-column is-layout-flow wp-block-column-is-layout-flow\" style=\"flex-basis:100%\"><div class=\"wp-block-image\">\n<figure class=\"aligncenter size-full is-resized\"><img decoding=\"async\" src=\"https:\/\/marilenepaiva.com\/wp-content\/uploads\/2024\/02\/Captura-de-tela-2024-02-19-222258.png\" alt=\"\" class=\"wp-image-1726\" style=\"width:277px;height:auto\"\/><\/figure>\n<\/div><\/div>\n<\/div>\n\n\n\n<p class=\"has-large-font-size\"><strong>GILENO OLIVEIRA N\u00c3O \u00c9 CANDIDATO!<\/strong><\/p>\n\n\n\n<p class=\"has-black-color has-text-color has-link-color has-medium-font-size wp-elements-10e92dd9728aa6c161dea5deb5eead35\">O empres\u00e1rio comerciante Gileno Oliveira N\u00c3O \u00e9 candidato a prefeito de Martins. Vi e ouvi do pr\u00f3prio que o mesmo n\u00e3o far\u00e1 oposi\u00e7\u00e3o \u00e0 amiga atual prefeita Maz\u00e9 Gurgel que segue trabalhando e honrando seu mandato, com uma gest\u00e3o participativa e que caminha para sua reelei\u00e7\u00e3o. Salve!<\/p>\n\n\n\n<p class=\"has-large-font-size\"><strong>RIBS ON THE BARBIE<\/strong><\/p>\n\n\n\n<p class=\"has-black-color has-text-color has-link-color has-medium-font-size wp-elements-6f55e58953e1fa318670069f64cde916\">Sabe aquela costela com molho barbecue que voc\u00ea respeita? Tipo padr\u00e3o Outback? Pois bem&#8230;l\u00e1 na Pousada Rancho da Serra, em Martins, voc\u00ea vai poder saborear. Ponto para Andiro Clayton e Selminha.<\/p>\n\n\n\n<div class=\"wp-block-columns is-layout-flex wp-container-core-columns-is-layout-9d6595d7 wp-block-columns-is-layout-flex\">\n<div class=\"wp-block-column is-layout-flow wp-block-column-is-layout-flow\" style=\"flex-basis:100%\"><div class=\"wp-block-image\">\n<figure class=\"aligncenter size-full is-resized\"><img decoding=\"async\" src=\"https:\/\/marilenepaiva.com\/wp-content\/uploads\/2024\/02\/trattoria.png\" alt=\"\" class=\"wp-image-1727\" style=\"width:257px;height:auto\"\/><\/figure>\n<\/div><\/div>\n<\/div>\n\n\n\n<p class=\"has-large-font-size\"><strong>CHAMPANHE NO GELO<\/strong><\/p>\n\n\n\n<p class=\"has-black-color has-text-color has-link-color has-medium-font-size wp-elements-625a46f27fffa144386ac4c806817bfb\">Vivas de felicidade para o odont\u00f3logo Juney Canuto, Tatiana Assun\u00e7\u00e3o, Paiva Lopes, F\u00e1bio F\u00ealix Gomes, Francisco Ferreira Duarte, Raimundo Fernandes, Elida Simone Fernandes de Lima; Felipe Eduardo, Juliana Dantas, Maria Fausta Freire Pinto, Jeanne Carlos de Queiroz, Aline Saldanha e Paula Fernanda. Parab\u00e9ns!!!<\/p>\n\n\n\n<div class=\"wp-block-columns is-layout-flex wp-container-core-columns-is-layout-9d6595d7 wp-block-columns-is-layout-flex\">\n<div class=\"wp-block-column is-layout-flow wp-block-column-is-layout-flow\" style=\"flex-basis:100%\"><div class=\"wp-block-image\">\n<figure class=\"aligncenter size-full is-resized\"><img decoding=\"async\" src=\"https:\/\/marilenepaiva.com\/wp-content\/uploads\/2024\/02\/serraboi.png\" alt=\"\" class=\"wp-image-1728\" style=\"width:258px;height:auto\"\/><\/figure>\n<\/div><\/div>\n<\/div>\n\n\n\n<p class=\"has-large-font-size\"><strong>F\u00c1TIMA CARLOS<\/strong><\/p>\n\n\n\n<p class=\"has-black-color has-text-color has-link-color has-medium-font-size wp-elements-a317bfeee3ab51ed5ccba214f0004c4b\">Pode apreciar sem modera\u00e7\u00e3o! E comprar tamb\u00e9m; os modelitos exclusivos do Atli\u00ea F\u00e1tima Carlos. Hoje \u00e9 dia de conferir as pe\u00e7as que acabaram de chegar. Lindas!<\/p>\n\n\n\n<div class=\"wp-block-columns is-layout-flex wp-container-core-columns-is-layout-9d6595d7 wp-block-columns-is-layout-flex\">\n<div class=\"wp-block-column is-layout-flow wp-block-column-is-layout-flow\" style=\"flex-basis:100%\"><div class=\"wp-block-image\">\n<figure class=\"aligncenter size-full is-resized\"><img decoding=\"async\" src=\"https:\/\/marilenepaiva.com\/wp-content\/uploads\/2024\/02\/22.png\" alt=\"\" class=\"wp-image-1729\" style=\"width:218px;height:auto\"\/><\/figure>\n<\/div><\/div>\n<\/div>\n\n\n\n<p class=\"has-large-font-size\"><strong>GRAT\u00cdSSIMA!<\/strong><\/p>\n\n\n\n<p class=\"has-black-color has-text-color has-link-color has-medium-font-size wp-elements-8eb8d93bafcd7a431f2007b782b47390\">O ato de agradecer faz parte da corrente do bem. Voc\u00ea agradece a quem te agradeceu e assim vai gerando fluidos de boas energias. Muito obrigada aos que nos apoiam sempre.<\/p>\n\n\n\n<div class=\"wp-block-columns is-layout-flex wp-container-core-columns-is-layout-9d6595d7 wp-block-columns-is-layout-flex\">\n<div class=\"wp-block-column is-layout-flow wp-block-column-is-layout-flow\" style=\"flex-basis:100%\">\n<figure class=\"wp-block-image size-large\"><img decoding=\"async\" src=\"https:\/\/marilenepaiva.com\/wp-content\/uploads\/2024\/02\/f1-paiva-lopes-1024x827.jpeg\" alt=\"\" class=\"wp-image-1730\"\/><\/figure>\n<\/div>\n<\/div>\n\n\n\n<p><em>O super charmoso neurologista Paiva Lopes apaga velinhas hoje. A sua musa absoluta Ana Maria Paiva prepara vinhos e queijos. Euzinha gosto muito do casal. Dr Paiva e sua Harley. Tintin!<\/em><\/p>\n\n\n\n<div class=\"wp-block-columns is-layout-flex wp-container-core-columns-is-layout-9d6595d7 wp-block-columns-is-layout-flex\">\n<div class=\"wp-block-column is-layout-flow wp-block-column-is-layout-flow\" style=\"flex-basis:100%\">\n<figure class=\"wp-block-image size-full\"><img decoding=\"async\" src=\"https:\/\/marilenepaiva.com\/wp-content\/uploads\/2024\/02\/f2-tatiana-assuncao.jpeg\" alt=\"\" class=\"wp-image-1731\"\/><\/figure>\n<\/div>\n<\/div>\n\n\n\n<p><em>A psic\u00f3loga Tatiana Assun\u00e7\u00e3o apaga velinhas hoje e ganha sess\u00e3o bolo confeitado dos amigos e familiares. \u00a0Parab\u00e9ns lindinha, sa\u00fade e paz!<\/em><\/p>\n\n\n\n<div class=\"wp-block-columns is-layout-flex wp-container-core-columns-is-layout-9d6595d7 wp-block-columns-is-layout-flex\">\n<div class=\"wp-block-column is-layout-flow wp-block-column-is-layout-flow\" style=\"flex-basis:100%\">\n<figure class=\"wp-block-image size-full\"><img decoding=\"async\" src=\"https:\/\/marilenepaiva.com\/wp-content\/uploads\/2024\/02\/f3-lili-e-maze-.jpeg\" alt=\"\" class=\"wp-image-1732\"\/><\/figure>\n<\/div>\n<\/div>\n\n\n\n<p><em>Curtindo o frevo, o frio e a folia na amada Serra de Martins, ao lado da prefeita Maz\u00e9 Gurgel, Uilame J\u00fanior, Kallyne Costa, Liliane Gast\u00e3o, Telma Bezerra. Martinenses e mossoroenses.<\/em><\/p>\n\n\n\n<div class=\"wp-block-columns is-layout-flex wp-container-core-columns-is-layout-9d6595d7 wp-block-columns-is-layout-flex\">\n<div class=\"wp-block-column is-layout-flow wp-block-column-is-layout-flow\" style=\"flex-basis:100%\">\n<figure class=\"wp-block-image size-large\"><img decoding=\"async\" src=\"https:\/\/marilenepaiva.com\/wp-content\/uploads\/2024\/02\/F4-GILENO-809x1024.jpeg\" alt=\"\" class=\"wp-image-1733\"\/><\/figure>\n<\/div>\n<\/div>\n\n\n\n<p><em>De rostinho colado, amando e querendo bem, o casal empres\u00e1rios bem sucedidos Gileno Oliveira e a sua bela Carminha, na folia da amada Serra de Martins. Detalhe, Gileno N\u00c3O \u00e9 candidato. Viu?!<\/em><\/p>\n","protected":false},"excerpt":{"rendered":"<p>ORPHEU &#8220;Eu amo tudo o que foi Tudo o que j\u00e1 n\u00e3o \u00e9 A dor que j\u00e1 n\u00e3o me d\u00f3i A antiga e err\u00f4nea f\u00e9 O ontem que a dor deixou O que deixou alegria S\u00f3 porque foi, e voou E hoje \u00e9 j\u00e1 outro dia&#8221;. (Fernando Pessoa) GILENO OLIVEIRA N\u00c3O \u00c9 CANDIDATO! O empres\u00e1rio [&hellip;]<\/p>\n","protected":false},"author":1,"featured_media":1688,"comment_status":"open","ping_status":"open","sticky":true,"template":"","format":"standard","meta":{"footnotes":""},"categories":[3],"tags":[],"class_list":["post-1725","post","type-post","status-publish","format-standard","has-post-thumbnail","hentry","category-colunas"],"_links":{"self":[{"href":"https:\/\/marilenepaiva.com\/index.php?rest_route=\/wp\/v2\/posts\/1725","targetHints":{"allow":["GET"]}}],"collection":[{"href":"https:\/\/marilenepaiva.com\/index.php?rest_route=\/wp\/v2\/posts"}],"about":[{"href":"https:\/\/marilenepaiva.com\/index.php?rest_route=\/wp\/v2\/types\/post"}],"author":[{"embeddable":true,"href":"https:\/\/marilenepaiva.com\/index.php?rest_route=\/wp\/v2\/users\/1"}],"replies":[{"embeddable":true,"href":"https:\/\/marilenepaiva.com\/index.php?rest_route=%2Fwp%2Fv2%2Fcomments&post=1725"}],"version-history":[{"count":1,"href":"https:\/\/marilenepaiva.com\/index.php?rest_route=\/wp\/v2\/posts\/1725\/revisions"}],"predecessor-version":[{"id":1734,"href":"https:\/\/marilenepaiva.com\/index.php?rest_route=\/wp\/v2\/posts\/1725\/revisions\/1734"}],"wp:featuredmedia":[{"embeddable":true,"href":"https:\/\/marilenepaiva.com\/index.php?rest_route=\/wp\/v2\/media\/1688"}],"wp:attachment":[{"href":"https:\/\/marilenepaiva.com\/index.php?rest_route=%2Fwp%2Fv2%2Fmedia&parent=1725"}],"wp:term":[{"taxonomy":"category","embeddable":true,"href":"https:\/\/marilenepaiva.com\/index.php?rest_route=%2Fwp%2Fv2%2Fcategories&post=1725"},{"taxonomy":"post_tag","embeddable":true,"href":"https:\/\/marilenepaiva.com\/index.php?rest_route=%2Fwp%2Fv2%2Ftags&post=1725"}],"curies":[{"name":"wp","href":"https:\/\/api.w.org\/{rel}","templated":true}]}}