{"id":1735,"date":"2024-02-20T18:22:54","date_gmt":"2024-02-20T18:22:54","guid":{"rendered":"https:\/\/marilenepaiva.com\/?p=1735"},"modified":"2024-02-20T21:46:15","modified_gmt":"2024-02-20T21:46:15","slug":"gente-de-fato-21-de-fevereiro-de-2024","status":"publish","type":"post","link":"https:\/\/marilenepaiva.com\/?p=1735","title":{"rendered":"GENTE DE FATO 21 DE FEVEREIRO DE 2024"},"content":{"rendered":"\n<p class=\"has-large-font-size\"><strong>P\u00c1SCOA NA IMP\u00c9RIO DOCE<\/strong><\/p>\n\n\n\n<p class=\"has-black-color has-text-color has-link-color has-medium-font-size wp-elements-539a737d741d0b77bfae4042e5a53fb8\">A empres\u00e1ria Ana Brownie convida para o lan\u00e7amento da P\u00e1scoa em sua Imp\u00e9rio Doce F\u00e1brica. S\u00e1bado, dia 24, a partir das 15. Ser\u00e1 uma tarde recheada de del\u00edcias e divers\u00e3o. Presen\u00e7a do Tuelhinho, pintura facial e degusta\u00e7\u00f5es. Ei, Aninha. Fa\u00e7a a linha diet, please!<\/p>\n\n\n\n<div class=\"wp-block-columns is-layout-flex wp-container-core-columns-is-layout-9d6595d7 wp-block-columns-is-layout-flex\">\n<div class=\"wp-block-column is-layout-flow wp-block-column-is-layout-flow\" style=\"flex-basis:100%\"><div class=\"wp-block-image\">\n<figure class=\"aligncenter size-full is-resized\"><img decoding=\"async\" src=\"https:\/\/marilenepaiva.com\/wp-content\/uploads\/2024\/02\/22.png\" alt=\"\" class=\"wp-image-1729\" style=\"width:189px;height:auto\"\/><\/figure>\n<\/div><\/div>\n<\/div>\n\n\n\n<p class=\"has-large-font-size\"><strong>CHAMPANHE NO GELO<\/strong><\/p>\n\n\n\n<p class=\"has-black-color has-text-color has-link-color has-medium-font-size wp-elements-7f9dae2efe47fa28dfe822680b0df450\">Apagam velinhas hoje: Delva\u00ed Valdes de Murilo, Raimundo Falc\u00e3o, Franklin Alexandre de Souza, Bruno Giovani e Ma\u00edria Costa. Parab\u00e9ns!<\/p>\n\n\n\n<div class=\"wp-block-columns is-layout-flex wp-container-core-columns-is-layout-9d6595d7 wp-block-columns-is-layout-flex\">\n<div class=\"wp-block-column is-layout-flow wp-block-column-is-layout-flow\" style=\"flex-basis:100%\"><div class=\"wp-block-image\">\n<figure class=\"aligncenter size-full is-resized\"><img decoding=\"async\" src=\"https:\/\/marilenepaiva.com\/wp-content\/uploads\/2024\/02\/serraboi.png\" alt=\"\" class=\"wp-image-1728\" style=\"width:214px;height:auto\"\/><\/figure>\n<\/div><\/div>\n<\/div>\n\n\n\n<p class=\"has-large-font-size\"><strong>UM SUPER-HER\u00d3I BRASILEIRO PARA COMBATER OS VIL\u00d5ES DO COTIDIANO<\/strong><\/p>\n\n\n\n<p class=\"has-black-color has-text-color has-link-color has-medium-font-size wp-elements-8aa629e0fe090372c4786e5596f7489f\">Com direitos vendidos para uma adapta\u00e7\u00e3o cinematogr\u00e1fica, a s\u00e9rie de livros &#8220;O Cidad\u00e3o Incomum&#8221; atravessa temas como excesso de poder e desigualdades sociais no pa\u00eds.<strong> <\/strong>Caliel \u00e9 como qualquer outro jovem brasileiro de classe m\u00e9dia: solit\u00e1rio e imaturo, sonha em se sustentar do teatro enquanto faz bicos para complementar a renda. Nascido em S\u00e3o Paulo, vive em meio a desigualdades e viol\u00eancias de uma metr\u00f3pole, ao passo que tem os pr\u00f3prios problemas sobre futuro, autoestima e relacionamentos. Mas a diferen\u00e7a do personagem para um homem de 20 e poucos anos \u00e9 que ele desenvolve poderes sobrenaturais e d\u00e1 in\u00edcio \u00e0 jornada descrita na s\u00e9rie de livros&nbsp;<em><strong>O Cidad\u00e3o Incomum<\/strong><\/em>, de&nbsp;<strong>Pedro Ivo<\/strong>.<strong><\/strong><\/p>\n\n\n\n<div class=\"wp-block-columns is-layout-flex wp-container-core-columns-is-layout-9d6595d7 wp-block-columns-is-layout-flex\">\n<div class=\"wp-block-column is-layout-flow wp-block-column-is-layout-flow\" style=\"flex-basis:100%\"><div class=\"wp-block-image\">\n<figure class=\"aligncenter size-full is-resized\"><img decoding=\"async\" src=\"https:\/\/marilenepaiva.com\/wp-content\/uploads\/2024\/02\/trattoria.png\" alt=\"\" class=\"wp-image-1727\" style=\"width:194px;height:auto\"\/><\/figure>\n<\/div><\/div>\n<\/div>\n\n\n\n<p class=\"has-large-font-size\"><strong>BELZINHO DE A\u00c7UCAR<\/strong><\/p>\n\n\n\n<p class=\"has-black-color has-text-color has-link-color has-medium-font-size wp-elements-1d3826ff826362bc60eb97adab14ef9c\">Maior puxador de trio el\u00e9trico do Carnaval de Salvador (do planeta!!!) e h\u00e1 mais de 40 anos proporcionando momentos emocionantes em sua carreira musical, Bell Marques \u00e9 a atra\u00e7\u00e3o que vai comandar a festa de encerramento do Celebrar 2024, maior congresso de odontologia e medicina do RN, no dia 10 de agosto, em Mossor\u00f3. O evento \u00e9 destinado a todos os f\u00e3s do artista que n\u00e3o querem perder esse show que faz parte da agenda do artista que completa 10 anos de carreira solo em 2024. \u00c9 esperado um grande p\u00fablico com uma diversidade de gera\u00e7\u00f5es para celebrar este momento. Para garantir o acesso para assistir ao show na \u00e1rea vip ou no camarote com servi\u00e7o open bar, basta acessar&nbsp;<a href=\"https:\/\/l.instagram.com\/?u=https%3A%2F%2Foutgo.com.br%2Fbell-marques-premium&amp;e=AT3u0EfW_ymilsEBtk1FE5Ey6X11aKTMJ8t67oP1-shZmMcwgO57GT-EFt98urHJHs1hkdPQjMzX8yOO_4rP8t4llP82QMQZHPNnZV5CerLUdjcp\" target=\"_blank\" rel=\"noreferrer noopener\"><strong>outgo.com.br\/bell-marques-premium<\/strong><\/a>&nbsp;ou adquirir mais informa\u00e7\u00f5es atrav\u00e9s do&nbsp;<a href=\"http:\/\/instagram.com\/bellmarquespremium\" target=\"_blank\" rel=\"noreferrer noopener\">instagram.com\/bellmarquespremium<\/a>.<\/p>\n\n\n\n<div class=\"wp-block-columns is-layout-flex wp-container-core-columns-is-layout-9d6595d7 wp-block-columns-is-layout-flex\">\n<div class=\"wp-block-column is-layout-flow wp-block-column-is-layout-flow\" style=\"flex-basis:100%\"><div class=\"wp-block-image\">\n<figure class=\"aligncenter size-full is-resized\"><img decoding=\"async\" src=\"https:\/\/marilenepaiva.com\/wp-content\/uploads\/2024\/02\/Captura-de-tela-2024-02-19-222258.png\" alt=\"\" class=\"wp-image-1726\" style=\"width:218px;height:auto\"\/><\/figure>\n<\/div><\/div>\n<\/div>\n\n\n\n<div class=\"wp-block-columns is-layout-flex wp-container-core-columns-is-layout-9d6595d7 wp-block-columns-is-layout-flex\">\n<div class=\"wp-block-column is-layout-flow wp-block-column-is-layout-flow\" style=\"flex-basis:100%\">\n<figure class=\"wp-block-image size-full\"><img decoding=\"async\" src=\"https:\/\/marilenepaiva.com\/wp-content\/uploads\/2024\/02\/f1-delvai-valdes.jpeg\" alt=\"\" class=\"wp-image-1736\"\/><\/figure>\n<\/div>\n<\/div>\n\n\n\n<p><em>Todos os vivas para a aniversariante de hoje, Delvai Valdes de Murilo. Sa\u00fade, paz e felicidades. Tintin!<\/em><\/p>\n\n\n\n<div class=\"wp-block-columns is-layout-flex wp-container-core-columns-is-layout-9d6595d7 wp-block-columns-is-layout-flex\">\n<div class=\"wp-block-column is-layout-flow wp-block-column-is-layout-flow\" style=\"flex-basis:100%\">\n<figure class=\"wp-block-image size-large\"><img decoding=\"async\" src=\"https:\/\/marilenepaiva.com\/wp-content\/uploads\/2024\/02\/f2-ney-e-kata-768x1024.jpg\" alt=\"\" class=\"wp-image-1737\"\/><\/figure>\n<\/div>\n<\/div>\n\n\n\n<p><em>Se tem uma coisa que esse casal sabe \u00e9 CELEBRAR, meus amores Ney Robson e K\u00e1tia Maia curtindo o espetacular Galo da Madrugada em Recife. Show!<\/em><\/p>\n\n\n\n<div class=\"wp-block-columns is-layout-flex wp-container-core-columns-is-layout-9d6595d7 wp-block-columns-is-layout-flex\">\n<div class=\"wp-block-column is-layout-flow wp-block-column-is-layout-flow\" style=\"flex-basis:100%\">\n<figure class=\"wp-block-image size-full\"><img decoding=\"async\" src=\"https:\/\/marilenepaiva.com\/wp-content\/uploads\/2024\/02\/F3-PORFIRIOVERONICAVAVA-EJANDIRA.jpeg\" alt=\"\" class=\"wp-image-1738\"\/><\/figure>\n<\/div>\n<\/div>\n\n\n\n<p><em>Meus amores Porf\u00edrio Negreiros e Ver\u00f4nica bem animados ao lado do casal Vav\u00e1 e Jandira Luz, no carnaval da Serra de Martins. Super!!!<\/em><\/p>\n\n\n\n<div class=\"wp-block-columns is-layout-flex wp-container-core-columns-is-layout-9d6595d7 wp-block-columns-is-layout-flex\">\n<div class=\"wp-block-column is-layout-flow wp-block-column-is-layout-flow\" style=\"flex-basis:100%\">\n<figure class=\"wp-block-image size-large\"><img decoding=\"async\" src=\"https:\/\/marilenepaiva.com\/wp-content\/uploads\/2024\/02\/f4-virginia-e-claudio-804x1024.jpg\" alt=\"\" class=\"wp-image-1739\"\/><\/figure>\n<\/div>\n<\/div>\n\n\n\n<p><em>Essa dupla garantiu que os dias de momo na Serra de Martins fossem absolutamente tranquilos no quesito sa\u00fade. Os queridos Claudio e a enfermeira Virg\u00ednia Andrade.<\/em><\/p>\n","protected":false},"excerpt":{"rendered":"<p>P\u00c1SCOA NA IMP\u00c9RIO DOCE A empres\u00e1ria Ana Brownie convida para o lan\u00e7amento da P\u00e1scoa em sua Imp\u00e9rio Doce F\u00e1brica. S\u00e1bado, dia 24, a partir das 15. Ser\u00e1 uma tarde recheada de del\u00edcias e divers\u00e3o. Presen\u00e7a do Tuelhinho, pintura facial e degusta\u00e7\u00f5es. Ei, Aninha. Fa\u00e7a a linha diet, please! CHAMPANHE NO GELO Apagam velinhas hoje: Delva\u00ed [&hellip;]<\/p>\n","protected":false},"author":1,"featured_media":1688,"comment_status":"open","ping_status":"open","sticky":true,"template":"","format":"standard","meta":{"footnotes":""},"categories":[3],"tags":[],"class_list":["post-1735","post","type-post","status-publish","format-standard","has-post-thumbnail","hentry","category-colunas"],"_links":{"self":[{"href":"https:\/\/marilenepaiva.com\/index.php?rest_route=\/wp\/v2\/posts\/1735","targetHints":{"allow":["GET"]}}],"collection":[{"href":"https:\/\/marilenepaiva.com\/index.php?rest_route=\/wp\/v2\/posts"}],"about":[{"href":"https:\/\/marilenepaiva.com\/index.php?rest_route=\/wp\/v2\/types\/post"}],"author":[{"embeddable":true,"href":"https:\/\/marilenepaiva.com\/index.php?rest_route=\/wp\/v2\/users\/1"}],"replies":[{"embeddable":true,"href":"https:\/\/marilenepaiva.com\/index.php?rest_route=%2Fwp%2Fv2%2Fcomments&post=1735"}],"version-history":[{"count":2,"href":"https:\/\/marilenepaiva.com\/index.php?rest_route=\/wp\/v2\/posts\/1735\/revisions"}],"predecessor-version":[{"id":1741,"href":"https:\/\/marilenepaiva.com\/index.php?rest_route=\/wp\/v2\/posts\/1735\/revisions\/1741"}],"wp:featuredmedia":[{"embeddable":true,"href":"https:\/\/marilenepaiva.com\/index.php?rest_route=\/wp\/v2\/media\/1688"}],"wp:attachment":[{"href":"https:\/\/marilenepaiva.com\/index.php?rest_route=%2Fwp%2Fv2%2Fmedia&parent=1735"}],"wp:term":[{"taxonomy":"category","embeddable":true,"href":"https:\/\/marilenepaiva.com\/index.php?rest_route=%2Fwp%2Fv2%2Fcategories&post=1735"},{"taxonomy":"post_tag","embeddable":true,"href":"https:\/\/marilenepaiva.com\/index.php?rest_route=%2Fwp%2Fv2%2Ftags&post=1735"}],"curies":[{"name":"wp","href":"https:\/\/api.w.org\/{rel}","templated":true}]}}