{"id":1742,"date":"2024-02-21T17:43:29","date_gmt":"2024-02-21T17:43:29","guid":{"rendered":"https:\/\/marilenepaiva.com\/?p=1742"},"modified":"2024-02-21T17:43:29","modified_gmt":"2024-02-21T17:43:29","slug":"gente-de-fato-22-de-fevereiro-de-2024","status":"publish","type":"post","link":"https:\/\/marilenepaiva.com\/?p=1742","title":{"rendered":"GENTE DE FATO 22 DE FEVEREIRO DE 2024"},"content":{"rendered":"\n<blockquote class=\"wp-block-quote is-layout-flow wp-block-quote-is-layout-flow\">\n<p class=\"has-large-font-size\"><strong>ORPHEU<\/strong><\/p>\n\n\n\n<p class=\"has-black-color has-text-color has-link-color has-medium-font-size wp-elements-3f88e7ad2841925e155cd896cd08021e\">Deus quer, o homem sonha, a obra nasce.\u00a0<br>Deus quis que a terra fosse toda uma,\u00a0<br>Que o mar unisse, j\u00e1 n\u00e3o separasse.\u00a0<br>Sagrou-te, e foste desvendando a espuma,\u00a0<\/p>\n\n\n\n<p>Fernando Pessoa<\/p>\n<\/blockquote>\n\n\n\n<div class=\"wp-block-columns is-layout-flex wp-container-core-columns-is-layout-9d6595d7 wp-block-columns-is-layout-flex\">\n<div class=\"wp-block-column is-layout-flow wp-block-column-is-layout-flow\" style=\"flex-basis:100%\"><div class=\"wp-block-image\">\n<figure class=\"aligncenter size-full is-resized\"><img decoding=\"async\" src=\"https:\/\/marilenepaiva.com\/wp-content\/uploads\/2024\/02\/serraboi.png\" alt=\"\" class=\"wp-image-1728\" style=\"width:234px;height:auto\"\/><\/figure>\n<\/div><\/div>\n<\/div>\n\n\n\n<p class=\"has-large-font-size\"><strong>O QUE EU QUERO LER?<\/strong><\/p>\n\n\n\n<p class=\"has-black-color has-text-color has-link-color has-medium-font-size wp-elements-9898ba237a7f88d7b54fbe125d1e291d\">O mundo colorido al\u00e9m das telas. Lan\u00e7amento do livro, \u201cLarga esse celular\u201d, vietnamitas\u00a0Phuong Tam\u00a0e\u00a0Hoang Giang, convida crian\u00e7as e fam\u00edlias a se reconectarem com as pr\u00f3prias emo\u00e7\u00f5es na vida off-line Posso brincar no celular? Deixa eu assistir um v\u00eddeo? Me d\u00e1! Eu quero jogar! \u00c9 fato que o mundo est\u00e1 dominado pela tecnologia. Crian\u00e7as e adultos passam bastante tempo na frente das telas. Usado para trabalhar, estudar, entreter e comunicar-se, o celular virou item essencial e praticamente uma companhia. A publica\u00e7\u00e3o que ganha edi\u00e7\u00e3o no Brasil pelo selo\u00a0<em>Caminho Suave<\/em>,\u00a0<em>do Grupo Editorial Edipro<\/em>.<\/p>\n\n\n\n<div class=\"wp-block-columns is-layout-flex wp-container-core-columns-is-layout-9d6595d7 wp-block-columns-is-layout-flex\">\n<div class=\"wp-block-column is-layout-flow wp-block-column-is-layout-flow\" style=\"flex-basis:100%\"><div class=\"wp-block-image\">\n<figure class=\"aligncenter size-full is-resized\"><img decoding=\"async\" src=\"https:\/\/marilenepaiva.com\/wp-content\/uploads\/2024\/02\/22.png\" alt=\"\" class=\"wp-image-1729\" style=\"width:230px;height:auto\"\/><\/figure>\n<\/div><\/div>\n<\/div>\n\n\n\n<p class=\"has-large-font-size\"><strong>CHAMPANHE NO GELO<\/strong><\/p>\n\n\n\n<p class=\"has-black-color has-text-color has-link-color has-medium-font-size wp-elements-c31b9de00737b38c9c8de067087a8a4e\">Apagam velinhas hoje: Layrinho Rosado, Crispiniano Neto, Shirley Targino Jales, Pedro Bandeira, Paulo C\u00e9sar Galindo, Isabel Soares, Jos\u00e9 Maria ZzZ, Clarice Machado, Vanessa Almeida, Mard\u00f4nio Ferreira, Rumenning Azevedo, Eliana Oliveira, Thiago Sena, Arthur Mendes, &nbsp;Isabella Aires e &nbsp;Andrade J\u00fanior. Parab\u00e9ns!!!<\/p>\n\n\n\n<div class=\"wp-block-columns is-layout-flex wp-container-core-columns-is-layout-9d6595d7 wp-block-columns-is-layout-flex\">\n<div class=\"wp-block-column is-layout-flow wp-block-column-is-layout-flow\" style=\"flex-basis:100%\"><div class=\"wp-block-image\">\n<figure class=\"aligncenter size-full is-resized\"><img decoding=\"async\" src=\"https:\/\/marilenepaiva.com\/wp-content\/uploads\/2024\/02\/Captura-de-tela-2024-02-19-222258.png\" alt=\"\" class=\"wp-image-1726\" style=\"width:216px;height:auto\"\/><\/figure>\n<\/div><\/div>\n<\/div>\n\n\n\n<p class=\"has-large-font-size\"><strong>A EPIDEMIA DA INSEGURAN\u00c7A<\/strong><\/p>\n\n\n\n<p class=\"has-black-color has-text-color has-link-color has-medium-font-size wp-elements-5452946251a6fa7d8cb60887a6278e85\">&nbsp;&#8220;O artigo 144 da Constitui\u00e7\u00e3o diz que o Estado tem o dever da seguran\u00e7a p\u00fablica, mas todos n\u00f3s temos essa responsabilidade&#8221;, Andr\u00e9 Santos comparou a atual situa\u00e7\u00e3o da inseguran\u00e7a a uma passagem do cl\u00e1ssico de Gabriel Garc\u00eda M\u00e1rquez, Cem Anos de Solid\u00e3o: uma epidemia de ins\u00f4nia. &#8220;A epidemia que vivemos hoje, da inseguran\u00e7a, tira o sono da popula\u00e7\u00e3o, do trabalhador e do empres\u00e1rio&#8221;.. Seguran\u00e7a p\u00fablica n\u00e3o ser\u00e1 melhorada com fal\u00e1cias. Nosso valor \u00e9 pela defesa do Estado Democr\u00e1tico de Direito. Nossa vis\u00e3o \u00e9 ser uma entidade de classe de excel\u00eancia na representa\u00e7\u00e3o dos delegados de pol\u00edcia. Disse tudo delegado!<\/p>\n\n\n\n<div class=\"wp-block-columns is-layout-flex wp-container-core-columns-is-layout-9d6595d7 wp-block-columns-is-layout-flex\">\n<div class=\"wp-block-column is-layout-flow wp-block-column-is-layout-flow\" style=\"flex-basis:100%\"><div class=\"wp-block-image\">\n<figure class=\"aligncenter size-full is-resized\"><img decoding=\"async\" src=\"https:\/\/marilenepaiva.com\/wp-content\/uploads\/2024\/02\/trattoria.png\" alt=\"\" class=\"wp-image-1727\" style=\"width:221px;height:auto\"\/><\/figure>\n<\/div><\/div>\n<\/div>\n\n\n\n<div class=\"wp-block-columns is-layout-flex wp-container-core-columns-is-layout-9d6595d7 wp-block-columns-is-layout-flex\">\n<div class=\"wp-block-column is-layout-flow wp-block-column-is-layout-flow\" style=\"flex-basis:100%\">\n<figure class=\"wp-block-image size-large\"><img decoding=\"async\" src=\"https:\/\/marilenepaiva.com\/wp-content\/uploads\/2024\/02\/F1-ZE-MARIA-ZZZ-768x1024.jpg\" alt=\"\" class=\"wp-image-1744\"\/><\/figure>\n<\/div>\n<\/div>\n\n\n\n<p><em>Comemorando a vida em sua melhor fase, Z\u00e9 Maria ou Monalisa Fartura, que reside nos Estados Unidos esbanjando boa energia e prosperidade nos seus 47 anos. Celebra na Disney Calif\u00f3rina. Happy\u00a0 Birthday\u00a0 to you!<\/em><\/p>\n\n\n\n<div class=\"wp-block-columns is-layout-flex wp-container-core-columns-is-layout-9d6595d7 wp-block-columns-is-layout-flex\">\n<div class=\"wp-block-column is-layout-flow wp-block-column-is-layout-flow\" style=\"flex-basis:100%\">\n<figure class=\"wp-block-image size-large\"><img decoding=\"async\" src=\"https:\/\/marilenepaiva.com\/wp-content\/uploads\/2024\/02\/F2-ISABEL-E-CEICAO-741x1024.jpg\" alt=\"\" class=\"wp-image-1745\"\/><\/figure>\n<\/div>\n<\/div>\n\n\n\n<p><em>Vivas de felicidades para a m\u00e9dica psiquiatra Fernanda Isabel de Negreiros Luz Jales, esposa de Dr Rodrigo Jales e filha amada de Cei\u00e7\u00e3o Negreiros. Alegrias, sa\u00fade e paz!<\/em><\/p>\n\n\n\n<div class=\"wp-block-columns is-layout-flex wp-container-core-columns-is-layout-9d6595d7 wp-block-columns-is-layout-flex\">\n<div class=\"wp-block-column is-layout-flow wp-block-column-is-layout-flow\" style=\"flex-basis:100%\">\n<figure class=\"wp-block-image size-large\"><img decoding=\"async\" src=\"https:\/\/marilenepaiva.com\/wp-content\/uploads\/2024\/02\/F3-FATIMA-SCARPA-E-CHURCHIL-755x1024.jpg\" alt=\"\" class=\"wp-image-1746\"\/><\/figure>\n<\/div>\n<\/div>\n\n\n\n<p><em>Somos f\u00e3s de carteirinha. Sigo e aprendo com a eleg\u00e2ncia e finesse da influencer F\u00e1tima Scarpa que anfitrionou no Brasil, a bela Luce Spencer Churchil,\u00a0 vi\u00fava do neto de Winston Churchil. Tr\u00e8s chic!<\/em><\/p>\n\n\n\n<div class=\"wp-block-columns is-layout-flex wp-container-core-columns-is-layout-9d6595d7 wp-block-columns-is-layout-flex\">\n<div class=\"wp-block-column is-layout-flow wp-block-column-is-layout-flow\" style=\"flex-basis:100%\">\n<figure class=\"wp-block-image size-full\"><img decoding=\"async\" src=\"https:\/\/marilenepaiva.com\/wp-content\/uploads\/2024\/02\/F4-CRISPINIANO-NETO-2.png\" alt=\"\" class=\"wp-image-1747\"\/><\/figure>\n<\/div>\n<\/div>\n\n\n\n<p><em>O aniversariante de hoje, Crispiniano Neto \u00e9 m\u00faltiplo em si mesmo.Poeta cordelista, Bacharel em Direito, jornalista , ex- iretor Geral da Funda\u00e7\u00e3o Jos\u00e9 Augusto. Sempre no caminho da Cultura. Parab\u00e9ns, sa\u00fade e conquistas.<\/em><\/p>\n\n\n\n<div class=\"wp-block-columns is-layout-flex wp-container-core-columns-is-layout-9d6595d7 wp-block-columns-is-layout-flex\">\n<div class=\"wp-block-column is-layout-flow wp-block-column-is-layout-flow\" style=\"flex-basis:100%\">\n<figure class=\"wp-block-image size-full\"><img decoding=\"async\" src=\"https:\/\/marilenepaiva.com\/wp-content\/uploads\/2024\/02\/F5-Layrinho-Rosado.-2.jpg\" alt=\"\" class=\"wp-image-1748\"\/><\/figure>\n<\/div>\n<\/div>\n\n\n\n<p><em>Todos os vivas ao muito amado Layre Rosado Neto, ex-vereador e\u00a0 ex- Secret\u00e1rio de Desenvolvimento Econ\u00f4mico, que apaga velinhas hoje. Felicidades. Parab\u00e9ns Lairinho!<\/em><\/p>\n","protected":false},"excerpt":{"rendered":"<p>ORPHEU Deus quer, o homem sonha, a obra nasce.\u00a0Deus quis que a terra fosse toda uma,\u00a0Que o mar unisse, j\u00e1 n\u00e3o separasse.\u00a0Sagrou-te, e foste desvendando a espuma,\u00a0 Fernando Pessoa O QUE EU QUERO LER? O mundo colorido al\u00e9m das telas. Lan\u00e7amento do livro, \u201cLarga esse celular\u201d, vietnamitas\u00a0Phuong Tam\u00a0e\u00a0Hoang Giang, convida crian\u00e7as e fam\u00edlias a se [&hellip;]<\/p>\n","protected":false},"author":1,"featured_media":1688,"comment_status":"open","ping_status":"open","sticky":true,"template":"","format":"standard","meta":{"footnotes":""},"categories":[3],"tags":[],"class_list":["post-1742","post","type-post","status-publish","format-standard","has-post-thumbnail","hentry","category-colunas"],"_links":{"self":[{"href":"https:\/\/marilenepaiva.com\/index.php?rest_route=\/wp\/v2\/posts\/1742","targetHints":{"allow":["GET"]}}],"collection":[{"href":"https:\/\/marilenepaiva.com\/index.php?rest_route=\/wp\/v2\/posts"}],"about":[{"href":"https:\/\/marilenepaiva.com\/index.php?rest_route=\/wp\/v2\/types\/post"}],"author":[{"embeddable":true,"href":"https:\/\/marilenepaiva.com\/index.php?rest_route=\/wp\/v2\/users\/1"}],"replies":[{"embeddable":true,"href":"https:\/\/marilenepaiva.com\/index.php?rest_route=%2Fwp%2Fv2%2Fcomments&post=1742"}],"version-history":[{"count":2,"href":"https:\/\/marilenepaiva.com\/index.php?rest_route=\/wp\/v2\/posts\/1742\/revisions"}],"predecessor-version":[{"id":1749,"href":"https:\/\/marilenepaiva.com\/index.php?rest_route=\/wp\/v2\/posts\/1742\/revisions\/1749"}],"wp:featuredmedia":[{"embeddable":true,"href":"https:\/\/marilenepaiva.com\/index.php?rest_route=\/wp\/v2\/media\/1688"}],"wp:attachment":[{"href":"https:\/\/marilenepaiva.com\/index.php?rest_route=%2Fwp%2Fv2%2Fmedia&parent=1742"}],"wp:term":[{"taxonomy":"category","embeddable":true,"href":"https:\/\/marilenepaiva.com\/index.php?rest_route=%2Fwp%2Fv2%2Fcategories&post=1742"},{"taxonomy":"post_tag","embeddable":true,"href":"https:\/\/marilenepaiva.com\/index.php?rest_route=%2Fwp%2Fv2%2Ftags&post=1742"}],"curies":[{"name":"wp","href":"https:\/\/api.w.org\/{rel}","templated":true}]}}