{"id":1750,"date":"2024-02-22T17:22:19","date_gmt":"2024-02-22T17:22:19","guid":{"rendered":"https:\/\/marilenepaiva.com\/?p=1750"},"modified":"2024-02-22T17:22:19","modified_gmt":"2024-02-22T17:22:19","slug":"gente-de-fato-23-de-fevereiro-de-2024","status":"publish","type":"post","link":"https:\/\/marilenepaiva.com\/?p=1750","title":{"rendered":"GENTE DE FATO 23 DE FEVEREIRO DE 2024"},"content":{"rendered":"\n<p class=\"has-large-font-size\"><strong>ESQUENTA CELEBRAR<\/strong><\/p>\n\n\n\n<p class=\"has-black-color has-text-color has-link-color has-medium-font-size wp-elements-edb6b7b754ace04c737ec00dafeb6e2b\">Hoje \u00e9 dia de esquenta para o Congresso Celebrar 2024, que vai reunir o creme de la creme do universo m\u00e9dico e odontol\u00f3gico. A partir das 18h, no IOC, Instituto Oral Cl\u00ednica, a partir das 18h, com Lucena e Alex do Acordeom. Ney Robson e K\u00e1tia Maia, chego pro abra\u00e7o.<\/p>\n\n\n\n<div class=\"wp-block-columns is-layout-flex wp-container-core-columns-is-layout-9d6595d7 wp-block-columns-is-layout-flex\">\n<div class=\"wp-block-column is-layout-flow wp-block-column-is-layout-flow\" style=\"flex-basis:100%\"><div class=\"wp-block-image\">\n<figure class=\"aligncenter size-full is-resized\"><img decoding=\"async\" src=\"https:\/\/marilenepaiva.com\/wp-content\/uploads\/2024\/02\/trattoria.png\" alt=\"\" class=\"wp-image-1727\" style=\"width:226px;height:auto\"\/><\/figure>\n<\/div><\/div>\n<\/div>\n\n\n\n<p class=\"has-large-font-size\"><strong>CHAMPANHE NO GELO<\/strong><\/p>\n\n\n\n<p class=\"has-black-color has-text-color has-link-color has-medium-font-size wp-elements-7b7212b46240bbe65c290e4a6c23c53f\">Celebram idade nova hoje: V\u00e2nia Leite, Ingryd Leite de Medeiros Lacerda, Ana Luzia Gurgel Dantas, Jos\u00e9 Franklin Oliveira J\u00fanior, Nizia Rayane, Arlene Souza, Ana Lar\u00edcia, Lalinha Ernesto de Morais e Priscila Targino. Parab\u00e9ns!<\/p>\n\n\n\n<div class=\"wp-block-columns is-layout-flex wp-container-core-columns-is-layout-9d6595d7 wp-block-columns-is-layout-flex\">\n<div class=\"wp-block-column is-layout-flow wp-block-column-is-layout-flow\" style=\"flex-basis:100%\"><div class=\"wp-block-image\">\n<figure class=\"aligncenter size-full is-resized\"><img decoding=\"async\" src=\"https:\/\/marilenepaiva.com\/wp-content\/uploads\/2024\/02\/Captura-de-tela-2024-02-19-222258.png\" alt=\"\" class=\"wp-image-1726\" style=\"width:226px;height:auto\"\/><\/figure>\n<\/div><\/div>\n<\/div>\n\n\n\n<p class=\"has-large-font-size\"><strong>O PODER DAS ESCOLHAS POSITIVAS<\/strong><\/p>\n\n\n\n<p class=\"has-black-color has-text-color has-link-color has-medium-font-size wp-elements-be2091371cbcba2e372964f09ab7a224\">Livrar-se de pensamentos intrusivos, sentimentos pessimistas e cren\u00e7as negativas \u00e9 um desafio e tanto para muitos. Procurar maneiras de driblar esses obst\u00e1culos \u2013 e realmente lutar contra eles \u2013 pode significar se desviar do que j\u00e1 foi estabelecido como rotina e ser, portanto, desconfort\u00e1vel. No entanto, estes pensamentos de medo e de sentir-se com as m\u00e3os atadas poder\u00e3o atrair ciclicamente as mesmas circunst\u00e2ncias. A vida \u00e9 como um algoritmo de redes sociais: quanto mais voc\u00ea demonstra gostar de um sentimento, mais dele voc\u00ea enxergar\u00e1 nas situa\u00e7\u00f5es que se apresentarem a voc\u00ea.<em> *Por Nuno Paiva<\/em><\/p>\n\n\n\n<div class=\"wp-block-columns is-layout-flex wp-container-core-columns-is-layout-9d6595d7 wp-block-columns-is-layout-flex\">\n<div class=\"wp-block-column is-layout-flow wp-block-column-is-layout-flow\" style=\"flex-basis:100%\"><div class=\"wp-block-image\">\n<figure class=\"aligncenter size-full is-resized\"><img decoding=\"async\" src=\"https:\/\/marilenepaiva.com\/wp-content\/uploads\/2024\/02\/22.png\" alt=\"\" class=\"wp-image-1729\" style=\"width:248px;height:auto\"\/><\/figure>\n<\/div><\/div>\n<\/div>\n\n\n\n<p class=\"has-large-font-size\"><strong>TATU E MARTELO<\/strong><\/p>\n\n\n\n<p class=\"has-black-color has-text-color has-link-color has-medium-font-size wp-elements-deee03c1c81adabeb2e714edabb41d6d\">Nem sal, nem petr\u00f3leo, nem mel\u00e3o e nem mesmo o Virgulino Lampi\u00e3o, colocou Mossor\u00f3 na grande m\u00eddia por tanto tempo. Abre e encerra os principais telejornais brasileiros, a fuga imposs\u00edvel e at\u00e9 agora inexplic\u00e1vel, dos presos Tatu e Martelo do Pres\u00eddio Federal. C\u00e3es farejadores(lind\u00edssimos), drones com infravermelho, intelig\u00eancia cearense, c\u00e2mara corporal, helic\u00f3pteros, for\u00e7a nacional&#8230; Eita. 600 homens mobilizados! V\u00e1 preparando a pipoca que vai rolar um filme dessa ca\u00e7ada.<\/p>\n\n\n\n<div class=\"wp-block-columns is-layout-flex wp-container-core-columns-is-layout-9d6595d7 wp-block-columns-is-layout-flex\">\n<div class=\"wp-block-column is-layout-flow wp-block-column-is-layout-flow\" style=\"flex-basis:100%\"><div class=\"wp-block-image\">\n<figure class=\"aligncenter size-full is-resized\"><img decoding=\"async\" src=\"https:\/\/marilenepaiva.com\/wp-content\/uploads\/2024\/02\/serraboi.png\" alt=\"\" class=\"wp-image-1728\" style=\"width:260px;height:auto\"\/><\/figure>\n<\/div><\/div>\n<\/div>\n\n\n\n<div class=\"wp-block-columns is-layout-flex wp-container-core-columns-is-layout-9d6595d7 wp-block-columns-is-layout-flex\">\n<div class=\"wp-block-column is-layout-flow wp-block-column-is-layout-flow\" style=\"flex-basis:100%\">\n<figure class=\"wp-block-image size-large\"><img decoding=\"async\" src=\"https:\/\/marilenepaiva.com\/wp-content\/uploads\/2024\/02\/F1-JOAO-PINTO-E-ROSANA-722x1024.jpeg\" alt=\"\" class=\"wp-image-1751\"\/><\/figure>\n<\/div>\n<\/div>\n\n\n\n<p><em>O anestesiologista, m\u00e9dico Jo\u00e3o Pinto apaga 6.9 velinhas. Celebra\u00e7\u00e3o em dose dupla, hoje tamb\u00e9m comemora 35 anos de uni\u00e3o matrimonial com a sua bela Rosana. Tintin meus amores. Deus os aben\u00e7oe infinitamente.<\/em><\/p>\n\n\n\n<div class=\"wp-block-columns is-layout-flex wp-container-core-columns-is-layout-9d6595d7 wp-block-columns-is-layout-flex\">\n<div class=\"wp-block-column is-layout-flow wp-block-column-is-layout-flow\" style=\"flex-basis:100%\">\n<figure class=\"wp-block-image size-large\"><img decoding=\"async\" src=\"https:\/\/marilenepaiva.com\/wp-content\/uploads\/2024\/02\/f2-vania-e-raiza-822x1024.jpeg\" alt=\"\" class=\"wp-image-1752\"\/><\/figure>\n<\/div>\n<\/div>\n\n\n\n<p><em>V\u00e2nia eu te quero tanto bem que n\u00e3o cabe numa legenda. Daqui para Natal, receba o meu abra\u00e7o de amiga. Uma amizade de d\u00e9cadas. \u00a0Feliz anivers\u00e1rio para a loira linda m\u00e3ezona de Paulo, Cesar Ferr\u00e1rio, Aulo e Ra\u00edza Leite! Desejo vida, longa vida&#8230;<\/em><\/p>\n\n\n\n<div class=\"wp-block-columns is-layout-flex wp-container-core-columns-is-layout-9d6595d7 wp-block-columns-is-layout-flex\">\n<div class=\"wp-block-column is-layout-flow wp-block-column-is-layout-flow\" style=\"flex-basis:100%\">\n<figure class=\"wp-block-image size-large\"><img decoding=\"async\" src=\"https:\/\/marilenepaiva.com\/wp-content\/uploads\/2024\/02\/F3-ANA-LUZIA-570x1024.jpg\" alt=\"\" class=\"wp-image-1753\"\/><\/figure>\n<\/div>\n<\/div>\n\n\n\n<p><em>A musa do advogado Lindocastro Nogueira, Ana Luzia Gurgel celebra idade nova hoje. A festa? \u00a0Claro que vai rolar, dia 29, no Cristais do Alto. Confirmo presen\u00e7a. Parab\u00e9ns e muitas felicidades!<\/em><\/p>\n\n\n\n<div class=\"wp-block-columns is-layout-flex wp-container-core-columns-is-layout-9d6595d7 wp-block-columns-is-layout-flex\">\n<div class=\"wp-block-column is-layout-flow wp-block-column-is-layout-flow\" style=\"flex-basis:100%\">\n<figure class=\"wp-block-image size-large\"><img decoding=\"async\" src=\"https:\/\/marilenepaiva.com\/wp-content\/uploads\/2024\/02\/F4-DENILSON-1-679x1024.jpg\" alt=\"\" class=\"wp-image-1754\"\/><\/figure>\n<\/div>\n<\/div>\n\n\n\n<p><em>Mais uma gradua\u00e7\u00e3o. Que maravilha! Parab\u00e9ns para o amigo Denilson Santana que recebeu o Grau em Psicologia! J\u00e1 quero agendar nossas terapias! Salve, salve!<\/em><\/p>\n","protected":false},"excerpt":{"rendered":"<p>ESQUENTA CELEBRAR Hoje \u00e9 dia de esquenta para o Congresso Celebrar 2024, que vai reunir o creme de la creme do universo m\u00e9dico e odontol\u00f3gico. A partir das 18h, no IOC, Instituto Oral Cl\u00ednica, a partir das 18h, com Lucena e Alex do Acordeom. Ney Robson e K\u00e1tia Maia, chego pro abra\u00e7o. CHAMPANHE NO GELO [&hellip;]<\/p>\n","protected":false},"author":1,"featured_media":1688,"comment_status":"open","ping_status":"open","sticky":true,"template":"","format":"standard","meta":{"footnotes":""},"categories":[3],"tags":[],"class_list":["post-1750","post","type-post","status-publish","format-standard","has-post-thumbnail","hentry","category-colunas"],"_links":{"self":[{"href":"https:\/\/marilenepaiva.com\/index.php?rest_route=\/wp\/v2\/posts\/1750","targetHints":{"allow":["GET"]}}],"collection":[{"href":"https:\/\/marilenepaiva.com\/index.php?rest_route=\/wp\/v2\/posts"}],"about":[{"href":"https:\/\/marilenepaiva.com\/index.php?rest_route=\/wp\/v2\/types\/post"}],"author":[{"embeddable":true,"href":"https:\/\/marilenepaiva.com\/index.php?rest_route=\/wp\/v2\/users\/1"}],"replies":[{"embeddable":true,"href":"https:\/\/marilenepaiva.com\/index.php?rest_route=%2Fwp%2Fv2%2Fcomments&post=1750"}],"version-history":[{"count":1,"href":"https:\/\/marilenepaiva.com\/index.php?rest_route=\/wp\/v2\/posts\/1750\/revisions"}],"predecessor-version":[{"id":1755,"href":"https:\/\/marilenepaiva.com\/index.php?rest_route=\/wp\/v2\/posts\/1750\/revisions\/1755"}],"wp:featuredmedia":[{"embeddable":true,"href":"https:\/\/marilenepaiva.com\/index.php?rest_route=\/wp\/v2\/media\/1688"}],"wp:attachment":[{"href":"https:\/\/marilenepaiva.com\/index.php?rest_route=%2Fwp%2Fv2%2Fmedia&parent=1750"}],"wp:term":[{"taxonomy":"category","embeddable":true,"href":"https:\/\/marilenepaiva.com\/index.php?rest_route=%2Fwp%2Fv2%2Fcategories&post=1750"},{"taxonomy":"post_tag","embeddable":true,"href":"https:\/\/marilenepaiva.com\/index.php?rest_route=%2Fwp%2Fv2%2Ftags&post=1750"}],"curies":[{"name":"wp","href":"https:\/\/api.w.org\/{rel}","templated":true}]}}