{"id":1756,"date":"2024-02-23T19:25:28","date_gmt":"2024-02-23T19:25:28","guid":{"rendered":"https:\/\/marilenepaiva.com\/?p=1756"},"modified":"2024-02-23T19:25:28","modified_gmt":"2024-02-23T19:25:28","slug":"gente-de-fato-24-de-fevereiro-de-2024","status":"publish","type":"post","link":"https:\/\/marilenepaiva.com\/?p=1756","title":{"rendered":"GENTE DE FATO 24 DE FEVEREIRO DE 2024"},"content":{"rendered":"\n<p class=\"has-large-font-size\"><strong>CHAMPANHE NO GELO<\/strong><\/p>\n\n\n\n<p class=\"has-black-color has-text-color has-link-color has-medium-font-size wp-elements-deec4598f28d31f9aab611d9caf1e862\">Apagam velinhas hoje: Stella Cristina Silveira Ara\u00fajo, Samara Silveira, Expedito Ferreira de Souza, Maria Vanda Lima, Aldeg\u00edcio Diniz, Odete Soares de Queiroz, Gilmara Elke Dutra Dias e Sandra Silva. &nbsp;E amanh\u00e3, dia 25, festejam idade nova:&nbsp; Patr\u00edcia Ramos, Albimar Furtado, Mario Persona, S\u00e2mela Maia. Na segunda, dia 26, antecipamos os votos para: Silvana Esc\u00f3ssia, Wagner Fausto Rosado, Watson Dias, Candida, Arag\u00e3o, J\u00e9ssica Lopes, Amanda Melo, Bruno Amorim, Tiago Luz, Lully Bezerra, Bruna Arantes, Gustavo Solano, Sarah Raquel, Francisco Rog\u00e9rio Frutuoso e Mickael Silva. Felicidades. Parab\u00e9ns!<\/p>\n\n\n\n<div class=\"wp-block-columns is-layout-flex wp-container-core-columns-is-layout-9d6595d7 wp-block-columns-is-layout-flex\">\n<div class=\"wp-block-column is-layout-flow wp-block-column-is-layout-flow\" style=\"flex-basis:100%\"><div class=\"wp-block-image\">\n<figure class=\"aligncenter size-full is-resized\"><img decoding=\"async\" src=\"https:\/\/marilenepaiva.com\/wp-content\/uploads\/2024\/02\/Captura-de-tela-2024-02-19-222258.png\" alt=\"\" class=\"wp-image-1726\" style=\"width:264px;height:auto\"\/><\/figure>\n<\/div><\/div>\n<\/div>\n\n\n\n<p class=\"has-large-font-size\"><strong>DEUS ET P\u00c1TRIA<\/strong><\/p>\n\n\n\n<p class=\"has-black-color has-text-color has-link-color has-medium-font-size wp-elements-d40b0434738196a049b17e5939bae16f\">Dia 2 de mar\u00e7o, o tradicional e muito querido Col\u00e9gio Diocesano Santa Luzia completar\u00e1 123 anos educando gera\u00e7\u00f5es. Do padre Charles Lamartine chega-nos convite para a missa celebrativa, \u00e0s 08h, no Carec\u00e3o, e, em seguida, entrevista para a imprensa com o Bispo Diocesando Dom Francisco. Confirmo, com todo o amor, PRESEN\u00c7A!<\/p>\n\n\n\n<div class=\"wp-block-columns is-layout-flex wp-container-core-columns-is-layout-9d6595d7 wp-block-columns-is-layout-flex\">\n<div class=\"wp-block-column is-layout-flow wp-block-column-is-layout-flow\" style=\"flex-basis:100%\"><div class=\"wp-block-image\">\n<figure class=\"aligncenter size-full is-resized\"><img decoding=\"async\" src=\"https:\/\/marilenepaiva.com\/wp-content\/uploads\/2024\/02\/trattoria.png\" alt=\"\" class=\"wp-image-1727\" style=\"width:276px;height:auto\"\/><\/figure>\n<\/div><\/div>\n<\/div>\n\n\n\n<p class=\"has-large-font-size\"><strong>LAO TSE<\/strong><\/p>\n\n\n\n<p class=\"has-black-color has-text-color has-link-color has-medium-font-size wp-elements-c86a7ef04ab30f0d30fee5b24f4b93dc\">\u201cPara ganhar conhecimento, adicione coisas todos os dias. Para ganhar sabedoria, elimine coisas todos os dias.\u201d&nbsp;<\/p>\n\n\n\n<div class=\"wp-block-columns is-layout-flex wp-container-core-columns-is-layout-9d6595d7 wp-block-columns-is-layout-flex\">\n<div class=\"wp-block-column is-layout-flow wp-block-column-is-layout-flow\" style=\"flex-basis:100%\"><div class=\"wp-block-image\">\n<figure class=\"aligncenter size-full is-resized\"><img decoding=\"async\" src=\"https:\/\/marilenepaiva.com\/wp-content\/uploads\/2024\/02\/serraboi.png\" alt=\"\" class=\"wp-image-1728\" style=\"width:262px;height:auto\"\/><\/figure>\n<\/div><\/div>\n<\/div>\n\n\n\n<p class=\"has-large-font-size\"><strong>TIME PRESEN\u00c7A <\/strong><\/p>\n\n\n\n<p class=\"has-black-color has-text-color has-link-color has-medium-font-size wp-elements-d06beabe07cc35f55e89a1460a76bdb1\">Somos uma equipe multidisciplinar e colaborativa. Apaixonados uns pelos outros. Nosso time \u00e9 formado por colaboradores que formam opini\u00e3o e ocupam cargos de lideran\u00e7a na sociedade potiguar.\u00a0 A Revista PRESEN\u00c7A encontra-se na gr\u00e1fica, no forno, como a gente gosta de falar. Fevereiro fechando com chave de ouro. Obrigada Deus Pai Todo Poderoso. Toda Honra e Toda Gl\u00f3ria<\/p>\n\n\n\n<div class=\"wp-block-columns is-layout-flex wp-container-core-columns-is-layout-9d6595d7 wp-block-columns-is-layout-flex\">\n<div class=\"wp-block-column is-layout-flow wp-block-column-is-layout-flow\" style=\"flex-basis:100%\"><div class=\"wp-block-image\">\n<figure class=\"aligncenter size-full is-resized\"><img decoding=\"async\" src=\"https:\/\/marilenepaiva.com\/wp-content\/uploads\/2024\/02\/22.png\" alt=\"\" class=\"wp-image-1729\" style=\"width:288px;height:auto\"\/><\/figure>\n<\/div><\/div>\n<\/div>\n\n\n\n<div class=\"wp-block-columns is-layout-flex wp-container-core-columns-is-layout-9d6595d7 wp-block-columns-is-layout-flex\">\n<div class=\"wp-block-column is-layout-flow wp-block-column-is-layout-flow\" style=\"flex-basis:100%\">\n<figure class=\"wp-block-image size-large\"><img decoding=\"async\" src=\"https:\/\/marilenepaiva.com\/wp-content\/uploads\/2024\/02\/F1-SILVANA-2-1024x768.jpg\" alt=\"\" class=\"wp-image-1757\"\/><\/figure>\n<\/div>\n<\/div>\n\n\n\n<p><em>Antecipamos os votos de feliz anivers\u00e1rio para a Arquiteta Silvana Esc\u00f3ssia, musa do m\u00e9dico Marcos Pedrosa. Silvana celebra idade nova, segunda, dia 26. No clique, com a filha ca\u00e7ula, fisioterapeuta, acad\u00eamica de Medicina, Gaby Esc\u00f3ssia.<\/em><\/p>\n\n\n\n<div class=\"wp-block-columns is-layout-flex wp-container-core-columns-is-layout-9d6595d7 wp-block-columns-is-layout-flex\">\n<div class=\"wp-block-column is-layout-flow wp-block-column-is-layout-flow\" style=\"flex-basis:100%\">\n<figure class=\"wp-block-image size-large\"><img decoding=\"async\" src=\"https:\/\/marilenepaiva.com\/wp-content\/uploads\/2024\/02\/F2-SILVIO-E-CLEIDE-768x1024.jpg\" alt=\"\" class=\"wp-image-1758\"\/><\/figure>\n<\/div>\n<\/div>\n\n\n\n<p><em>Direto da Veneza Brasileira, Recife, no Camarote Seu Ant\u00f4nio, os amados Silvio Roberto e Cleide. Vivas ao Galo da Madrugada, vivas!<\/em><\/p>\n\n\n\n<div class=\"wp-block-columns is-layout-flex wp-container-core-columns-is-layout-9d6595d7 wp-block-columns-is-layout-flex\">\n<div class=\"wp-block-column is-layout-flow wp-block-column-is-layout-flow\" style=\"flex-basis:100%\">\n<figure class=\"wp-block-image size-large\"><img decoding=\"async\" src=\"https:\/\/marilenepaiva.com\/wp-content\/uploads\/2024\/02\/F3-NAVILA-TIANO-DIEGO-E-1-1-975x1024.jpg\" alt=\"\" class=\"wp-image-1759\"\/><\/figure>\n<\/div>\n<\/div>\n\n\n\n<p><em>Eles s\u00e3o vizinhos, compadres e comadres. Amigos queridos. Casais N\u00e1vila e Thiano Vasconcelos com Diego Dantas e Priscila Grace, que ganhou sess\u00e3o bolo confeitado na semana.<\/em><\/p>\n\n\n\n<div class=\"wp-block-columns is-layout-flex wp-container-core-columns-is-layout-9d6595d7 wp-block-columns-is-layout-flex\">\n<div class=\"wp-block-column is-layout-flow wp-block-column-is-layout-flow\" style=\"flex-basis:100%\">\n<figure class=\"wp-block-image size-large\"><img decoding=\"async\" src=\"https:\/\/marilenepaiva.com\/wp-content\/uploads\/2024\/02\/F4-SABIA-DA-COSTA-1-1024x1005.jpg\" alt=\"\" class=\"wp-image-1760\"\/><\/figure>\n<\/div>\n<\/div>\n\n\n\n<p><em>O renomado percussionista Sabi\u00e1 da Costa, cidad\u00e3o do mundo, apaga velinhas hoje. Daqui para Berlim, seguem os votos de sa\u00fade, paz e alegrias.<\/em><\/p>\n\n\n\n<div class=\"wp-block-columns is-layout-flex wp-container-core-columns-is-layout-9d6595d7 wp-block-columns-is-layout-flex\">\n<div class=\"wp-block-column is-layout-flow wp-block-column-is-layout-flow\" style=\"flex-basis:100%\">\n<figure class=\"wp-block-image size-full\"><img decoding=\"async\" src=\"https:\/\/marilenepaiva.com\/wp-content\/uploads\/2024\/02\/F5-EXPEDITO-FERREIRA-DE-SOUZA-1-1.jpg\" alt=\"\" class=\"wp-image-1761\"\/><\/figure>\n<\/div>\n<\/div>\n\n\n\n<p><em>Todos os vivas ao aniversariante muito amado de hoje: Desembargador Expedito Ferreira de Souza, Presidente do Tribunal de Justi\u00e7a do Rio Grande do Norte. Tintin, gente boa!!!<\/em><\/p>\n","protected":false},"excerpt":{"rendered":"<p>CHAMPANHE NO GELO Apagam velinhas hoje: Stella Cristina Silveira Ara\u00fajo, Samara Silveira, Expedito Ferreira de Souza, Maria Vanda Lima, Aldeg\u00edcio Diniz, Odete Soares de Queiroz, Gilmara Elke Dutra Dias e Sandra Silva. &nbsp;E amanh\u00e3, dia 25, festejam idade nova:&nbsp; Patr\u00edcia Ramos, Albimar Furtado, Mario Persona, S\u00e2mela Maia. Na segunda, dia 26, antecipamos os votos para: [&hellip;]<\/p>\n","protected":false},"author":1,"featured_media":1688,"comment_status":"open","ping_status":"open","sticky":true,"template":"","format":"standard","meta":{"footnotes":""},"categories":[3],"tags":[],"class_list":["post-1756","post","type-post","status-publish","format-standard","has-post-thumbnail","hentry","category-colunas"],"_links":{"self":[{"href":"https:\/\/marilenepaiva.com\/index.php?rest_route=\/wp\/v2\/posts\/1756","targetHints":{"allow":["GET"]}}],"collection":[{"href":"https:\/\/marilenepaiva.com\/index.php?rest_route=\/wp\/v2\/posts"}],"about":[{"href":"https:\/\/marilenepaiva.com\/index.php?rest_route=\/wp\/v2\/types\/post"}],"author":[{"embeddable":true,"href":"https:\/\/marilenepaiva.com\/index.php?rest_route=\/wp\/v2\/users\/1"}],"replies":[{"embeddable":true,"href":"https:\/\/marilenepaiva.com\/index.php?rest_route=%2Fwp%2Fv2%2Fcomments&post=1756"}],"version-history":[{"count":1,"href":"https:\/\/marilenepaiva.com\/index.php?rest_route=\/wp\/v2\/posts\/1756\/revisions"}],"predecessor-version":[{"id":1762,"href":"https:\/\/marilenepaiva.com\/index.php?rest_route=\/wp\/v2\/posts\/1756\/revisions\/1762"}],"wp:featuredmedia":[{"embeddable":true,"href":"https:\/\/marilenepaiva.com\/index.php?rest_route=\/wp\/v2\/media\/1688"}],"wp:attachment":[{"href":"https:\/\/marilenepaiva.com\/index.php?rest_route=%2Fwp%2Fv2%2Fmedia&parent=1756"}],"wp:term":[{"taxonomy":"category","embeddable":true,"href":"https:\/\/marilenepaiva.com\/index.php?rest_route=%2Fwp%2Fv2%2Fcategories&post=1756"},{"taxonomy":"post_tag","embeddable":true,"href":"https:\/\/marilenepaiva.com\/index.php?rest_route=%2Fwp%2Fv2%2Ftags&post=1756"}],"curies":[{"name":"wp","href":"https:\/\/api.w.org\/{rel}","templated":true}]}}