{"id":1764,"date":"2024-02-26T19:36:02","date_gmt":"2024-02-26T19:36:02","guid":{"rendered":"https:\/\/marilenepaiva.com\/?p=1764"},"modified":"2024-02-26T19:36:03","modified_gmt":"2024-02-26T19:36:03","slug":"gente-de-fato-27-de-fevereiro-de-2024","status":"publish","type":"post","link":"https:\/\/marilenepaiva.com\/?p=1764","title":{"rendered":"GENTE DE FATO 27 DE FEVEREIRO DE 2024"},"content":{"rendered":"\n<p class=\"has-large-font-size\"><strong>CHAMPANHE NO GELO<\/strong><\/p>\n\n\n\n<p class=\"has-black-color has-text-color has-link-color has-medium-font-size wp-elements-653d06b3b7350cf587a910d0355a675a\">Parab\u00e9ns ser\u00e3o cantados hoje para Lorna Frota Rosado, Felisbela Freitas de Oliveira, Antonio Monte Lucena, M\u00f4nica Paiva Melo, Kelly Freitas, \u00cdtalo Caldas, Lydianny Silveira, Jos\u00e9 Armando Ponte Dias J\u00fanior, Carlos Alberto Lima Filgueira, Walter Pereira Alves e Marcos Ant\u00f4nio Ferreira J\u00fanior. Parab\u00e9ns!!!<\/p>\n\n\n\n<div class=\"wp-block-columns is-layout-flex wp-container-core-columns-is-layout-9d6595d7 wp-block-columns-is-layout-flex\">\n<div class=\"wp-block-column is-layout-flow wp-block-column-is-layout-flow\" style=\"flex-basis:100%\"><div class=\"wp-block-image\">\n<figure class=\"aligncenter size-full is-resized\"><img decoding=\"async\" src=\"https:\/\/marilenepaiva.com\/wp-content\/uploads\/2024\/02\/trattoria.png\" alt=\"\" class=\"wp-image-1727\" style=\"width:188px;height:auto\"\/><\/figure>\n<\/div><\/div>\n<\/div>\n\n\n\n<p class=\"has-large-font-size\"><strong>SE LIGA<\/strong><\/p>\n\n\n\n<p class=\"has-black-color has-text-color has-link-color has-medium-font-size wp-elements-dac0db46fb3b43cab22fe0f5591b9023\">\u201cEngajar-se no voluntariado \u00e9 ser socialmente produtivo\u201d.<\/p>\n\n\n\n<div class=\"wp-block-columns is-layout-flex wp-container-core-columns-is-layout-9d6595d7 wp-block-columns-is-layout-flex\">\n<div class=\"wp-block-column is-layout-flow wp-block-column-is-layout-flow\" style=\"flex-basis:100%\"><div class=\"wp-block-image\">\n<figure class=\"aligncenter size-full is-resized\"><img decoding=\"async\" src=\"https:\/\/marilenepaiva.com\/wp-content\/uploads\/2024\/02\/serraboi.png\" alt=\"\" class=\"wp-image-1728\" style=\"width:192px;height:auto\"\/><\/figure>\n<\/div><\/div>\n<\/div>\n\n\n\n<p class=\"has-large-font-size\"><strong>HEI, SISTER!<\/strong><\/p>\n\n\n\n<p class=\"has-black-color has-text-color has-link-color has-medium-font-size wp-elements-134b8a3a4da78e37c48f35b76f071d48\">Eu sou uma apaixonada pelo Sport Club do Recife. Ponto. N\u00e3o tenho torcida organizada (ou fac\u00e7\u00e3o criminosa) de estima\u00e7\u00e3o. O que aconteceu com o time do Fortaleza foi um ato criminoso. Uma viol\u00eancia absurda. Total rep\u00fadio. Mas n\u00e3o deixarei de ser rubro-negra pernambucana. Que os bandidos sejam punidos.<\/p>\n\n\n\n<div class=\"wp-block-columns is-layout-flex wp-container-core-columns-is-layout-9d6595d7 wp-block-columns-is-layout-flex\">\n<div class=\"wp-block-column is-layout-flow wp-block-column-is-layout-flow\" style=\"flex-basis:100%\"><div class=\"wp-block-image\">\n<figure class=\"aligncenter size-full is-resized\"><img decoding=\"async\" src=\"https:\/\/marilenepaiva.com\/wp-content\/uploads\/2024\/02\/22.png\" alt=\"\" class=\"wp-image-1729\" style=\"width:224px;height:auto\"\/><\/figure>\n<\/div><\/div>\n<\/div>\n\n\n\n<p class=\"has-large-font-size\"><strong>CAMPANHA DA FRATERNIDADE 2024<\/strong><\/p>\n\n\n\n<p class=\"has-black-color has-text-color has-link-color has-medium-font-size wp-elements-721871d6c1c737f0b0236d4bf4a73ac6\">A Confer\u00eancia Nacional dos Bispos do Brasil (CNBB) lan\u00e7ou a ora\u00e7\u00e3o da Campanha da Fraternidade 2024.&nbsp;<strong>Inspirada na Enc\u00edclica do Papa Francisco, Fratelli Tutti, a Campanha da Fraternidade (CF) de 2024 tem como tema: \u201cFraternidade e Amizade Social\u201d e o lema: \u201cV\u00f3s sois todos irm\u00e3os e irm\u00e3s\u201d (Mt. 23, 8)<\/strong>.<\/p>\n\n\n\n<div class=\"wp-block-columns is-layout-flex wp-container-core-columns-is-layout-9d6595d7 wp-block-columns-is-layout-flex\">\n<div class=\"wp-block-column is-layout-flow wp-block-column-is-layout-flow\" style=\"flex-basis:100%\"><div class=\"wp-block-image\">\n<figure class=\"aligncenter size-full is-resized\"><img decoding=\"async\" src=\"https:\/\/marilenepaiva.com\/wp-content\/uploads\/2024\/02\/Captura-de-tela-2024-02-19-222258.png\" alt=\"\" class=\"wp-image-1726\" style=\"width:230px;height:auto\"\/><\/figure>\n<\/div><\/div>\n<\/div>\n\n\n\n<p class=\"has-large-font-size\"><strong>CHOVE CHUVA<\/strong><\/p>\n\n\n\n<p class=\"has-black-color has-text-color has-link-color has-medium-font-size wp-elements-f653d4b14ce820563d990a8b7e582619\">Nordestino raiz faz da chuva um belo motivo de alegria e esperan\u00e7a. E ela, a chuva, caiu maravilhosamente bem em quase todo o Nordeste. durante estes dias. Gratid\u00e3o!<\/p>\n\n\n\n<div class=\"wp-block-columns is-layout-flex wp-container-core-columns-is-layout-9d6595d7 wp-block-columns-is-layout-flex\">\n<div class=\"wp-block-column is-layout-flow wp-block-column-is-layout-flow\" style=\"flex-basis:100%\">\n<figure class=\"wp-block-image size-large\"><img decoding=\"async\" src=\"https:\/\/marilenepaiva.com\/wp-content\/uploads\/2024\/02\/f1-lorna-e-joao-1024x976.jpeg\" alt=\"\" class=\"wp-image-1765\"\/><\/figure>\n<\/div>\n<\/div>\n\n\n\n<p><em>Todos os vivas a aniversariante linda de hoje: fisioterapeuta Lorna Frota Rosado. No clique, com o marido m\u00e9dico Jo\u00e3o Marcelo Fernandes e a filha amada Marcela. Felicidades!<\/em><\/p>\n\n\n\n<div class=\"wp-block-columns is-layout-flex wp-container-core-columns-is-layout-9d6595d7 wp-block-columns-is-layout-flex\">\n<div class=\"wp-block-column is-layout-flow wp-block-column-is-layout-flow\" style=\"flex-basis:100%\">\n<figure class=\"wp-block-image size-large\"><img decoding=\"async\" src=\"https:\/\/marilenepaiva.com\/wp-content\/uploads\/2024\/02\/f2-dulce-e-barreto-1024x988.jpeg\" alt=\"\" class=\"wp-image-1766\"\/><\/figure>\n<\/div>\n<\/div>\n\n\n\n<p><em>O casal Barreto e Dulce celebrou 50 anos de uni\u00e3o matrimonial com os filhos Barreto Jr e Isauro. Gustavo (in memoriam). Vivas! Foto Eduardo Kennedy<\/em><\/p>\n\n\n\n<div class=\"wp-block-columns is-layout-flex wp-container-core-columns-is-layout-9d6595d7 wp-block-columns-is-layout-flex\">\n<div class=\"wp-block-column is-layout-flow wp-block-column-is-layout-flow\" style=\"flex-basis:100%\">\n<figure class=\"wp-block-image size-large\"><img decoding=\"async\" src=\"https:\/\/marilenepaiva.com\/wp-content\/uploads\/2024\/02\/f3-marcos-e-carla-1024x985.jpeg\" alt=\"\" class=\"wp-image-1767\"\/><\/figure>\n<\/div>\n<\/div>\n\n\n\n<p><em>O advogado Marcos Ara\u00fajo com a sua esposa Magistrada Carla Portela e os filhos Ary e Jo\u00e3o, nas Bodas de Ouro, do casal Barreto e Dulce, no Requinte Buffet. Amo! Foto Eduardo Kenendy<\/em><\/p>\n\n\n\n<div class=\"wp-block-columns is-layout-flex wp-container-core-columns-is-layout-9d6595d7 wp-block-columns-is-layout-flex\">\n<div class=\"wp-block-column is-layout-flow wp-block-column-is-layout-flow\" style=\"flex-basis:100%\">\n<figure class=\"wp-block-image size-large\"><img decoding=\"async\" src=\"https:\/\/marilenepaiva.com\/wp-content\/uploads\/2024\/02\/F4-ROBERTA-E-BRENO-1024x782.jpeg\" alt=\"\" class=\"wp-image-1768\"\/><\/figure>\n<\/div>\n<\/div>\n\n\n\n<p><em>O Juiz Breno Val\u00e9rio e sua bela Roberta Britto prestigiando a cerim\u00f4nia de Bodas de Ouro de Dr Barreto e Dona Dulce. Lindos!Foto Eduardo Kenendy<\/em><\/p>\n","protected":false},"excerpt":{"rendered":"<p>CHAMPANHE NO GELO Parab\u00e9ns ser\u00e3o cantados hoje para Lorna Frota Rosado, Felisbela Freitas de Oliveira, Antonio Monte Lucena, M\u00f4nica Paiva Melo, Kelly Freitas, \u00cdtalo Caldas, Lydianny Silveira, Jos\u00e9 Armando Ponte Dias J\u00fanior, Carlos Alberto Lima Filgueira, Walter Pereira Alves e Marcos Ant\u00f4nio Ferreira J\u00fanior. Parab\u00e9ns!!! SE LIGA \u201cEngajar-se no voluntariado \u00e9 ser socialmente produtivo\u201d. HEI, [&hellip;]<\/p>\n","protected":false},"author":1,"featured_media":1688,"comment_status":"open","ping_status":"open","sticky":true,"template":"","format":"standard","meta":{"footnotes":""},"categories":[3],"tags":[],"class_list":["post-1764","post","type-post","status-publish","format-standard","has-post-thumbnail","hentry","category-colunas"],"_links":{"self":[{"href":"https:\/\/marilenepaiva.com\/index.php?rest_route=\/wp\/v2\/posts\/1764","targetHints":{"allow":["GET"]}}],"collection":[{"href":"https:\/\/marilenepaiva.com\/index.php?rest_route=\/wp\/v2\/posts"}],"about":[{"href":"https:\/\/marilenepaiva.com\/index.php?rest_route=\/wp\/v2\/types\/post"}],"author":[{"embeddable":true,"href":"https:\/\/marilenepaiva.com\/index.php?rest_route=\/wp\/v2\/users\/1"}],"replies":[{"embeddable":true,"href":"https:\/\/marilenepaiva.com\/index.php?rest_route=%2Fwp%2Fv2%2Fcomments&post=1764"}],"version-history":[{"count":1,"href":"https:\/\/marilenepaiva.com\/index.php?rest_route=\/wp\/v2\/posts\/1764\/revisions"}],"predecessor-version":[{"id":1769,"href":"https:\/\/marilenepaiva.com\/index.php?rest_route=\/wp\/v2\/posts\/1764\/revisions\/1769"}],"wp:featuredmedia":[{"embeddable":true,"href":"https:\/\/marilenepaiva.com\/index.php?rest_route=\/wp\/v2\/media\/1688"}],"wp:attachment":[{"href":"https:\/\/marilenepaiva.com\/index.php?rest_route=%2Fwp%2Fv2%2Fmedia&parent=1764"}],"wp:term":[{"taxonomy":"category","embeddable":true,"href":"https:\/\/marilenepaiva.com\/index.php?rest_route=%2Fwp%2Fv2%2Fcategories&post=1764"},{"taxonomy":"post_tag","embeddable":true,"href":"https:\/\/marilenepaiva.com\/index.php?rest_route=%2Fwp%2Fv2%2Ftags&post=1764"}],"curies":[{"name":"wp","href":"https:\/\/api.w.org\/{rel}","templated":true}]}}