{"id":1770,"date":"2024-02-27T23:26:49","date_gmt":"2024-02-27T23:26:49","guid":{"rendered":"https:\/\/marilenepaiva.com\/?p=1770"},"modified":"2024-02-27T23:26:50","modified_gmt":"2024-02-27T23:26:50","slug":"gente-de-fato-28-de-fevereiro-de-2024","status":"publish","type":"post","link":"https:\/\/marilenepaiva.com\/?p=1770","title":{"rendered":"GENTE DE FATO 28 DE FEVEREIRO DE 2024"},"content":{"rendered":"\n<blockquote class=\"wp-block-quote is-layout-flow wp-block-quote-is-layout-flow\">\n<p class=\"has-large-font-size\"><strong>ORPHEU<\/strong><\/p>\n\n\n\n<p class=\"has-black-color has-text-color has-link-color has-medium-font-size wp-elements-fd85d56b45715ffb5094fdeb96bebf7d\"><em>Deus quer,\u00a0o homem sonha, a obra nasce. Deus quis que a terra fosse toda uma, Que o mar unisse, j\u00e1 n\u00e3o separasse. Sagrou-te, e foste desvendando a espuma, E a orla branca foi de ilha em continente, Clareou, correndo, at\u00e9 ao fim do mundo, E viu-se a terra inteira, de repente, Surgir, redonda, do azul profundo.<\/em><\/p>\n\n\n\n<p class=\"has-black-color has-text-color has-link-color wp-elements-e84a6ee3eb03dc5955943fe9475fb19e\">Fernando Pessoa<\/p>\n<\/blockquote>\n\n\n\n<div class=\"wp-block-columns is-layout-flex wp-container-core-columns-is-layout-9d6595d7 wp-block-columns-is-layout-flex\">\n<div class=\"wp-block-column is-layout-flow wp-block-column-is-layout-flow\" style=\"flex-basis:100%\"><div class=\"wp-block-image\">\n<figure class=\"aligncenter size-full is-resized\"><img decoding=\"async\" src=\"https:\/\/marilenepaiva.com\/wp-content\/uploads\/2024\/02\/serraboi.png\" alt=\"\" class=\"wp-image-1728\" style=\"width:252px;height:auto\"\/><\/figure>\n<\/div><\/div>\n<\/div>\n\n\n\n<p class=\"has-large-font-size\"><strong>CIRCUITO FOOD &amp; JAZZ 2024<\/strong><\/p>\n\n\n\n<p class=\"has-black-color has-text-color has-link-color has-medium-font-size wp-elements-b2ace182ef186d379292a36cfb22e175\">A partir de hoje, dia 29, at\u00e9 o dia 9 de mar\u00e7o, Mossor\u00f3 recebe a primeira etapa do Circuito Food &amp; Jazz, evento que est\u00e1 de volta para encantar amantes da boa m\u00fasica e da alta gastronomia no Rio Grande do Norte. Com 25 estabelecimentos confirmados, o festival celebrar\u00e1 o melhor da cultura local ao longo de 10 dias na capital do Oeste. Nos estabelecimentos parceiros, ser\u00e3o oferecidas entradas, pratos, drinks e sobremesas exclusivas, tudo a pre\u00e7os fixos e promocionais.<\/p>\n\n\n\n<div class=\"wp-block-columns is-layout-flex wp-container-core-columns-is-layout-9d6595d7 wp-block-columns-is-layout-flex\">\n<div class=\"wp-block-column is-layout-flow wp-block-column-is-layout-flow\" style=\"flex-basis:100%\"><div class=\"wp-block-image\">\n<figure class=\"aligncenter size-full is-resized\"><img decoding=\"async\" src=\"https:\/\/marilenepaiva.com\/wp-content\/uploads\/2024\/02\/22.png\" alt=\"\" class=\"wp-image-1729\" style=\"width:286px;height:auto\"\/><\/figure>\n<\/div><\/div>\n<\/div>\n\n\n\n<p class=\"has-large-font-size\"><strong>FOOD &amp; JAZZ II<\/strong><\/p>\n\n\n\n<p class=\"has-black-color has-text-color has-link-color has-medium-font-size wp-elements-bbce11ecd91baec9e73e0999225adcbf\">Nos dois \u00faltimos dias, 08 e 09 de mar\u00e7o, em uma arena montada no estacionamento do Partage Shopping Mossor\u00f3 o festival oferece, de forma totalmente gratuita, apresenta\u00e7\u00f5es musicais, feira de artesanato, pra\u00e7a de alimenta\u00e7\u00e3o e um evento Cozinha Show com oficinas gastron\u00f4micas seguidas de degusta\u00e7\u00e3o.<\/p>\n\n\n\n<div class=\"wp-block-columns is-layout-flex wp-container-core-columns-is-layout-9d6595d7 wp-block-columns-is-layout-flex\">\n<div class=\"wp-block-column is-layout-flow wp-block-column-is-layout-flow\" style=\"flex-basis:100%\"><div class=\"wp-block-image\">\n<figure class=\"aligncenter size-full is-resized\"><img decoding=\"async\" src=\"https:\/\/marilenepaiva.com\/wp-content\/uploads\/2024\/02\/Captura-de-tela-2024-02-19-222258.png\" alt=\"\" class=\"wp-image-1726\" style=\"width:273px;height:auto\"\/><\/figure>\n<\/div><\/div>\n<\/div>\n\n\n\n<p class=\"has-large-font-size\"><strong>RESTAURANTES DO FOOD &amp; JAZZ 2024<\/strong><\/p>\n\n\n\n<p class=\"has-black-color has-text-color has-link-color has-medium-font-size wp-elements-3480dbb5ca6785feefcf099096085509\">Em Mossor\u00f3, Hachi Rooftop, Zum Restaurante\/Gastrobar, Mnemosine &#8211; Adega, Bistr\u00f4 e Buffet, Casa Gr\u00e3os Caf\u00e9, Esta\u00e7\u00e3o Caf\u00e9, Tenda Gastronomia e Lazer, Blu Point, La Goccia Blu, Real 21 Pastel, Diana Hellen Doces Finos, Carmorita Caf\u00e9, Visse Caf\u00e9, Mossor\u00f3 Caf\u00e9, Arretado Burguer, Kiesfiha, O Caju Gastronomia, The B\u2019nanas, Restaurante Dona T\u00eaca, Bom Caf\u00e9 Mossor\u00f3, Grilo &amp; Chic\u00f3 Hamburgueria, Sereno Cacau, Mon Petit Caf\u00e9 e Livros, Restaurante Buscap\u00e9, Aconchego Cafeteria &amp; Bistr\u00f4, Donna salada e L\u00e1 em Roberto s\u00e3o os estabelecimentos participantes.<\/p>\n\n\n\n<div class=\"wp-block-columns is-layout-flex wp-container-core-columns-is-layout-9d6595d7 wp-block-columns-is-layout-flex\">\n<div class=\"wp-block-column is-layout-flow wp-block-column-is-layout-flow\" style=\"flex-basis:100%\"><div class=\"wp-block-image\">\n<figure class=\"aligncenter size-full is-resized\"><img decoding=\"async\" src=\"https:\/\/marilenepaiva.com\/wp-content\/uploads\/2024\/02\/trattoria.png\" alt=\"\" class=\"wp-image-1727\" style=\"width:264px;height:auto\"\/><\/figure>\n<\/div><\/div>\n<\/div>\n\n\n\n<p class=\"has-large-font-size\"><strong>CAPUCCINO COM CHOCOLATE BELGA<\/strong><\/p>\n\n\n\n<p class=\"has-black-color has-text-color has-link-color has-medium-font-size wp-elements-c0ae78ea4dd9826cba725e213dacc939\">Passar uma tarde inteirinha no chiqu\u00e9rrimo escrit\u00f3rio do advogado, Doutor em Direito Constitucional, Marcos Ara\u00fajo, o muso da amada Carla Portela, \u00e9  uma d\u00e1diva. Uma aula de vida. Os nossos assuntos transitam do cappuccino com chocolate belga que o   Dr Marcos prepara com maestria aos seus convidados, aos transhumanos, intelig\u00eancia artificial e sexual, pol\u00edtica nacional e&#8230;reflex\u00f5es da alma. \u00edmpar. Vamos repetir sim. Vida \u00e9 fazer, Todo o sonho brilhar. Obrigada Marquinhos!<\/p>\n\n\n\n<p class=\"has-large-font-size\"><strong>CHAMPANHE NO GELO<\/strong><\/p>\n\n\n\n<p class=\"has-black-color has-text-color has-link-color has-medium-font-size wp-elements-1c7ac1877ebbb83941e5df11e01afb82\">Apagam velinhas hoje: Lizete Andrade, Rosily Ribeiro, Ednaldo Fagner, Luiz Henrique Junior, Emanuela Pereira, Luis Henrique Azevedo, Fafa Barbosa, Emerson Soares, Felipe Nogueira, Ivonice Alves, Leonardo Andrade, Daniel Moreira, Flavio Adour, Aparecida Freitas, Carolina Malala e Carlos Ant\u00f4nio. Parab\u00e9ns!!!<\/p>\n\n\n\n<div class=\"wp-block-columns is-layout-flex wp-container-core-columns-is-layout-9d6595d7 wp-block-columns-is-layout-flex\">\n<div class=\"wp-block-column is-layout-flow wp-block-column-is-layout-flow\" style=\"flex-basis:100%\">\n<figure class=\"wp-block-image size-large\"><img decoding=\"async\" src=\"https:\/\/marilenepaiva.com\/wp-content\/uploads\/2024\/02\/F1-LIZETE-ANDRADE-506x1024.jpg\" alt=\"\" class=\"wp-image-1771\"\/><\/figure>\n<\/div>\n<\/div>\n\n\n\n<p><em>Todos os vivas \u00e0 chef Lizete Andrade, aniversariante muito amada de hoje. Sa\u00fade, paz e felicidades fada querida!<\/em><\/p>\n\n\n\n<div class=\"wp-block-columns is-layout-flex wp-container-core-columns-is-layout-9d6595d7 wp-block-columns-is-layout-flex\">\n<div class=\"wp-block-column is-layout-flow wp-block-column-is-layout-flow\" style=\"flex-basis:100%\">\n<figure class=\"wp-block-image size-full\"><img decoding=\"async\" src=\"https:\/\/marilenepaiva.com\/wp-content\/uploads\/2024\/02\/f2-flavinho-adour.jpg\" alt=\"\" class=\"wp-image-1772\"\/><\/figure>\n<\/div>\n<\/div>\n\n\n\n<p><em>Hoje \u00e9 dia de abra\u00e7ar e beijar o todo lindo Engenheiro Flavinho Adour, filho dos amados Flavio e Mima, pai de Arthur e irm\u00e3o da m\u00e9dica Nayana Adour. Feliz anivers\u00e1rio seu lindo!<\/em><\/p>\n\n\n\n<div class=\"wp-block-columns is-layout-flex wp-container-core-columns-is-layout-9d6595d7 wp-block-columns-is-layout-flex\">\n<div class=\"wp-block-column is-layout-flow wp-block-column-is-layout-flow\" style=\"flex-basis:100%\">\n<figure class=\"wp-block-image size-full\"><img decoding=\"async\" src=\"https:\/\/marilenepaiva.com\/wp-content\/uploads\/2024\/02\/F3-LAZARO-E-FAMILIA.jpg\" alt=\"\" class=\"wp-image-1773\"\/><\/figure>\n<\/div>\n<\/div>\n\n\n\n<p><em>Os irm\u00e3os L\u00e1zaro Paiva Neto e Lucas Firmino representam A The Cars 084 que marcou presen\u00e7a na 2\u00aa Expovonixx, evento que contou com exposi\u00e7\u00e3o de diversos carros e motos de categorias como cl\u00e1ssicos, esportivos e modificados. Um sucesso total. No clique, com os amados Bola e Lucilia Firmino.<\/em><\/p>\n\n\n\n<div class=\"wp-block-columns is-layout-flex wp-container-core-columns-is-layout-9d6595d7 wp-block-columns-is-layout-flex\">\n<div class=\"wp-block-column is-layout-flow wp-block-column-is-layout-flow\" style=\"flex-basis:100%\">\n<figure class=\"wp-block-image size-large\"><img decoding=\"async\" src=\"https:\/\/marilenepaiva.com\/wp-content\/uploads\/2024\/02\/F4-KATHARINA-GURGEL-E-JUSSARA-1024x761.jpg\" alt=\"\" class=\"wp-image-1774\"\/><\/figure>\n<\/div>\n<\/div>\n\n\n\n<p><em>Katharina Gurgel, Chef Marcelo Labre e Ju\u00e7ara Figueiredo durante workshop com os chefs dos estabelecimentos da etapa Mossor\u00f3 do Food &amp; Jazz 2024, que incia hoje no Partage Shopping.<\/em><\/p>\n","protected":false},"excerpt":{"rendered":"<p>ORPHEU Deus quer,\u00a0o homem sonha, a obra nasce. Deus quis que a terra fosse toda uma, Que o mar unisse, j\u00e1 n\u00e3o separasse. Sagrou-te, e foste desvendando a espuma, E a orla branca foi de ilha em continente, Clareou, correndo, at\u00e9 ao fim do mundo, E viu-se a terra inteira, de repente, Surgir, redonda, do [&hellip;]<\/p>\n","protected":false},"author":1,"featured_media":1688,"comment_status":"open","ping_status":"open","sticky":true,"template":"","format":"standard","meta":{"footnotes":""},"categories":[3],"tags":[],"class_list":["post-1770","post","type-post","status-publish","format-standard","has-post-thumbnail","hentry","category-colunas"],"_links":{"self":[{"href":"https:\/\/marilenepaiva.com\/index.php?rest_route=\/wp\/v2\/posts\/1770","targetHints":{"allow":["GET"]}}],"collection":[{"href":"https:\/\/marilenepaiva.com\/index.php?rest_route=\/wp\/v2\/posts"}],"about":[{"href":"https:\/\/marilenepaiva.com\/index.php?rest_route=\/wp\/v2\/types\/post"}],"author":[{"embeddable":true,"href":"https:\/\/marilenepaiva.com\/index.php?rest_route=\/wp\/v2\/users\/1"}],"replies":[{"embeddable":true,"href":"https:\/\/marilenepaiva.com\/index.php?rest_route=%2Fwp%2Fv2%2Fcomments&post=1770"}],"version-history":[{"count":1,"href":"https:\/\/marilenepaiva.com\/index.php?rest_route=\/wp\/v2\/posts\/1770\/revisions"}],"predecessor-version":[{"id":1775,"href":"https:\/\/marilenepaiva.com\/index.php?rest_route=\/wp\/v2\/posts\/1770\/revisions\/1775"}],"wp:featuredmedia":[{"embeddable":true,"href":"https:\/\/marilenepaiva.com\/index.php?rest_route=\/wp\/v2\/media\/1688"}],"wp:attachment":[{"href":"https:\/\/marilenepaiva.com\/index.php?rest_route=%2Fwp%2Fv2%2Fmedia&parent=1770"}],"wp:term":[{"taxonomy":"category","embeddable":true,"href":"https:\/\/marilenepaiva.com\/index.php?rest_route=%2Fwp%2Fv2%2Fcategories&post=1770"},{"taxonomy":"post_tag","embeddable":true,"href":"https:\/\/marilenepaiva.com\/index.php?rest_route=%2Fwp%2Fv2%2Ftags&post=1770"}],"curies":[{"name":"wp","href":"https:\/\/api.w.org\/{rel}","templated":true}]}}