{"id":1776,"date":"2024-02-28T23:11:04","date_gmt":"2024-02-28T23:11:04","guid":{"rendered":"https:\/\/marilenepaiva.com\/?p=1776"},"modified":"2024-02-28T23:11:04","modified_gmt":"2024-02-28T23:11:04","slug":"gente-de-fato-29-de-fevereiro-de-2024","status":"publish","type":"post","link":"https:\/\/marilenepaiva.com\/?p=1776","title":{"rendered":"GENTE DE FATO 29 DE FEVEREIRO DE 2024"},"content":{"rendered":"\n<p class=\"has-large-font-size\"><strong>DEUS BUSCA O SER HUMANO.<\/strong><\/p>\n\n\n\n<p class=\"has-black-color has-text-color has-link-color has-medium-font-size wp-elements-e50e9269ff059f8fb9275e432c30f558\">Jesus, o Emanuel, Deus conosco (cf. Is 7,14; Mt 1,23), inaugura uma nova maneira do homem se relacionar com Deus, ou do pr\u00f3prio Deus se relacionar com o homem: pessoalmente. E ele faz isso assumindo nossa natureza humana, em tudo semelhante a n\u00f3s, exceto no pecado (cf. Hb 4,15; Fl 2,6-11). Essa aproxima\u00e7\u00e3o de Deus, feito homem, ao homem, \u00e9 aquilo que o grande te\u00f3logo Karl Rahner afirma: \u201cJesus \u00e9 a autocomunica\u00e7\u00e3o de Deus para o homem\u201d. Diante disso, o homem \u00e9 edificado pela pr\u00f3pria intimidade com Deus, que veio ao seu encontro trazendo-lhe a vida em plenitude (cf. Jo 10,10). Edificado, o homem torna-se edificador dos seus semelhantes, pois ele lhes transmite aquilo mesmo que ele experimentou em Cristo, n\u00e3o podendo, portanto, ser diferente, mas sendo PRESEN\u00c7A real do pr\u00f3prio Jesus para seus semelhantes.<\/p>\n\n\n\n<div class=\"wp-block-columns is-layout-flex wp-container-core-columns-is-layout-9d6595d7 wp-block-columns-is-layout-flex\">\n<div class=\"wp-block-column is-layout-flow wp-block-column-is-layout-flow\" style=\"flex-basis:100%\"><div class=\"wp-block-image\">\n<figure class=\"aligncenter size-full is-resized\"><img decoding=\"async\" src=\"https:\/\/marilenepaiva.com\/wp-content\/uploads\/2024\/02\/22.png\" alt=\"\" class=\"wp-image-1729\" style=\"width:266px;height:auto\"\/><\/figure>\n<\/div><\/div>\n<\/div>\n\n\n\n<p class=\"has-large-font-size\"><strong>DE FILHINHO PARA FILHINHA<\/strong><\/p>\n\n\n\n<p class=\"has-black-color has-text-color has-link-color has-medium-font-size wp-elements-9e2914c63174dcfa3dd1d48ee04486d6\">\u201cDe tudo, ao meu amor serei atento. Antes, e com tal zelo, e sempre, e tanto. Quem mesmo em face do maior encanto. Dele se encante mais meu pensamento.\u201d&nbsp; A primeira edi\u00e7\u00e3o da Revista Presen\u00e7a em&nbsp; 2024 chega linda e encantadora. A nossa capa retrata as Bodas de Ouro do casal Vera e Bastos. Bastos e Vera. 50 anos juntos prova que o amor n\u00e3o se esgota com o tempo.&nbsp; Se multiplica com o passar dos dias. Dias de alegrias, tristezas, supera\u00e7\u00f5es. Dias para agradecer o bem maior: a fam\u00edlia.<\/p>\n\n\n\n<div class=\"wp-block-columns is-layout-flex wp-container-core-columns-is-layout-9d6595d7 wp-block-columns-is-layout-flex\">\n<div class=\"wp-block-column is-layout-flow wp-block-column-is-layout-flow\" style=\"flex-basis:100%\"><div class=\"wp-block-image\">\n<figure class=\"aligncenter size-full is-resized\"><img decoding=\"async\" src=\"https:\/\/marilenepaiva.com\/wp-content\/uploads\/2024\/02\/Captura-de-tela-2024-02-19-222258.png\" alt=\"\" class=\"wp-image-1726\" style=\"width:295px;height:auto\"\/><\/figure>\n<\/div><\/div>\n<\/div>\n\n\n\n<p class=\"has-large-font-size\"><strong>REVISTA PRESEN\u00c7A 82<\/strong><\/p>\n\n\n\n<p class=\"has-black-color has-text-color has-link-color has-medium-font-size wp-elements-e8e879eb63771ce382ee80351193ab25\">Mais uma vez e sempre, obrigada aos nossos colaboradores. Colunistas do TIME PRESEN\u00c7A. Um a um. &nbsp;Sem ordem de prefer\u00eancia. Ao nosso Diretor de Arte, Marcelo Antunes, executivo da Terceirize Editora. Todos com excel\u00eancia em textos, imagens e carisma conquistam um p\u00fablico leitor que se v\u00ea representado em nossas p\u00e1ginas. A entrega \u00e9 maravilhosa! Leia. Curta. Compartilhe. Maria passe na frente. Deus seja Louvado.<\/p>\n\n\n\n<div class=\"wp-block-columns is-layout-flex wp-container-core-columns-is-layout-9d6595d7 wp-block-columns-is-layout-flex\">\n<div class=\"wp-block-column is-layout-flow wp-block-column-is-layout-flow\" style=\"flex-basis:100%\"><div class=\"wp-block-image\">\n<figure class=\"aligncenter size-full is-resized\"><img decoding=\"async\" src=\"https:\/\/marilenepaiva.com\/wp-content\/uploads\/2024\/02\/trattoria.png\" alt=\"\" class=\"wp-image-1727\" style=\"width:290px;height:auto\"\/><\/figure>\n<\/div><\/div>\n<\/div>\n\n\n\n<div class=\"wp-block-columns is-layout-flex wp-container-core-columns-is-layout-9d6595d7 wp-block-columns-is-layout-flex\">\n<div class=\"wp-block-column is-layout-flow wp-block-column-is-layout-flow\" style=\"flex-basis:100%\"><div class=\"wp-block-image\">\n<figure class=\"aligncenter size-full is-resized\"><img decoding=\"async\" src=\"https:\/\/marilenepaiva.com\/wp-content\/uploads\/2024\/02\/serraboi.png\" alt=\"\" class=\"wp-image-1728\" style=\"width:291px;height:auto\"\/><\/figure>\n<\/div><\/div>\n<\/div>\n\n\n\n<div class=\"wp-block-columns is-layout-flex wp-container-core-columns-is-layout-9d6595d7 wp-block-columns-is-layout-flex\">\n<div class=\"wp-block-column is-layout-flow wp-block-column-is-layout-flow\" style=\"flex-basis:100%\">\n<figure class=\"wp-block-image size-large\"><img decoding=\"async\" src=\"https:\/\/marilenepaiva.com\/wp-content\/uploads\/2024\/02\/F1-FOTO-CAPA-766x1024.jpeg\" alt=\"\" class=\"wp-image-1777\"\/><\/figure>\n<\/div>\n<\/div>\n\n\n\n<p><em>\u00c9 com muita honra e emo\u00e7\u00e3o que registramos na 82\u00ba edi\u00e7\u00e3o da Revista Presen\u00e7a, atrav\u00e9s das lentes do talentoso fot\u00f3grafo Habner Weiner, os lindos momentos das Bodas de Ouro do casal Bastos e Vera Mendon\u00e7a, com os seus filhos: Maximiiano, Veruska e Miron. Netos, noras, genro e amigos. Que Deus ilumine e aben\u00e7oe essa uni\u00e3o como tem feito at\u00e9 agora.<\/em><\/p>\n","protected":false},"excerpt":{"rendered":"<p>DEUS BUSCA O SER HUMANO. Jesus, o Emanuel, Deus conosco (cf. Is 7,14; Mt 1,23), inaugura uma nova maneira do homem se relacionar com Deus, ou do pr\u00f3prio Deus se relacionar com o homem: pessoalmente. E ele faz isso assumindo nossa natureza humana, em tudo semelhante a n\u00f3s, exceto no pecado (cf. Hb 4,15; Fl [&hellip;]<\/p>\n","protected":false},"author":1,"featured_media":1688,"comment_status":"open","ping_status":"open","sticky":true,"template":"","format":"standard","meta":{"footnotes":""},"categories":[3],"tags":[],"class_list":["post-1776","post","type-post","status-publish","format-standard","has-post-thumbnail","hentry","category-colunas"],"_links":{"self":[{"href":"https:\/\/marilenepaiva.com\/index.php?rest_route=\/wp\/v2\/posts\/1776","targetHints":{"allow":["GET"]}}],"collection":[{"href":"https:\/\/marilenepaiva.com\/index.php?rest_route=\/wp\/v2\/posts"}],"about":[{"href":"https:\/\/marilenepaiva.com\/index.php?rest_route=\/wp\/v2\/types\/post"}],"author":[{"embeddable":true,"href":"https:\/\/marilenepaiva.com\/index.php?rest_route=\/wp\/v2\/users\/1"}],"replies":[{"embeddable":true,"href":"https:\/\/marilenepaiva.com\/index.php?rest_route=%2Fwp%2Fv2%2Fcomments&post=1776"}],"version-history":[{"count":1,"href":"https:\/\/marilenepaiva.com\/index.php?rest_route=\/wp\/v2\/posts\/1776\/revisions"}],"predecessor-version":[{"id":1778,"href":"https:\/\/marilenepaiva.com\/index.php?rest_route=\/wp\/v2\/posts\/1776\/revisions\/1778"}],"wp:featuredmedia":[{"embeddable":true,"href":"https:\/\/marilenepaiva.com\/index.php?rest_route=\/wp\/v2\/media\/1688"}],"wp:attachment":[{"href":"https:\/\/marilenepaiva.com\/index.php?rest_route=%2Fwp%2Fv2%2Fmedia&parent=1776"}],"wp:term":[{"taxonomy":"category","embeddable":true,"href":"https:\/\/marilenepaiva.com\/index.php?rest_route=%2Fwp%2Fv2%2Fcategories&post=1776"},{"taxonomy":"post_tag","embeddable":true,"href":"https:\/\/marilenepaiva.com\/index.php?rest_route=%2Fwp%2Fv2%2Ftags&post=1776"}],"curies":[{"name":"wp","href":"https:\/\/api.w.org\/{rel}","templated":true}]}}