{"id":1779,"date":"2024-02-29T18:55:51","date_gmt":"2024-02-29T18:55:51","guid":{"rendered":"https:\/\/marilenepaiva.com\/?p=1779"},"modified":"2024-02-29T18:55:51","modified_gmt":"2024-02-29T18:55:51","slug":"gente-de-fato-1-de-marco-de-2024","status":"publish","type":"post","link":"https:\/\/marilenepaiva.com\/?p=1779","title":{"rendered":"GENTE DE FATO 1 DE MAR\u00c7O DE 2024"},"content":{"rendered":"\n<p class=\"has-large-font-size\"><strong>DIOCESANO SANTA LUZIA<\/strong><\/p>\n\n\n\n<p class=\"has-black-color has-text-color has-link-color has-medium-font-size wp-elements-82beea63bb7dcf855613eb2486aabec9\">Amanh\u00e3 dia 02, o Col\u00e9gio Diocesano Santa Luzia completar\u00e1 122 anos de exist\u00eancia. Em comemora\u00e7\u00e3o, hoje, haver\u00e1 uma missa em A\u00e7\u00e3o de Gra\u00e7as no Carec\u00e3o, celebrada pelo Bispo Dom Francisco e os concelebrantes&nbsp; &nbsp;Pe Charles Lamartine e Padre Demetrius.Viva ao Di\u00f3!<\/p>\n\n\n\n<div class=\"wp-block-columns is-layout-flex wp-container-core-columns-is-layout-9d6595d7 wp-block-columns-is-layout-flex\">\n<div class=\"wp-block-column is-layout-flow wp-block-column-is-layout-flow\" style=\"flex-basis:100%\"><div class=\"wp-block-image\">\n<figure class=\"aligncenter size-full is-resized\"><img decoding=\"async\" src=\"https:\/\/marilenepaiva.com\/wp-content\/uploads\/2024\/02\/Captura-de-tela-2024-02-19-222258.png\" alt=\"\" class=\"wp-image-1726\" style=\"width:256px;height:auto\"\/><\/figure>\n<\/div><\/div>\n<\/div>\n\n\n\n<p class=\"has-large-font-size\"><strong>CL\u00cdNICA ANJOS VASCULARES<\/strong><\/p>\n\n\n\n<p class=\"has-black-color has-text-color has-link-color has-medium-font-size wp-elements-2139c1945a36cd727a52aa899f129842\">A m\u00e9dica cirurgi\u00e3 vascular Nastasja Figueredo inaugurou sua Cl\u00ednica Anjos Vasculares. Linda e funcional. Ganhou todo o amor e dedica\u00e7\u00e3o do paiz\u00e3o Artista Pl\u00e1stico e Arquiteto Carlos Careca que assinou o projeto e da mamis talentosa Lucinha Figueredo. Como n\u00e3o amar? T\u00f4 chegando para o caf\u00e9.<\/p>\n\n\n\n<div class=\"wp-block-columns is-layout-flex wp-container-core-columns-is-layout-9d6595d7 wp-block-columns-is-layout-flex\">\n<div class=\"wp-block-column is-layout-flow wp-block-column-is-layout-flow\" style=\"flex-basis:100%\"><div class=\"wp-block-image\">\n<figure class=\"aligncenter size-full is-resized\"><img decoding=\"async\" src=\"https:\/\/marilenepaiva.com\/wp-content\/uploads\/2024\/02\/trattoria.png\" alt=\"\" class=\"wp-image-1727\" style=\"width:288px;height:auto\"\/><\/figure>\n<\/div><\/div>\n<\/div>\n\n\n\n<p class=\"has-large-font-size\"><strong>CHAMPANHE NO GELO<\/strong><\/p>\n\n\n\n<p class=\"has-black-color has-text-color has-link-color has-medium-font-size wp-elements-43dd64c83c682bd542befb99afd6314c\">Apagam as velinhas hoje: Andr\u00e9 Luis Oliveira, Jos\u00e9 Carlos Mattos, Adriana Medeiros, Dhyonne Nogueira, Laila Ester, Ang\u00e9lica Jales, Danilo Magalh\u00e3es, Alisson Moura, Eunice Da Silva Oliveira, Jos\u00e9 Em\u00eddio Oliveira e Ana Vitoria.Sa\u00fade e paz!<\/p>\n\n\n\n<div class=\"wp-block-columns is-layout-flex wp-container-core-columns-is-layout-9d6595d7 wp-block-columns-is-layout-flex\">\n<div class=\"wp-block-column is-layout-flow wp-block-column-is-layout-flow\" style=\"flex-basis:100%\"><div class=\"wp-block-image\">\n<figure class=\"aligncenter size-full is-resized\"><img decoding=\"async\" src=\"https:\/\/marilenepaiva.com\/wp-content\/uploads\/2024\/02\/serraboi.png\" alt=\"\" class=\"wp-image-1728\" style=\"width:330px;height:auto\"\/><\/figure>\n<\/div><\/div>\n<\/div>\n\n\n\n<p class=\"has-large-font-size\"><strong>UNS E OUTROS&#8230;<\/strong><\/p>\n\n\n\n<p class=\"has-black-color has-text-color has-link-color has-medium-font-size wp-elements-7e536e78e729cb176054f4b36dfcfef3\">Podcast.&nbsp; Eis a quest\u00e3o. &nbsp;Muitos convites j\u00e1 chegaram&#8230; Em an\u00e1lise. Prometo que uma coisa de cada vez.<\/p>\n\n\n\n<p class=\"has-black-color has-text-color has-link-color has-medium-font-size wp-elements-30ad7f2e420e168ae671e408b4db86df\">Agora estamos com projetos valorosos em andamento. Revista Presen\u00e7a, impressa e digital, Livro dos M\u00e9dicos, para todo mal, a cura. E mais. Bem mais. Gra\u00e7as a Deus!<\/p>\n\n\n\n<p class=\"has-black-color has-text-color has-link-color has-medium-font-size wp-elements-b5d653bd23415a31f24dbb0aa57be99f\">Ganhar presentes \u00e9 muito bom. Bom mesmo. Agora&#8230; poder comprar, sem ficar devendo \u00e9 melhor ainda&#8230;<\/p>\n\n\n\n<p class=\"has-black-color has-text-color has-link-color has-medium-font-size wp-elements-8e4f1b931cccb6d507ec24d611288dc2\">O Hotel de Portalegre, para\u00edso da Serra de Portalegre reabriu suas portas. Para alegria de turistas e portalegrenses. &nbsp;Sob nova administra\u00e7\u00e3o.&nbsp; N\u00e3o mais na dire\u00e7\u00e3o do Grupo Sabino Palace.<\/p>\n\n\n\n<p class=\"has-black-color has-text-color has-link-color has-medium-font-size wp-elements-59f3cc2a6d182e153bd56463f0065eeb\">&nbsp;\u201cNenhum homem \u00e9 rico o bastante para comprar seu passado.&#8221; (Oscar Wilde)\u201d<\/p>\n\n\n\n<div class=\"wp-block-columns is-layout-flex wp-container-core-columns-is-layout-9d6595d7 wp-block-columns-is-layout-flex\">\n<div class=\"wp-block-column is-layout-flow wp-block-column-is-layout-flow\" style=\"flex-basis:100%\"><div class=\"wp-block-image\">\n<figure class=\"aligncenter size-full is-resized\"><img decoding=\"async\" src=\"https:\/\/marilenepaiva.com\/wp-content\/uploads\/2024\/02\/22.png\" alt=\"\" class=\"wp-image-1729\" style=\"width:284px;height:auto\"\/><\/figure>\n<\/div><\/div>\n<\/div>\n\n\n\n<div class=\"wp-block-columns is-layout-flex wp-container-core-columns-is-layout-9d6595d7 wp-block-columns-is-layout-flex\">\n<div class=\"wp-block-column is-layout-flow wp-block-column-is-layout-flow\" style=\"flex-basis:100%\">\n<figure class=\"wp-block-image size-full\"><img decoding=\"async\" src=\"https:\/\/marilenepaiva.com\/wp-content\/uploads\/2024\/02\/f1-andre-luiz.jpg\" alt=\"\" class=\"wp-image-1780\"\/><\/figure>\n<\/div>\n<\/div>\n\n\n\n<p><em>Todos os vivas ao advogado Andr\u00e9 Lu\u00eds. Hoje a festa \u00e9 sua. A festa \u00e9 nossa que compartilhamos os votos de feliz anivers\u00e1rio ao lado da sua m\u00e3e dona Laura e da esposa Patr\u00edcia Targino. Parab\u00e9ns!<\/em><\/p>\n\n\n\n<div class=\"wp-block-columns is-layout-flex wp-container-core-columns-is-layout-9d6595d7 wp-block-columns-is-layout-flex\">\n<div class=\"wp-block-column is-layout-flow wp-block-column-is-layout-flow\" style=\"flex-basis:100%\">\n<figure class=\"wp-block-image size-large\"><img decoding=\"async\" src=\"https:\/\/marilenepaiva.com\/wp-content\/uploads\/2024\/02\/F2-FAMILIA-COPACABANA-1024x899.jpeg\" alt=\"\" class=\"wp-image-1781\"\/><\/figure>\n<\/div>\n<\/div>\n\n\n\n<p><em>Seu Neuzo e Luzia, S\u00e9rgio, Cristiane e Gabriel. Fam\u00edlia que n\u00f3s amamos. Entregando o Club do Condom\u00ednio de Alto Padr\u00e3o, o COPACABANA Residence, o grupo Olinda Engenharia fez uma bonita assembleia, no Requinte Buffet com a assinatura da Master Eventos.<\/em><\/p>\n\n\n\n<div class=\"wp-block-columns is-layout-flex wp-container-core-columns-is-layout-9d6595d7 wp-block-columns-is-layout-flex\">\n<div class=\"wp-block-column is-layout-flow wp-block-column-is-layout-flow\" style=\"flex-basis:100%\">\n<figure class=\"wp-block-image size-large\"><img decoding=\"async\" src=\"https:\/\/marilenepaiva.com\/wp-content\/uploads\/2024\/02\/F3-LUCIA-E-MARINALDO-ROCHA-896x1024.jpg\" alt=\"\" class=\"wp-image-1782\"\/><\/figure>\n<\/div>\n<\/div>\n\n\n\n<p><em>A jornalista L\u00facia Rocha com o sobrinho lindo de viver, cabeleireiro das celebridades, Marinaldo Rocha, cond\u00f4minos do Copacabana Residence, na Assembleia realizada pela Olinda Engenharia.<\/em><\/p>\n\n\n\n<div class=\"wp-block-columns is-layout-flex wp-container-core-columns-is-layout-9d6595d7 wp-block-columns-is-layout-flex\">\n<div class=\"wp-block-column is-layout-flow wp-block-column-is-layout-flow\" style=\"flex-basis:100%\">\n<figure class=\"wp-block-image size-full\"><img decoding=\"async\" src=\"https:\/\/marilenepaiva.com\/wp-content\/uploads\/2024\/02\/f4-padre-satiro-e-charles.jpg\" alt=\"\" class=\"wp-image-1783\"\/><\/figure>\n<\/div>\n<\/div>\n\n\n\n<p><em>Quem me conhece s\u00f3 um pouquinho sabe do meu amor e gratid\u00e3o pelo Col\u00e9gio Diocesano Santa Luzia. Em tudo e por tudo.\u00a0 2024 marca os 123 anos. Um ano at\u00edpico. Sem a presen\u00e7a f\u00edsica do Padre S\u00e1tiro Cavalcanti Dantas. Com a chegada do novo bispo Dom Francisco.\u00a0 E com o meu cora\u00e7\u00e3ozinho azul, Padre Charles Lamartine cumprindo lindamente a miss\u00e3o do mestre. Deus et P\u00e1tria.<\/em><\/p>\n\n\n\n<div class=\"wp-block-columns is-layout-flex wp-container-core-columns-is-layout-9d6595d7 wp-block-columns-is-layout-flex\">\n<div class=\"wp-block-column is-layout-flow wp-block-column-is-layout-flow\" style=\"flex-basis:100%\">\n<figure class=\"wp-block-image size-large\"><img decoding=\"async\" src=\"https:\/\/marilenepaiva.com\/wp-content\/uploads\/2024\/02\/F5-JOSE-CARLOS-MATTOS-1-1-734x1024.jpg\" alt=\"\" class=\"wp-image-1784\"\/><\/figure>\n<\/div>\n<\/div>\n\n\n\n<p><em>Hoje \u00e9 dia de bolo confeitado para o querido Jos\u00e9 Carlos Mattos, que celebra idade nova ao lado dos familiares, em agradecimento ao Deus Pai por mais um ano de vida. Paz e bem!<\/em><\/p>\n","protected":false},"excerpt":{"rendered":"<p>DIOCESANO SANTA LUZIA Amanh\u00e3 dia 02, o Col\u00e9gio Diocesano Santa Luzia completar\u00e1 122 anos de exist\u00eancia. Em comemora\u00e7\u00e3o, hoje, haver\u00e1 uma missa em A\u00e7\u00e3o de Gra\u00e7as no Carec\u00e3o, celebrada pelo Bispo Dom Francisco e os concelebrantes&nbsp; &nbsp;Pe Charles Lamartine e Padre Demetrius.Viva ao Di\u00f3! CL\u00cdNICA ANJOS VASCULARES A m\u00e9dica cirurgi\u00e3 vascular Nastasja Figueredo inaugurou sua [&hellip;]<\/p>\n","protected":false},"author":1,"featured_media":1688,"comment_status":"open","ping_status":"open","sticky":true,"template":"","format":"standard","meta":{"footnotes":""},"categories":[3],"tags":[],"class_list":["post-1779","post","type-post","status-publish","format-standard","has-post-thumbnail","hentry","category-colunas"],"_links":{"self":[{"href":"https:\/\/marilenepaiva.com\/index.php?rest_route=\/wp\/v2\/posts\/1779","targetHints":{"allow":["GET"]}}],"collection":[{"href":"https:\/\/marilenepaiva.com\/index.php?rest_route=\/wp\/v2\/posts"}],"about":[{"href":"https:\/\/marilenepaiva.com\/index.php?rest_route=\/wp\/v2\/types\/post"}],"author":[{"embeddable":true,"href":"https:\/\/marilenepaiva.com\/index.php?rest_route=\/wp\/v2\/users\/1"}],"replies":[{"embeddable":true,"href":"https:\/\/marilenepaiva.com\/index.php?rest_route=%2Fwp%2Fv2%2Fcomments&post=1779"}],"version-history":[{"count":1,"href":"https:\/\/marilenepaiva.com\/index.php?rest_route=\/wp\/v2\/posts\/1779\/revisions"}],"predecessor-version":[{"id":1785,"href":"https:\/\/marilenepaiva.com\/index.php?rest_route=\/wp\/v2\/posts\/1779\/revisions\/1785"}],"wp:featuredmedia":[{"embeddable":true,"href":"https:\/\/marilenepaiva.com\/index.php?rest_route=\/wp\/v2\/media\/1688"}],"wp:attachment":[{"href":"https:\/\/marilenepaiva.com\/index.php?rest_route=%2Fwp%2Fv2%2Fmedia&parent=1779"}],"wp:term":[{"taxonomy":"category","embeddable":true,"href":"https:\/\/marilenepaiva.com\/index.php?rest_route=%2Fwp%2Fv2%2Fcategories&post=1779"},{"taxonomy":"post_tag","embeddable":true,"href":"https:\/\/marilenepaiva.com\/index.php?rest_route=%2Fwp%2Fv2%2Ftags&post=1779"}],"curies":[{"name":"wp","href":"https:\/\/api.w.org\/{rel}","templated":true}]}}