{"id":2166,"date":"2024-04-01T22:25:08","date_gmt":"2024-04-01T22:25:08","guid":{"rendered":"https:\/\/marilenepaiva.com\/?p=2166"},"modified":"2024-04-02T13:15:34","modified_gmt":"2024-04-02T13:15:34","slug":"gente-de-fato-1-de-abril-de-2024","status":"publish","type":"post","link":"https:\/\/marilenepaiva.com\/?p=2166","title":{"rendered":"GENTE DE FATO 2 DE ABRIL DE 2024"},"content":{"rendered":"\n<p class=\"has-large-font-size\"><strong>CHAMPANHE NO GELO<\/strong><\/p>\n\n\n\n<p class=\"has-black-color has-text-color has-link-color has-medium-font-size wp-elements-ede32ea678932838138e607e473452b7\">Festejam idade nova: Kaline Cibele, Maria Jos\u00e9 Vila\u00e7a de Figueiredo, H\u00e9lder Cavalcanti, George Aldi de Souza Silva, Samuel Rubens de Oliveira. Parab\u00e9ns, meus amores!!!!<\/p>\n\n\n\n<div class=\"wp-block-columns is-layout-flex wp-container-core-columns-is-layout-9d6595d7 wp-block-columns-is-layout-flex\">\n<div class=\"wp-block-column is-layout-flow wp-block-column-is-layout-flow\" style=\"flex-basis:100%\"><div class=\"wp-block-image\">\n<figure class=\"aligncenter size-full is-resized\"><img decoding=\"async\" src=\"https:\/\/marilenepaiva.com\/wp-content\/uploads\/2024\/04\/Design-sem-nome-2.jpg\" alt=\"\" class=\"wp-image-2167\" style=\"width:401px;height:auto\"\/><\/figure>\n<\/div><\/div>\n<\/div>\n\n\n\n<p class=\"has-large-font-size\"><strong>DIA MUNDIAL DA CONSCIENTIZA\u00c7\u00c3O DO AUTISMO<\/strong><\/p>\n\n\n\n<p class=\"has-black-color has-text-color has-link-color has-medium-font-size wp-elements-447a9b38fdb2aaacbb06101cfd04d643\">\u00c9 hoje. Dia 02 de abril. O mundo inteiro comemora o dia Mundial da Conscientiza\u00e7\u00e3o do Autismo. \u00c9 muito importante as reflex\u00f5es e a\u00e7\u00f5es voltadas \u00e0s pessoas com Transtorno do Espectro Autista, TEA. Aproveito para renovar a minha admira\u00e7\u00e3o pela profissional de atendimento terap\u00eautico Paula Paiva, m\u00e3e do lind\u00e3o Lu\u00eds Felipe, que, de uma maneira muito competente, nos fala e amplia conhecimentos. Sintam-se abra\u00e7adas fam\u00edlias!<\/p>\n\n\n\n<div class=\"wp-block-columns is-layout-flex wp-container-core-columns-is-layout-9d6595d7 wp-block-columns-is-layout-flex\">\n<div class=\"wp-block-column is-layout-flow wp-block-column-is-layout-flow\" style=\"flex-basis:100%\"><div class=\"wp-block-image\">\n<figure class=\"aligncenter size-full is-resized\"><img decoding=\"async\" src=\"https:\/\/marilenepaiva.com\/wp-content\/uploads\/2024\/04\/22.png\" alt=\"\" class=\"wp-image-2168\" style=\"width:302px;height:auto\"\/><\/figure>\n<\/div><\/div>\n<\/div>\n\n\n\n<p class=\"has-large-font-size\"><strong>Beethoven: Ode \u00e0 Alegria<\/strong><\/p>\n\n\n\n<p class=\"has-black-color has-text-color has-link-color has-medium-font-size wp-elements-9874eabb7fbe7d7eefe6383d02ae8e60\">A professora\u00a0Eloiza Limeira, especialista em filosofia cl\u00e1ssica e orat\u00f3ria, mergulha nas complexidades da vida e obra do renomado compositor e pianista alem\u00e3o Ludwig van Beethoven. Publicada pela\u00a0Hanoi Editora, a obra oferece uma perspectiva \u00fanica ao explorar n\u00e3o apenas a musicalidade, mas tamb\u00e9m os pensamentos e emo\u00e7\u00f5es que moldaram a personalidade desse g\u00eanio. Com uma linguagem did\u00e1tica, essa homenagem percorre desde as obras mais conhecidas at\u00e9 os desafios pessoais enfrentados por &#8220;Tio Beto&#8221;, como carinhosamente a autora o denomina. A professora vai al\u00e9m da mera an\u00e1lise hist\u00f3rica ou biogr\u00e1fica, concentrando-se na autenticidade marcante de Beethoven para extrair li\u00e7\u00f5es filos\u00f3ficas facilmente aplic\u00e1veis ao cotidiano. Dentre os ensinamentos, a narrativa destaca, por exemplo, a import\u00e2ncia da disciplina e do entendimento das regras para alcan\u00e7ar a originalidade.<\/p>\n\n\n\n<div class=\"wp-block-columns is-layout-flex wp-container-core-columns-is-layout-9d6595d7 wp-block-columns-is-layout-flex\">\n<div class=\"wp-block-column is-layout-flow wp-block-column-is-layout-flow\" style=\"flex-basis:100%\"><div class=\"wp-block-image\">\n<figure class=\"aligncenter size-full is-resized\"><img decoding=\"async\" src=\"https:\/\/marilenepaiva.com\/wp-content\/uploads\/2024\/04\/serraboi.png\" alt=\"\" class=\"wp-image-2169\" style=\"width:300px;height:auto\"\/><\/figure>\n<\/div><\/div>\n<\/div>\n\n\n\n<div class=\"wp-block-columns is-layout-flex wp-container-core-columns-is-layout-9d6595d7 wp-block-columns-is-layout-flex\">\n<div class=\"wp-block-column is-layout-flow wp-block-column-is-layout-flow\" style=\"flex-basis:100%\"><div class=\"wp-block-image\">\n<figure class=\"aligncenter size-full is-resized\"><img decoding=\"async\" src=\"https:\/\/marilenepaiva.com\/wp-content\/uploads\/2024\/04\/trattoria.png\" alt=\"\" class=\"wp-image-2170\" style=\"width:298px;height:auto\"\/><\/figure>\n<\/div><\/div>\n<\/div>\n\n\n\n<div class=\"wp-block-columns is-layout-flex wp-container-core-columns-is-layout-9d6595d7 wp-block-columns-is-layout-flex\">\n<div class=\"wp-block-column is-layout-flow wp-block-column-is-layout-flow\" style=\"flex-basis:100%\"><div class=\"wp-block-image\">\n<figure class=\"aligncenter size-full is-resized\"><img decoding=\"async\" src=\"https:\/\/marilenepaiva.com\/wp-content\/uploads\/2024\/04\/Captura-de-tela-2024-02-19-222258.png\" alt=\"\" class=\"wp-image-2171\" style=\"width:315px;height:auto\"\/><\/figure>\n<\/div><\/div>\n<\/div>\n\n\n\n<div class=\"wp-block-columns is-layout-flex wp-container-core-columns-is-layout-9d6595d7 wp-block-columns-is-layout-flex\">\n<div class=\"wp-block-column is-layout-flow wp-block-column-is-layout-flow\" style=\"flex-basis:100%\">\n<figure class=\"wp-block-image size-large\"><img decoding=\"async\" src=\"https:\/\/marilenepaiva.com\/wp-content\/uploads\/2024\/04\/F1-ALINE-GURGEL-1-2-576x1024.jpg\" alt=\"\" class=\"wp-image-2172\"\/><\/figure>\n<\/div>\n<\/div>\n\n\n\n<p><em>Mais bela tradu\u00e7\u00e3o de amor e compet\u00eancia pela endocrinologia e seus pacientes diab\u00e9ticos. A aniversariante de ontem, m\u00e9dica Aline Gurgel, m\u00e3e de Lara e Diana e esposa do anestesiologista Ney J\u00fanior. Parab\u00e9ns querida!<\/em><\/p>\n\n\n\n<div class=\"wp-block-columns is-layout-flex wp-container-core-columns-is-layout-9d6595d7 wp-block-columns-is-layout-flex\">\n<div class=\"wp-block-column is-layout-flow wp-block-column-is-layout-flow\" style=\"flex-basis:100%\">\n<figure class=\"wp-block-image size-large\"><img decoding=\"async\" src=\"https:\/\/marilenepaiva.com\/wp-content\/uploads\/2024\/04\/f2-elano-soraya-e-maze-797x1024.jpg\" alt=\"\" class=\"wp-image-2173\"\/><\/figure>\n<\/div>\n<\/div>\n\n\n\n<p><em>O casal Elano Cant\u00eddio e Soraya ao lado de filhos e netos passou o feriado da Semana Santa no Hotel Chal\u00e9 Lagoa dos Ing\u00e1s, Serra de Martins. No clique, dividindo bons momentos com a prefeita Maz\u00e9 Gurgel. Salve, salve!<\/em><\/p>\n\n\n\n<div class=\"wp-block-columns is-layout-flex wp-container-core-columns-is-layout-9d6595d7 wp-block-columns-is-layout-flex\">\n<div class=\"wp-block-column is-layout-flow wp-block-column-is-layout-flow\" style=\"flex-basis:100%\">\n<figure class=\"wp-block-image size-full\"><img decoding=\"async\" src=\"https:\/\/marilenepaiva.com\/wp-content\/uploads\/2024\/04\/f3-franlin-diana-e.jpg\" alt=\"\" class=\"wp-image-2174\"\/><\/figure>\n<\/div>\n<\/div>\n\n\n\n<p><em>O Villa Grega \u00e9 um dos points preferidos dos potiguares. E com todos os m\u00e9ritos. Re\u00fane o creme de la creme da boa gastronomia. E \u00e9 lindinho. E tem gente descolada. Parab\u00e9ns por acreditar, casal Franklin Britto e Em\u00eddia Burlamaqui, com a Executiva Doces Finos Diana Helen.<\/em><\/p>\n\n\n\n<div class=\"wp-block-columns is-layout-flex wp-container-core-columns-is-layout-9d6595d7 wp-block-columns-is-layout-flex\">\n<div class=\"wp-block-column is-layout-flow wp-block-column-is-layout-flow\" style=\"flex-basis:100%\">\n<figure class=\"wp-block-image size-large\"><img decoding=\"async\" src=\"https:\/\/marilenepaiva.com\/wp-content\/uploads\/2024\/04\/f4-monalisa-589x1024.jpg\" alt=\"\" class=\"wp-image-2175\"\/><\/figure>\n<\/div>\n<\/div>\n\n\n\n<p><em>De Mossor\u00f3 para o mundo, utilizando a caracter\u00edstica de multifacetado, Ze Maria Dantas, conhecido como Monalisa Fartura, chegou aos bastidores m\u00e1gicos da Universal Studios na Fl\u00f3rida, onde teve o honroso papel de produtor de figurantes em \u2018Dois \u00e9 Demais em Orlando\u2019. Uma com\u00e9dia para toda a fam\u00edlia, que conta com o brilhantismo de Eduardo Sterblitz , Pedro Borgarelli, Luana Martai, entre outros atores. Este projeto, uma produ\u00e7\u00e3o da MPC Filmes sob a dire\u00e7\u00e3o vision\u00e1ria de Rodrigo Van Der Pug, foi uma aventura inesquec\u00edvel, repleta de colabora\u00e7\u00e3o, risadas e momentos memor\u00e1veis. \u2018Dois \u00e9 Demais em Orlando \u2019 j\u00e1 conquista cora\u00e7\u00f5es por todo o Brasil, e isso deixa Mossoro cheia de orgulho. Confiram no Multicine Partage.<\/em><\/p>\n\n\n\n<div class=\"wp-block-columns is-layout-flex wp-container-core-columns-is-layout-9d6595d7 wp-block-columns-is-layout-flex\">\n<div class=\"wp-block-column is-layout-flow wp-block-column-is-layout-flow\" style=\"flex-basis:100%\">\n<figure class=\"wp-block-image size-large\"><img decoding=\"async\" src=\"https:\/\/marilenepaiva.com\/wp-content\/uploads\/2024\/04\/F5-SERGIONEIRE-E-SAUDADE-820x1024.jpg\" alt=\"\" class=\"wp-image-2176\"\/><\/figure>\n<\/div>\n<\/div>\n\n\n\n<p><em>Ele abre abril, dia 1\u00ba, com estilo e glamour. O colunista S\u00e9rgio Chaves completa 5.9 cheio de charme e simpatia. Ao lado da amiga e parceira apresentadora Saudade Azevedo entrevistando a empres\u00e1ria PRESEN\u00c7A, Neire Dias para o programa Os Feras. Felicidades S\u00e9rgio!<\/em><\/p>\n","protected":false},"excerpt":{"rendered":"<p>CHAMPANHE NO GELO Festejam idade nova: Kaline Cibele, Maria Jos\u00e9 Vila\u00e7a de Figueiredo, H\u00e9lder Cavalcanti, George Aldi de Souza Silva, Samuel Rubens de Oliveira. Parab\u00e9ns, meus amores!!!! DIA MUNDIAL DA CONSCIENTIZA\u00c7\u00c3O DO AUTISMO \u00c9 hoje. Dia 02 de abril. O mundo inteiro comemora o dia Mundial da Conscientiza\u00e7\u00e3o do Autismo. \u00c9 muito importante as reflex\u00f5es [&hellip;]<\/p>\n","protected":false},"author":1,"featured_media":1688,"comment_status":"open","ping_status":"open","sticky":true,"template":"","format":"standard","meta":{"footnotes":""},"categories":[3],"tags":[],"class_list":["post-2166","post","type-post","status-publish","format-standard","has-post-thumbnail","hentry","category-colunas"],"_links":{"self":[{"href":"https:\/\/marilenepaiva.com\/index.php?rest_route=\/wp\/v2\/posts\/2166","targetHints":{"allow":["GET"]}}],"collection":[{"href":"https:\/\/marilenepaiva.com\/index.php?rest_route=\/wp\/v2\/posts"}],"about":[{"href":"https:\/\/marilenepaiva.com\/index.php?rest_route=\/wp\/v2\/types\/post"}],"author":[{"embeddable":true,"href":"https:\/\/marilenepaiva.com\/index.php?rest_route=\/wp\/v2\/users\/1"}],"replies":[{"embeddable":true,"href":"https:\/\/marilenepaiva.com\/index.php?rest_route=%2Fwp%2Fv2%2Fcomments&post=2166"}],"version-history":[{"count":2,"href":"https:\/\/marilenepaiva.com\/index.php?rest_route=\/wp\/v2\/posts\/2166\/revisions"}],"predecessor-version":[{"id":2178,"href":"https:\/\/marilenepaiva.com\/index.php?rest_route=\/wp\/v2\/posts\/2166\/revisions\/2178"}],"wp:featuredmedia":[{"embeddable":true,"href":"https:\/\/marilenepaiva.com\/index.php?rest_route=\/wp\/v2\/media\/1688"}],"wp:attachment":[{"href":"https:\/\/marilenepaiva.com\/index.php?rest_route=%2Fwp%2Fv2%2Fmedia&parent=2166"}],"wp:term":[{"taxonomy":"category","embeddable":true,"href":"https:\/\/marilenepaiva.com\/index.php?rest_route=%2Fwp%2Fv2%2Fcategories&post=2166"},{"taxonomy":"post_tag","embeddable":true,"href":"https:\/\/marilenepaiva.com\/index.php?rest_route=%2Fwp%2Fv2%2Ftags&post=2166"}],"curies":[{"name":"wp","href":"https:\/\/api.w.org\/{rel}","templated":true}]}}