{"id":2179,"date":"2024-04-02T13:30:14","date_gmt":"2024-04-02T13:30:14","guid":{"rendered":"https:\/\/marilenepaiva.com\/?p=2179"},"modified":"2024-04-02T13:30:15","modified_gmt":"2024-04-02T13:30:15","slug":"gente-de-fato-3-de-abril-de-2024","status":"publish","type":"post","link":"https:\/\/marilenepaiva.com\/?p=2179","title":{"rendered":"GENTE DE FATO 3 DE ABRIL DE 2024"},"content":{"rendered":"\n<p class=\"has-large-font-size\"><strong>CHAMPANHE NO GELO<\/strong><\/p>\n\n\n\n<p class=\"has-black-color has-text-color has-link-color has-medium-font-size wp-elements-07b901aa6f384c8e342dca8e8777859a\">Festejam idade nova hoje, dia 3:Sandra Guimar\u00e3es, Michelle Medeiros, Pedro Marcelino, L\u00e1zaro Fabr\u00edcio, Deilson Pereira, Cristina Ferreira, Karina Nunes, Linwerson Niashy, Ros\u00e2ngela Costa, Williams Rebou\u00e7as, Jos\u00e9 M\u00e1rio Cabral, Ruth Ciarlini, Edson Fagundes Filho, Val\u00e9ria Bulc\u00e3o e Jorge do Ros\u00e1rio. Parab\u00e9ns, meus amores!!!!<\/p>\n\n\n\n<div class=\"wp-block-columns is-layout-flex wp-container-core-columns-is-layout-9d6595d7 wp-block-columns-is-layout-flex\">\n<div class=\"wp-block-column is-layout-flow wp-block-column-is-layout-flow\" style=\"flex-basis:100%\"><div class=\"wp-block-image\">\n<figure class=\"aligncenter size-full is-resized\"><img decoding=\"async\" src=\"https:\/\/marilenepaiva.com\/wp-content\/uploads\/2024\/04\/Design-sem-nome-2.jpg\" alt=\"\" class=\"wp-image-2167\" style=\"width:386px;height:auto\"\/><\/figure>\n<\/div><\/div>\n<\/div>\n\n\n\n<p class=\"has-large-font-size\"><strong>DE JANEIRO A JANEIRO&#8230;<\/strong><\/p>\n\n\n\n<p class=\"has-black-color has-text-color has-link-color has-medium-font-size wp-elements-a0c02ea07a23931e0502c1ad0b249967\">Os adeptos da vida saud\u00e1vel est\u00e3o se jogando nas mais diversas pr\u00e1ticas esportivas, entre as favoritas, est\u00e3o as pedaladas matutinas e noturnas. Em pequenos e grandes grupos, as ruas de Mossor\u00f3 est\u00e3o cheinhas de ciclistas. Isso \u00e9 que \u00e9 estilo de vida. Alexandre N\u00e9o e Irenilda Holanda s\u00e3o exemplos de como o ciclismo \u00e9 um exorcismo di\u00e1rio para as mazelas do corpo e da mente. Pedalar liberta.<\/p>\n\n\n\n<div class=\"wp-block-columns is-layout-flex wp-container-core-columns-is-layout-9d6595d7 wp-block-columns-is-layout-flex\">\n<div class=\"wp-block-column is-layout-flow wp-block-column-is-layout-flow\" style=\"flex-basis:100%\"><div class=\"wp-block-image\">\n<figure class=\"aligncenter size-full is-resized\"><img decoding=\"async\" src=\"https:\/\/marilenepaiva.com\/wp-content\/uploads\/2024\/04\/serraboi.png\" alt=\"\" class=\"wp-image-2169\" style=\"width:272px;height:auto\"\/><\/figure>\n<\/div><\/div>\n<\/div>\n\n\n\n<p class=\"has-large-font-size\"><strong>SEMANA SANTA EM MARTINS<\/strong><\/p>\n\n\n\n<p class=\"has-black-color has-text-color has-link-color has-medium-font-size wp-elements-a3f3146bd4f0565b6ad39ec149040811\">Renovo meu amor pela cidade serrana de Martins a cada temporada que passa. Amo os amigos de l\u00e1, os de c\u00e1 que visitam e prometem voltar. Martins tem o encanto e a sedu\u00e7\u00e3o de um lugar muito feliz em sua geografia e no acolhimento do seu povo. E, com as chuvas que banharam a nossa regi\u00e3o, a natureza se fez exuberante e deixou pleno de esperan\u00e7a o homem do campo. Vivas!<\/p>\n\n\n\n<div class=\"wp-block-columns is-layout-flex wp-container-core-columns-is-layout-9d6595d7 wp-block-columns-is-layout-flex\">\n<div class=\"wp-block-column is-layout-flow wp-block-column-is-layout-flow\" style=\"flex-basis:100%\"><div class=\"wp-block-image\">\n<figure class=\"aligncenter size-full is-resized\"><img decoding=\"async\" src=\"https:\/\/marilenepaiva.com\/wp-content\/uploads\/2024\/04\/trattoria.png\" alt=\"\" class=\"wp-image-2170\" style=\"width:284px;height:auto\"\/><\/figure>\n<\/div><\/div>\n<\/div>\n\n\n\n<p class=\"has-large-font-size\"><strong>LIBERDADE FEST 2024<\/strong><\/p>\n\n\n\n<p class=\"has-medium-font-size\">A Loja Ma\u00e7\u00f4nica Liberdade 33 e a Associa\u00e7\u00e3o Samaritana Maria M\u00f4nica Gurgel anunciam a realiza\u00e7\u00e3o da edi\u00e7\u00e3o 2024 da Liberdade Fest. O evento chega a nona edi\u00e7\u00e3o com ampla programa\u00e7\u00e3o de artistas locais e regionais.&nbsp; A Liberdade Fest ser\u00e1 realizada no Requinte Buffet, no dia 18 de maio, aberta ao p\u00fablico. Com car\u00e1ter beneficente, o evento refor\u00e7a as atividades de filantropia desenvolvidas pela Loja Ma\u00e7\u00f4nica Liberdade 33 e a Associa\u00e7\u00e3o Samaritana Maria M\u00f4nica Gurgel.<\/p>\n\n\n\n<div class=\"wp-block-columns is-layout-flex wp-container-core-columns-is-layout-9d6595d7 wp-block-columns-is-layout-flex\">\n<div class=\"wp-block-column is-layout-flow wp-block-column-is-layout-flow\" style=\"flex-basis:100%\"><div class=\"wp-block-image\">\n<figure class=\"aligncenter size-full is-resized\"><img decoding=\"async\" src=\"https:\/\/marilenepaiva.com\/wp-content\/uploads\/2024\/04\/Captura-de-tela-2024-02-19-222258.png\" alt=\"\" class=\"wp-image-2171\" style=\"width:287px;height:auto\"\/><\/figure>\n<\/div>\n\n<div class=\"wp-block-image\">\n<figure class=\"aligncenter size-full is-resized\"><img decoding=\"async\" src=\"https:\/\/marilenepaiva.com\/wp-content\/uploads\/2024\/04\/22.png\" alt=\"\" class=\"wp-image-2168\" style=\"width:296px;height:auto\"\/><\/figure>\n<\/div><\/div>\n<\/div>\n\n\n\n<div class=\"wp-block-columns is-layout-flex wp-container-core-columns-is-layout-9d6595d7 wp-block-columns-is-layout-flex\">\n<div class=\"wp-block-column is-layout-flow wp-block-column-is-layout-flow\" style=\"flex-basis:100%\">\n<figure class=\"wp-block-image size-large\"><img decoding=\"async\" src=\"https:\/\/marilenepaiva.com\/wp-content\/uploads\/2024\/04\/F1-RUTH-CIARLINI-930x1024.jpg\" alt=\"\" class=\"wp-image-2180\"\/><\/figure>\n<\/div>\n<\/div>\n\n\n\n<p><em>Hoje \u00e9 dia de abra\u00e7ar e beijar a aniversariante Ruth Ciarlini. Pessoa do meu bem querer. No clique, com as irm\u00e3s, filhas de Clovis e Conchecita: Rosalba, Rosin e Rejane. Parab\u00e9ns e felicidades.<\/em><\/p>\n\n\n\n<div class=\"wp-block-columns is-layout-flex wp-container-core-columns-is-layout-9d6595d7 wp-block-columns-is-layout-flex\">\n<div class=\"wp-block-column is-layout-flow wp-block-column-is-layout-flow\" style=\"flex-basis:100%\">\n<figure class=\"wp-block-image size-large\"><img decoding=\"async\" src=\"https:\/\/marilenepaiva.com\/wp-content\/uploads\/2024\/04\/F2-VALERIA-BULCAO-766x1024.jpg\" alt=\"\" class=\"wp-image-2181\"\/><\/figure>\n<\/div>\n<\/div>\n\n\n\n<p><em>Todos os vivas para a jornalista Val\u00e9ria Bulc\u00e3o, aniversariante de hoje. Parab\u00e9ns querida!<\/em><\/p>\n\n\n\n<div class=\"wp-block-columns is-layout-flex wp-container-core-columns-is-layout-9d6595d7 wp-block-columns-is-layout-flex\">\n<div class=\"wp-block-column is-layout-flow wp-block-column-is-layout-flow\" style=\"flex-basis:100%\">\n<figure class=\"wp-block-image size-large\"><img decoding=\"async\" src=\"https:\/\/marilenepaiva.com\/wp-content\/uploads\/2024\/04\/f3-glorinha-e-evaldo-1024x945.jpg\" alt=\"\" class=\"wp-image-2182\"\/><\/figure>\n<\/div>\n<\/div>\n\n\n\n<p><em>O casal Edvaldo e Glorinha Santos prestigiando a noite de lan\u00e7amento do livro do professor Felipe Caetano, no audit\u00f3rio Eliseu Ventania. No registro da imagem com a vi\u00fava Socorro Oliveira e a filha Karina. Salve Felipe Caetano!<\/em><\/p>\n\n\n\n<div class=\"wp-block-columns is-layout-flex wp-container-core-columns-is-layout-9d6595d7 wp-block-columns-is-layout-flex\">\n<div class=\"wp-block-column is-layout-flow wp-block-column-is-layout-flow\" style=\"flex-basis:100%\">\n<figure class=\"wp-block-image size-large\"><img decoding=\"async\" src=\"https:\/\/marilenepaiva.com\/wp-content\/uploads\/2024\/04\/F4-SANDRA-GUIMARAES-827x1024.jpg\" alt=\"\" class=\"wp-image-2183\"\/><\/figure>\n<\/div>\n<\/div>\n\n\n\n<p><em>A toda querida Assistente Social Sandra Guimar\u00e3es festeja idade nova hoje e ganha os mimos do amado irm\u00e3o Padre Guimar\u00e3es. Sa\u00fade e paz.<\/em><\/p>\n\n\n\n<div class=\"wp-block-columns is-layout-flex wp-container-core-columns-is-layout-9d6595d7 wp-block-columns-is-layout-flex\">\n<div class=\"wp-block-column is-layout-flow wp-block-column-is-layout-flow\" style=\"flex-basis:100%\">\n<figure class=\"wp-block-image size-large\"><img decoding=\"async\" src=\"https:\/\/marilenepaiva.com\/wp-content\/uploads\/2024\/04\/f5-paulo-gastao-e-angela-1024x911.jpg\" alt=\"\" class=\"wp-image-2184\"\/><\/figure>\n<\/div>\n<\/div>\n\n\n\n<p><em>Semana inteirinha de vivas para o empres\u00e1rio Paulinho Gast\u00e3o, que ganhou sess\u00e3o bolo confeitado na M\u00e1rmores e Granitos e os beijinhos dos filhos e da esposa \u00c2ngela Cruz. Parab\u00e9ns!<\/em><\/p>\n","protected":false},"excerpt":{"rendered":"<p>CHAMPANHE NO GELO Festejam idade nova hoje, dia 3:Sandra Guimar\u00e3es, Michelle Medeiros, Pedro Marcelino, L\u00e1zaro Fabr\u00edcio, Deilson Pereira, Cristina Ferreira, Karina Nunes, Linwerson Niashy, Ros\u00e2ngela Costa, Williams Rebou\u00e7as, Jos\u00e9 M\u00e1rio Cabral, Ruth Ciarlini, Edson Fagundes Filho, Val\u00e9ria Bulc\u00e3o e Jorge do Ros\u00e1rio. Parab\u00e9ns, meus amores!!!! DE JANEIRO A JANEIRO&#8230; Os adeptos da vida saud\u00e1vel est\u00e3o [&hellip;]<\/p>\n","protected":false},"author":1,"featured_media":1688,"comment_status":"open","ping_status":"open","sticky":true,"template":"","format":"standard","meta":{"footnotes":""},"categories":[3],"tags":[],"class_list":["post-2179","post","type-post","status-publish","format-standard","has-post-thumbnail","hentry","category-colunas"],"_links":{"self":[{"href":"https:\/\/marilenepaiva.com\/index.php?rest_route=\/wp\/v2\/posts\/2179","targetHints":{"allow":["GET"]}}],"collection":[{"href":"https:\/\/marilenepaiva.com\/index.php?rest_route=\/wp\/v2\/posts"}],"about":[{"href":"https:\/\/marilenepaiva.com\/index.php?rest_route=\/wp\/v2\/types\/post"}],"author":[{"embeddable":true,"href":"https:\/\/marilenepaiva.com\/index.php?rest_route=\/wp\/v2\/users\/1"}],"replies":[{"embeddable":true,"href":"https:\/\/marilenepaiva.com\/index.php?rest_route=%2Fwp%2Fv2%2Fcomments&post=2179"}],"version-history":[{"count":1,"href":"https:\/\/marilenepaiva.com\/index.php?rest_route=\/wp\/v2\/posts\/2179\/revisions"}],"predecessor-version":[{"id":2185,"href":"https:\/\/marilenepaiva.com\/index.php?rest_route=\/wp\/v2\/posts\/2179\/revisions\/2185"}],"wp:featuredmedia":[{"embeddable":true,"href":"https:\/\/marilenepaiva.com\/index.php?rest_route=\/wp\/v2\/media\/1688"}],"wp:attachment":[{"href":"https:\/\/marilenepaiva.com\/index.php?rest_route=%2Fwp%2Fv2%2Fmedia&parent=2179"}],"wp:term":[{"taxonomy":"category","embeddable":true,"href":"https:\/\/marilenepaiva.com\/index.php?rest_route=%2Fwp%2Fv2%2Fcategories&post=2179"},{"taxonomy":"post_tag","embeddable":true,"href":"https:\/\/marilenepaiva.com\/index.php?rest_route=%2Fwp%2Fv2%2Ftags&post=2179"}],"curies":[{"name":"wp","href":"https:\/\/api.w.org\/{rel}","templated":true}]}}