{"id":2186,"date":"2024-04-03T22:30:49","date_gmt":"2024-04-03T22:30:49","guid":{"rendered":"https:\/\/marilenepaiva.com\/?p=2186"},"modified":"2024-04-03T22:30:50","modified_gmt":"2024-04-03T22:30:50","slug":"gente-de-fato-4-de-abril-de-2024","status":"publish","type":"post","link":"https:\/\/marilenepaiva.com\/?p=2186","title":{"rendered":"GENTE DE FATO 4 DE ABRIL DE 2024"},"content":{"rendered":"\n<blockquote class=\"wp-block-quote is-layout-flow wp-block-quote-is-layout-flow\">\n<p class=\"has-large-font-size\"><strong>ORPHEU<\/strong><\/p>\n\n\n\n<p class=\"has-black-color has-text-color has-link-color has-medium-font-size wp-elements-895d7e7767d9067eaa7d6973808208e4\">Vivem em n\u00f3s in\u00fameros;&nbsp;<\/p>\n\n\n\n<p class=\"has-black-color has-text-color has-link-color has-medium-font-size wp-elements-bbd68d93a311eb58c9107cd9ff2d0c1c\">Se penso ou sinto, ignoro&nbsp;<\/p>\n\n\n\n<p class=\"has-black-color has-text-color has-link-color has-medium-font-size wp-elements-f8f3fc8190915a48bdf8086f423be84f\">Quem \u00e9 que pensa ou sente.&nbsp;<\/p>\n\n\n\n<p class=\"has-black-color has-text-color has-link-color has-medium-font-size wp-elements-0020e0cddbc95970deae83777448cb98\">Sou somente o lugar&nbsp;<\/p>\n\n\n\n<p class=\"has-black-color has-text-color has-link-color has-medium-font-size wp-elements-29c424cff37ca483760214a256e75253\">Onde se sente ou pensa.&nbsp;<\/p>\n\n\n\n<p class=\"has-black-color has-text-color has-link-color has-medium-font-size wp-elements-f96b9a1305d205dc3f3cfd92d450aa91\">Tenho mais almas que uma.&nbsp;<\/p>\n\n\n\n<p class=\"has-black-color has-text-color has-link-color has-medium-font-size wp-elements-70dab674ba652602d2f28ac3214042b7\">H\u00e1 mais eus do que eu mesmo.&nbsp;<\/p>\n\n\n\n<p class=\"has-black-color has-text-color has-link-color has-medium-font-size wp-elements-82a3ff3134a4c8ff905acf3ca65eeda4\">Existo todavia&nbsp;<\/p>\n\n\n\n<p class=\"has-black-color has-text-color has-link-color has-medium-font-size wp-elements-b41e29d828e7d8783efdfca3a0eadc41\">Indiferente a todos.&nbsp;<\/p>\n\n\n\n<p class=\"has-black-color has-text-color has-link-color has-medium-font-size wp-elements-5f6a838f24c1f9a00f0ad2bbed12a394\">Fa\u00e7o-os calar: eu falo.&nbsp;<\/p>\n\n\n\n<p class=\"has-black-color has-text-color has-link-color has-medium-font-size wp-elements-6928dda887ee92fdecf5dd87b2d2fa07\">Os impulsos cruzados&nbsp;<\/p>\n\n\n\n<p class=\"has-black-color has-text-color has-link-color has-medium-font-size wp-elements-a8124a61c7bdb9c5fb659b5ecc5fedcf\">Do que sinto ou n\u00e3o sinto&nbsp;<\/p>\n\n\n\n<p class=\"has-black-color has-text-color has-link-color has-medium-font-size wp-elements-7cce76d4b10ed71237e739b95d6b343c\">Disputam em quem sou.&nbsp;<\/p>\n\n\n\n<p class=\"has-black-color has-text-color has-link-color has-medium-font-size wp-elements-a536f4f5ed64696079b2cf915d1b671f\">Ignoro-os. Nada ditam&nbsp;<\/p>\n\n\n\n<p class=\"has-black-color has-text-color has-link-color has-medium-font-size wp-elements-23228d7bcd3bdb610712cf0048858f89\">A quem me sei: eu &#8216;screvo.<\/p>\n\n\n\n<p><\/p>\n<cite>Fernando Pessoa<\/cite><\/blockquote>\n\n\n\n<div class=\"wp-block-columns is-layout-flex wp-container-core-columns-is-layout-9d6595d7 wp-block-columns-is-layout-flex\">\n<div class=\"wp-block-column is-layout-flow wp-block-column-is-layout-flow\" style=\"flex-basis:100%\"><div class=\"wp-block-image\">\n<figure class=\"aligncenter size-full is-resized\"><img decoding=\"async\" src=\"https:\/\/marilenepaiva.com\/wp-content\/uploads\/2024\/04\/Design-sem-nome-2.jpg\" alt=\"\" class=\"wp-image-2167\" style=\"width:458px;height:auto\"\/><\/figure>\n<\/div><\/div>\n<\/div>\n\n\n\n<p class=\"has-large-font-size\"><strong>CHAMPANHE NO GELO<\/strong><\/p>\n\n\n\n<p class=\"has-black-color has-text-color has-link-color has-medium-font-size wp-elements-33bfe4ee692a3dc90599cfb82e55d423\">Apagam as velinhas hoje: Nara Saraiva, Maria do Socorro C\u00e2mara, Jo\u00e3o Filho, K\u00e1tia Pinto, Paulo Almeida, Michelle Fons\u00eaca, Val\u00e9ria dos Reis, Larissa Gabrielle Ara\u00fajo, Lucieder &nbsp;Sousa, Mariza Pinto, &nbsp;Valdirene Fontes, M\u00f4nica Jogiana, Linno Diogenes, Aliny Carlos, Larissa Costa, Carlos Dos Anjos, Adolfo Fernandes e &nbsp;Daiane Rebou\u00e7as. Parab\u00e9ns!<\/p>\n\n\n\n<div class=\"wp-block-columns is-layout-flex wp-container-core-columns-is-layout-9d6595d7 wp-block-columns-is-layout-flex\">\n<div class=\"wp-block-column is-layout-flow wp-block-column-is-layout-flow\" style=\"flex-basis:100%\"><div class=\"wp-block-image\">\n<figure class=\"aligncenter size-full is-resized\"><img decoding=\"async\" src=\"https:\/\/marilenepaiva.com\/wp-content\/uploads\/2024\/04\/trattoria.png\" alt=\"\" class=\"wp-image-2170\" style=\"width:314px;height:auto\"\/><\/figure>\n<\/div><\/div>\n<\/div>\n\n\n\n<p class=\"has-large-font-size\"><strong><em>&#8220;<\/em>GRACIAS \u00c0 LA VIDA, QUE ME A DADO TANTO&#8230;&#8221;<\/strong><\/p>\n\n\n\n<p class=\"has-black-color has-text-color has-link-color has-medium-font-size wp-elements-19d96764a9ae6873e3bcc5dadc72f6e9\">O amigo Carlos Augusto Ara\u00fajo celebra o anivers\u00e1rio de 2 Anos do Podcast Feedback. E diz que muito tem a comemorar e agradecer a cada um que colabora ou acessa o seu trabalho. \u00c9 poss\u00edvel sim termos disciplina, estabilidade e compromisso! Empoderar \u00e9 isso! Parab\u00e9ns, Carlos, vida longa ao Feedback!<\/p>\n\n\n<div class=\"wp-block-image\">\n<figure class=\"aligncenter size-full is-resized\"><img decoding=\"async\" src=\"https:\/\/marilenepaiva.com\/wp-content\/uploads\/2024\/04\/Captura-de-tela-2024-02-19-222258.png\" alt=\"\" class=\"wp-image-2171\" style=\"width:295px;height:auto\"\/><\/figure>\n<\/div>\n\n\n<blockquote class=\"wp-block-quote is-layout-flow wp-block-quote-is-layout-flow\">\n<p class=\"has-large-font-size\"><strong>DE: GUIMAR\u00c3ES ROSA<\/strong><\/p>\n\n\n\n<p class=\"has-black-color has-text-color has-link-color has-medium-font-size wp-elements-31f0f48b46ce099979ccf9a6b45d68ff\">Para: Padre Philipe Villeneuve<\/p>\n\n\n\n<p class=\"has-black-color has-text-color has-link-color has-medium-font-size wp-elements-fb4b15e26cfae764cca054136189777e\">\u201c&#8230;verdes vindo \u00e0 face da luz<br>na beirada de cada folha<br>a queda de uma gota\u201d &#8230;<\/p>\n<\/blockquote>\n\n\n<div class=\"wp-block-image\">\n<figure class=\"aligncenter size-full is-resized\"><img decoding=\"async\" src=\"https:\/\/marilenepaiva.com\/wp-content\/uploads\/2024\/04\/22.png\" alt=\"\" class=\"wp-image-2168\" style=\"width:340px;height:auto\"\/><\/figure>\n<\/div>\n\n\n<p class=\"has-large-font-size\"><strong>AS ALUNAS ALICE KEROLY DI\u00d3GENES ARA\u00daJO E MAYARA LOUISE DE OLIVEIRA SILVA, DA CIDADE DE TIBAU\/RN, S\u00c3O DUAS DAS SELECIONADAS PARA A REGENERON ISEF.<\/strong><\/p>\n\n\n\n<p class=\"has-black-color has-text-color has-link-color has-medium-font-size wp-elements-1b7d80e1506d9c586bafd9a144c593ed\">Duas estudantes potiguares estar\u00e3o representando o Brasil e o Rio Grande do Norte na Regeneron ISEF (International Science and Engineering Fair), que acontece entre os dias 11 a 17 de maio, em Los Angeles, Calif\u00f3rnia (EUA), considerada a maior feira pr\u00e9-universit\u00e1ria de ci\u00eancias do mundo. Elas foram premiadas na Mostratec (Mostra Internacional de Ci\u00eancia e Tecnologia), que \u00e9 considerada a maior feira de jovens pesquisadores da Am\u00e9rica Latina.\u00a0<\/p>\n\n\n\n<div class=\"wp-block-columns is-layout-flex wp-container-core-columns-is-layout-9d6595d7 wp-block-columns-is-layout-flex\">\n<div class=\"wp-block-column is-layout-flow wp-block-column-is-layout-flow\" style=\"flex-basis:100%\"><div class=\"wp-block-image\">\n<figure class=\"aligncenter size-full is-resized\"><img decoding=\"async\" src=\"https:\/\/marilenepaiva.com\/wp-content\/uploads\/2024\/04\/serraboi.png\" alt=\"\" class=\"wp-image-2169\" style=\"width:326px;height:auto\"\/><\/figure>\n<\/div><\/div>\n<\/div>\n\n\n\n<div class=\"wp-block-columns is-layout-flex wp-container-core-columns-is-layout-9d6595d7 wp-block-columns-is-layout-flex\">\n<div class=\"wp-block-column is-layout-flow wp-block-column-is-layout-flow\" style=\"flex-basis:100%\">\n<figure class=\"wp-block-image size-large\"><img decoding=\"async\" src=\"https:\/\/marilenepaiva.com\/wp-content\/uploads\/2024\/04\/f1-marryeuginne-641x1024.jpg\" alt=\"\" class=\"wp-image-2187\"\/><\/figure>\n<\/div>\n<\/div>\n\n\n\n<p><em>Abril inicia com as bandeiras do respeito e do amor. \u00a0A empres\u00e1ria Marry Cherry Marryeuginne encontra-se em Paris. Hoje, ela realiza o teste revela\u00e7\u00e3o e amplia a sua felicidade por mil. Parab\u00e9ns lindinha!<\/em><\/p>\n\n\n\n<div class=\"wp-block-columns is-layout-flex wp-container-core-columns-is-layout-9d6595d7 wp-block-columns-is-layout-flex\">\n<div class=\"wp-block-column is-layout-flow wp-block-column-is-layout-flow\" style=\"flex-basis:100%\">\n<figure class=\"wp-block-image size-large\"><img decoding=\"async\" src=\"https:\/\/marilenepaiva.com\/wp-content\/uploads\/2024\/04\/f2-nara-e-valdeci-2-1024x905.jpg\" alt=\"\" class=\"wp-image-2188\"\/><\/figure>\n<\/div>\n<\/div>\n\n\n\n<p><em>Daqui para Caruaru, enviamos os votos de feliz anivers\u00e1rio para a minha amiga linda e querida nutricionista Nara Saraiva dos Santos. Ganha mimos e abra\u00e7os do marido Valdeci Silva e dos filhos Leonardo e Marina. Tintin!<\/em><\/p>\n\n\n\n<div class=\"wp-block-columns is-layout-flex wp-container-core-columns-is-layout-9d6595d7 wp-block-columns-is-layout-flex\">\n<div class=\"wp-block-column is-layout-flow wp-block-column-is-layout-flow\" style=\"flex-basis:100%\">\n<figure class=\"wp-block-image size-full\"><img decoding=\"async\" src=\"https:\/\/marilenepaiva.com\/wp-content\/uploads\/2024\/04\/f3-katia-e-yuri.jpg\" alt=\"\" class=\"wp-image-2189\"\/><\/figure>\n<\/div>\n<\/div>\n\n\n\n<p><em>Ela \u00e9 fina, elegante e sincera. Linda e querida.\u00a0 Ela \u00e9 a musa de Yuri.Ela \u00e9 a Engenheira\u00a0 K\u00e1tia Pinto, ex- secretaria municipal. Aniversariante de hoje. Sa\u00fade, paz e luz em seus caminhos. Felicidades!<\/em><\/p>\n\n\n\n<div class=\"wp-block-columns is-layout-flex wp-container-core-columns-is-layout-9d6595d7 wp-block-columns-is-layout-flex\">\n<div class=\"wp-block-column is-layout-flow wp-block-column-is-layout-flow\" style=\"flex-basis:100%\">\n<figure class=\"wp-block-image size-large\"><img decoding=\"async\" src=\"https:\/\/marilenepaiva.com\/wp-content\/uploads\/2024\/04\/f4-diana-larisse-e-eu-1-670x1024.jpg\" alt=\"\" class=\"wp-image-2190\"\/><\/figure>\n<\/div>\n<\/div>\n\n\n\n<p><em>A toda bacana Larissa Gabrielle de Ara\u00fajo apaga velinhas hoje. No clique, ganhando o abra\u00e7o da amiga Diana Helen. Maravilhosas.\u00a0\u00a0 Sa\u00fade e paz. Parab\u00e9ns!<\/em><\/p>\n\n\n\n<div class=\"wp-block-columns is-layout-flex wp-container-core-columns-is-layout-9d6595d7 wp-block-columns-is-layout-flex\">\n<div class=\"wp-block-column is-layout-flow wp-block-column-is-layout-flow\" style=\"flex-basis:100%\">\n<figure class=\"wp-block-image size-full\"><img decoding=\"async\" src=\"https:\/\/marilenepaiva.com\/wp-content\/uploads\/2024\/04\/f5-andre-neo.jpg\" alt=\"\" class=\"wp-image-2191\"\/><\/figure>\n<\/div>\n<\/div>\n\n\n\n<p><em>De uma maneira muito familiar, o primo Andr\u00e9 Neo apagou velinhas ontem.\u00a0 Felicidades, hoje e sempre!!!<\/em><\/p>\n\n\n\n<div class=\"wp-block-columns is-layout-flex wp-container-core-columns-is-layout-9d6595d7 wp-block-columns-is-layout-flex\">\n<div class=\"wp-block-column is-layout-flow wp-block-column-is-layout-flow\" style=\"flex-basis:100%\">\n<figure class=\"wp-block-image size-full\"><img decoding=\"async\" src=\"https:\/\/marilenepaiva.com\/wp-content\/uploads\/2024\/04\/f6-michelle-fonseca-1.jpg\" alt=\"\" class=\"wp-image-2192\"\/><\/figure>\n<\/div>\n<\/div>\n\n\n\n<p><em>Todos os vivas \u00e0 jornalista, Professora e Mestre de Cerim\u00f4nia , Michele Fonseca \u00a0que celebra vida nova hoje. Deus aben\u00e7oe sua vida. Parab\u00e9ns querida!<\/em><\/p>\n","protected":false},"excerpt":{"rendered":"<p>ORPHEU Vivem em n\u00f3s in\u00fameros;&nbsp; Se penso ou sinto, ignoro&nbsp; Quem \u00e9 que pensa ou sente.&nbsp; Sou somente o lugar&nbsp; Onde se sente ou pensa.&nbsp; Tenho mais almas que uma.&nbsp; H\u00e1 mais eus do que eu mesmo.&nbsp; Existo todavia&nbsp; Indiferente a todos.&nbsp; Fa\u00e7o-os calar: eu falo.&nbsp; Os impulsos cruzados&nbsp; Do que sinto ou n\u00e3o sinto&nbsp; [&hellip;]<\/p>\n","protected":false},"author":1,"featured_media":1688,"comment_status":"open","ping_status":"open","sticky":true,"template":"","format":"standard","meta":{"footnotes":""},"categories":[3],"tags":[],"class_list":["post-2186","post","type-post","status-publish","format-standard","has-post-thumbnail","hentry","category-colunas"],"_links":{"self":[{"href":"https:\/\/marilenepaiva.com\/index.php?rest_route=\/wp\/v2\/posts\/2186","targetHints":{"allow":["GET"]}}],"collection":[{"href":"https:\/\/marilenepaiva.com\/index.php?rest_route=\/wp\/v2\/posts"}],"about":[{"href":"https:\/\/marilenepaiva.com\/index.php?rest_route=\/wp\/v2\/types\/post"}],"author":[{"embeddable":true,"href":"https:\/\/marilenepaiva.com\/index.php?rest_route=\/wp\/v2\/users\/1"}],"replies":[{"embeddable":true,"href":"https:\/\/marilenepaiva.com\/index.php?rest_route=%2Fwp%2Fv2%2Fcomments&post=2186"}],"version-history":[{"count":1,"href":"https:\/\/marilenepaiva.com\/index.php?rest_route=\/wp\/v2\/posts\/2186\/revisions"}],"predecessor-version":[{"id":2193,"href":"https:\/\/marilenepaiva.com\/index.php?rest_route=\/wp\/v2\/posts\/2186\/revisions\/2193"}],"wp:featuredmedia":[{"embeddable":true,"href":"https:\/\/marilenepaiva.com\/index.php?rest_route=\/wp\/v2\/media\/1688"}],"wp:attachment":[{"href":"https:\/\/marilenepaiva.com\/index.php?rest_route=%2Fwp%2Fv2%2Fmedia&parent=2186"}],"wp:term":[{"taxonomy":"category","embeddable":true,"href":"https:\/\/marilenepaiva.com\/index.php?rest_route=%2Fwp%2Fv2%2Fcategories&post=2186"},{"taxonomy":"post_tag","embeddable":true,"href":"https:\/\/marilenepaiva.com\/index.php?rest_route=%2Fwp%2Fv2%2Ftags&post=2186"}],"curies":[{"name":"wp","href":"https:\/\/api.w.org\/{rel}","templated":true}]}}