{"id":2194,"date":"2024-04-04T21:51:03","date_gmt":"2024-04-04T21:51:03","guid":{"rendered":"https:\/\/marilenepaiva.com\/?p=2194"},"modified":"2024-04-04T21:51:04","modified_gmt":"2024-04-04T21:51:04","slug":"gente-de-fato-5-de-abril-de-2024","status":"publish","type":"post","link":"https:\/\/marilenepaiva.com\/?p=2194","title":{"rendered":"GENTE DE FATO 5 DE ABRIL DE 2024"},"content":{"rendered":"\n<p class=\"has-large-font-size\"><strong>CHAMPANHE NO GELO<\/strong><\/p>\n\n\n\n<p class=\"has-black-color has-text-color has-link-color has-medium-font-size wp-elements-34d6ba96fca66fefa82db52b4c844645\">A lista de aniversariantes neste 5 de abril \u00e9 grande e n\u00f3s abra\u00e7amos cada um com o desejo de muitas felicidades: Ricardo Figueiredo, <a href=\"https:\/\/www.facebook.com\/jeane.pereira\">J\u00ea Souza Pereira<\/a>, <a href=\"https:\/\/www.facebook.com\/melhor.viagenseturismo\">Everton Holanda de Freitas<\/a>, <a href=\"https:\/\/www.facebook.com\/isinhaguerra\">\u00cdsis Guerra<\/a>, <a href=\"https:\/\/www.facebook.com\/leilianepinto.rodrigues\">Leilinha Pinto<\/a>, <a href=\"https:\/\/www.facebook.com\/zaqueudireitounp.marinheiro\">Zaqueu Marinheiro<\/a>, <a href=\"https:\/\/www.facebook.com\/klennylson.fernandes\">Klenylson Fernandes<\/a>, <a href=\"https:\/\/www.facebook.com\/meyvisson.nathan\">Meyvisson Nathan<\/a>, <a href=\"https:\/\/www.facebook.com\/viviane.nands\">Viviane Fernandes<\/a>, <a href=\"https:\/\/www.facebook.com\/rayane.vitoria.98\">Rayane Vitoria<\/a>, <a href=\"https:\/\/www.facebook.com\/jailmachristinyr\">Jailma Christiny Ribeiro<\/a>, <a href=\"https:\/\/www.facebook.com\/karidyamayara\">Karidya Mayara Reis<\/a>, <a href=\"https:\/\/www.facebook.com\/anna.jullya.31\">Anna Jullya<\/a>, <a href=\"https:\/\/www.facebook.com\/hallison.castro\">Hallison Castro<\/a>, M\u00facio S\u00e1, Tony Filho, Stanislaw Iz\u00eddio de Lima Segundo, Valqu\u00edria Anunciato da Silveira Maia, Victor Menezes Silva, Alba Leite de Souza, M\u00e1rio S\u00e9rgio Falc\u00e3o, Maria de Lourdes Martins Amorim, Rold\u00e3o Fausto de Melo, Ciro Ney de Moura Leite, Yuri Costa, Soraya Leite Oliveira, Irene Oliveira, Rayane Vitoria, Suzanne Gurgel, Viviane Fernandes, Meyvisson Nathan, Luciana Brito e Cyro Robson. Parab\u00e9ns!!!<\/p>\n\n\n\n<div class=\"wp-block-columns is-layout-flex wp-container-core-columns-is-layout-9d6595d7 wp-block-columns-is-layout-flex\">\n<div class=\"wp-block-column is-layout-flow wp-block-column-is-layout-flow\" style=\"flex-basis:100%\"><div class=\"wp-block-image\">\n<figure class=\"aligncenter size-full is-resized\"><img decoding=\"async\" src=\"https:\/\/marilenepaiva.com\/wp-content\/uploads\/2024\/04\/Design-sem-nome-2.jpg\" alt=\"\" class=\"wp-image-2167\" style=\"width:401px;height:auto\"\/><\/figure>\n<\/div><\/div>\n<\/div>\n\n\n\n<p class=\"has-large-font-size\"><strong>MADOCA MEU AMOR<\/strong><\/p>\n\n\n\n<p class=\"has-black-color has-text-color has-link-color has-medium-font-size wp-elements-768ad808ffebe4d1612e2d819d12abb5\">Maria do Carmo Andrade Lins de Albuquerque. Madoca. Minha amiga querida. H\u00e1 dois anos, num dia 03 de abril, receb\u00edamos a not\u00edcia da sua P\u00e1scoa definitiva. Seu cora\u00e7\u00e3o lindo parou. Infartou fulminantemente. Estava ao lado da m\u00e3e Lucilia. Das irm\u00e3s Carol e Cec\u00edlia. Com uma das g\u00eameas, a jornalista Maria Eduarda. Maria Elena embarcada nos mares da vida. Estavas feliz Madoquinha, celebrando &#8230;e assim, de repente, n\u00e3o mais que de repente, voc\u00ea se foi. Dia anterior havias me ligado marcando de vir passar a Semana Santa aqui em Mossor\u00f3 comigo. Conversamos mais de duas horas. S\u00f3 desligamos porque meu celular tava descarregando&#8230;Hoje a saudade continua no meu cora\u00e7\u00e3o. Comprei uma rosa do deserto amarela com tons de pink e coloquei teu nome. Todos os dias a nossa rosa Madoca t\u00e1 florida, \u00e9 incr\u00edvel como ela est\u00e1 sempre linda&#8230;dizendo pra gente que a vida \u00e9 bela. Obrigada Senhor por 40 anos de uma amizade leal e verdadeira. E cada verso meu ser\u00e1 para te dizer que eu sei que vou te amar por toda a minha vida. Para sempre.<\/p>\n\n\n\n<div class=\"wp-block-columns is-layout-flex wp-container-core-columns-is-layout-9d6595d7 wp-block-columns-is-layout-flex\">\n<div class=\"wp-block-column is-layout-flow wp-block-column-is-layout-flow\" style=\"flex-basis:100%\"><div class=\"wp-block-image\">\n<figure class=\"aligncenter size-large is-resized\"><img decoding=\"async\" src=\"https:\/\/marilenepaiva.com\/wp-content\/uploads\/2024\/04\/Imagem-do-WhatsApp-de-2024-04-04-as-08.53.06_7c569f46-1024x241.jpg\" alt=\"\" class=\"wp-image-2195\" style=\"width:408px;height:auto\"\/><\/figure>\n<\/div><\/div>\n<\/div>\n\n\n\n<p class=\"has-large-font-size\"><strong>A MORTE SEMPRE \u00c9 ESPALHAFATOSA, CHEGA E NOS TIRA A ATEN\u00c7\u00c3O.<\/strong><\/p>\n\n\n\n<p class=\"has-medium-font-size\">\u201cA vida \u00e9 finita, todo come\u00e7o tem o seu fim. Eis o veredito. Todos os instantes somos visitados pela senhora libitina, que se mostra diferente a aqueles que recolhe, os frutos de \u00e1rvores mais pr\u00f3ximas. Se fosse um estranho. n\u00e3o haveria como\u00e7\u00e3o, no m\u00e1ximo, solidariedade, pois, n\u00e3o conseguir\u00edamos viver ante tanta desola\u00e7\u00e3o. Como na guerra que acontece no outro lado do Atl\u00e2ntico, a gente sente, sofre, mas consegue se manter distante das afli\u00e7\u00f5es mais urgentes. Minha querida Marilene, a morte n\u00e3o \u00e9 um mist\u00e9rio, ela \u00e9 ela mesmo e nada do que possamos elaborar vai mudar o que est\u00e1 posto. De imediato, \u00e9 isto mesmo. Se vale uma sugest\u00e3o, ria muito sobre tudo que foi bom, sobre os devaneios, os acertos, os erros e, principalmente, sobre o que foi vivido em intensidade e f\u00f4lego.\u201d Gostaria de dizer esse dito por F\u00e1bia L\u00facia para o Padre Charles Lamartine e amigos e familiares do doce Padre Philipe. Segundo Marina Luiza, entre l\u00e1grimas quando, logo ao acordar, lhe relatei da passagem do padre, em seu carinho de 14 anos ela me disse : Padre Philipe \u00e9 um fofo, muito querido, me dava bom dia com um sorriso . E falando em sorriso e l\u00e1grimas, o advogado Marcos Ara\u00fajo consegue ser brilhante e \u00fanico em sua narrativa imaginando a acolhida de Padre S\u00e1tiro ao Padre Philipe. Nos meus sonhos, vi a escola de santos. Salve Marquinhos, salve F\u00e1bia L\u00facia. Em suas palavras voc\u00eas nos passam f\u00e9 e amor.<\/p>\n\n\n\n<div class=\"wp-block-columns is-layout-flex wp-container-core-columns-is-layout-9d6595d7 wp-block-columns-is-layout-flex\">\n<div class=\"wp-block-column is-layout-flow wp-block-column-is-layout-flow\" style=\"flex-basis:100%\"><div class=\"wp-block-image\">\n<figure class=\"aligncenter size-full is-resized\"><img decoding=\"async\" src=\"https:\/\/marilenepaiva.com\/wp-content\/uploads\/2024\/04\/Captura-de-tela-2024-02-19-222258.png\" alt=\"\" class=\"wp-image-2171\" style=\"width:297px;height:auto\"\/><\/figure>\n<\/div><\/div>\n<\/div>\n\n\n\n<div class=\"wp-block-columns is-layout-flex wp-container-core-columns-is-layout-9d6595d7 wp-block-columns-is-layout-flex\">\n<div class=\"wp-block-column is-layout-flow wp-block-column-is-layout-flow\" style=\"flex-basis:100%\"><div class=\"wp-block-image\">\n<figure class=\"aligncenter size-full is-resized\"><img decoding=\"async\" src=\"https:\/\/marilenepaiva.com\/wp-content\/uploads\/2024\/04\/22.png\" alt=\"\" class=\"wp-image-2168\" style=\"width:306px;height:auto\"\/><\/figure>\n<\/div><\/div>\n<\/div>\n\n\n\n<div class=\"wp-block-columns is-layout-flex wp-container-core-columns-is-layout-9d6595d7 wp-block-columns-is-layout-flex\">\n<div class=\"wp-block-column is-layout-flow wp-block-column-is-layout-flow\" style=\"flex-basis:100%\"><div class=\"wp-block-image\">\n<figure class=\"aligncenter size-full is-resized\"><img decoding=\"async\" src=\"https:\/\/marilenepaiva.com\/wp-content\/uploads\/2024\/04\/serraboi.png\" alt=\"\" class=\"wp-image-2169\" style=\"width:310px;height:auto\"\/><\/figure>\n<\/div><\/div>\n<\/div>\n\n\n\n<div class=\"wp-block-columns is-layout-flex wp-container-core-columns-is-layout-9d6595d7 wp-block-columns-is-layout-flex\">\n<div class=\"wp-block-column is-layout-flow wp-block-column-is-layout-flow\" style=\"flex-basis:100%\"><div class=\"wp-block-image\">\n<figure class=\"aligncenter size-full is-resized\"><img decoding=\"async\" src=\"https:\/\/marilenepaiva.com\/wp-content\/uploads\/2024\/04\/trattoria.png\" alt=\"\" class=\"wp-image-2170\" style=\"width:302px;height:auto\"\/><\/figure>\n<\/div><\/div>\n<\/div>\n\n\n\n<div class=\"wp-block-columns is-layout-flex wp-container-core-columns-is-layout-9d6595d7 wp-block-columns-is-layout-flex\">\n<div class=\"wp-block-column is-layout-flow wp-block-column-is-layout-flow\" style=\"flex-basis:100%\">\n<figure class=\"wp-block-image size-large\"><img decoding=\"async\" src=\"https:\/\/marilenepaiva.com\/wp-content\/uploads\/2024\/04\/f1-je-sousa-e-bianca-1-824x1024.jpg\" alt=\"\" class=\"wp-image-2196\"\/><\/figure>\n<\/div>\n<\/div>\n\n\n\n<p><em>Daqui para Chicago, enviamos os votos de feliz anivers\u00e1rio para a amiga mossoroense Jeanne Souza, muito amada de S\u00e9rgio Pereira. No clique, com a filha Bianca. Tudo de melhor,J\u00ea!<\/em><\/p>\n\n\n\n<div class=\"wp-block-columns is-layout-flex wp-container-core-columns-is-layout-9d6595d7 wp-block-columns-is-layout-flex\">\n<div class=\"wp-block-column is-layout-flow wp-block-column-is-layout-flow\" style=\"flex-basis:100%\">\n<figure class=\"wp-block-image size-large\"><img decoding=\"async\" src=\"https:\/\/marilenepaiva.com\/wp-content\/uploads\/2024\/04\/f2-leilene-liliane-e-jaima-677x1024.jpg\" alt=\"\" class=\"wp-image-2197\"\/><\/figure>\n<\/div>\n<\/div>\n\n\n\n<p><em>Leillene Carolino, Jailma e Liliana Almeide. Lind\u00edssimas by Ateli\u00ea F\u00e1tima Carlos para o debut de Gigi Rosado. Tintin maravilhosas!<\/em><\/p>\n\n\n\n<div class=\"wp-block-columns is-layout-flex wp-container-core-columns-is-layout-9d6595d7 wp-block-columns-is-layout-flex\">\n<div class=\"wp-block-column is-layout-flow wp-block-column-is-layout-flow\" style=\"flex-basis:100%\">\n<figure class=\"wp-block-image size-full\"><img decoding=\"async\" src=\"https:\/\/marilenepaiva.com\/wp-content\/uploads\/2024\/04\/F3-JOSELENE-ROBERTA.jpg\" alt=\"\" class=\"wp-image-2198\"\/><\/figure>\n<\/div>\n<\/div>\n\n\n\n<p><em>As bioqu\u00edmicas do Hospital Wilson Rosado:\u00a0 Joselene Bezerra, Tarciana e Erika Caldas com a m\u00e3e da debutante Giovana, a toda bela Roberta Rosado. Salve, salve!<\/em><\/p>\n\n\n\n<div class=\"wp-block-columns is-layout-flex wp-container-core-columns-is-layout-9d6595d7 wp-block-columns-is-layout-flex\">\n<div class=\"wp-block-column is-layout-flow wp-block-column-is-layout-flow\" style=\"flex-basis:100%\">\n<figure class=\"wp-block-image size-full\"><img decoding=\"async\" src=\"https:\/\/marilenepaiva.com\/wp-content\/uploads\/2024\/04\/F4-EMAGRECENTRO-2.jpg\" alt=\"\" class=\"wp-image-2199\"\/><\/figure>\n<\/div>\n<\/div>\n\n\n\n<p><em>Team Emagrecentro: Executiva Raffaelly Holanda com as biom\u00e9dicas Dras. Juliany Fernandes e Hiorrana Monally. As enfermeiras com especializa\u00e7\u00e3o em est\u00e9tica: \u00a0Leila Layane e Alynny Morgana e a recepcionista nota mil Jaciara Braga.<\/em><\/p>\n\n\n\n<div class=\"wp-block-columns is-layout-flex wp-container-core-columns-is-layout-9d6595d7 wp-block-columns-is-layout-flex\">\n<div class=\"wp-block-column is-layout-flow wp-block-column-is-layout-flow\" style=\"flex-basis:100%\">\n<figure class=\"wp-block-image size-full\"><img decoding=\"async\" src=\"https:\/\/marilenepaiva.com\/wp-content\/uploads\/2024\/04\/F5-geilson.jpg\" alt=\"\" class=\"wp-image-2200\"\/><\/figure>\n<\/div>\n<\/div>\n\n\n\n<p><em>O diretor administrativo Robson Amorim e o diretor de Inova\u00e7\u00f5es, Geison Freire, com a empres\u00e1ria Netech Chimena Bezerra, entregando mais um leito da campanha Adote um Leito, da Liga de Mossor\u00f3.<\/em><\/p>\n","protected":false},"excerpt":{"rendered":"<p>CHAMPANHE NO GELO A lista de aniversariantes neste 5 de abril \u00e9 grande e n\u00f3s abra\u00e7amos cada um com o desejo de muitas felicidades: Ricardo Figueiredo, J\u00ea Souza Pereira, Everton Holanda de Freitas, \u00cdsis Guerra, Leilinha Pinto, Zaqueu Marinheiro, Klenylson Fernandes, Meyvisson Nathan, Viviane Fernandes, Rayane Vitoria, Jailma Christiny Ribeiro, Karidya Mayara Reis, Anna Jullya, [&hellip;]<\/p>\n","protected":false},"author":1,"featured_media":1688,"comment_status":"open","ping_status":"open","sticky":true,"template":"","format":"standard","meta":{"footnotes":""},"categories":[3],"tags":[],"class_list":["post-2194","post","type-post","status-publish","format-standard","has-post-thumbnail","hentry","category-colunas"],"_links":{"self":[{"href":"https:\/\/marilenepaiva.com\/index.php?rest_route=\/wp\/v2\/posts\/2194","targetHints":{"allow":["GET"]}}],"collection":[{"href":"https:\/\/marilenepaiva.com\/index.php?rest_route=\/wp\/v2\/posts"}],"about":[{"href":"https:\/\/marilenepaiva.com\/index.php?rest_route=\/wp\/v2\/types\/post"}],"author":[{"embeddable":true,"href":"https:\/\/marilenepaiva.com\/index.php?rest_route=\/wp\/v2\/users\/1"}],"replies":[{"embeddable":true,"href":"https:\/\/marilenepaiva.com\/index.php?rest_route=%2Fwp%2Fv2%2Fcomments&post=2194"}],"version-history":[{"count":1,"href":"https:\/\/marilenepaiva.com\/index.php?rest_route=\/wp\/v2\/posts\/2194\/revisions"}],"predecessor-version":[{"id":2201,"href":"https:\/\/marilenepaiva.com\/index.php?rest_route=\/wp\/v2\/posts\/2194\/revisions\/2201"}],"wp:featuredmedia":[{"embeddable":true,"href":"https:\/\/marilenepaiva.com\/index.php?rest_route=\/wp\/v2\/media\/1688"}],"wp:attachment":[{"href":"https:\/\/marilenepaiva.com\/index.php?rest_route=%2Fwp%2Fv2%2Fmedia&parent=2194"}],"wp:term":[{"taxonomy":"category","embeddable":true,"href":"https:\/\/marilenepaiva.com\/index.php?rest_route=%2Fwp%2Fv2%2Fcategories&post=2194"},{"taxonomy":"post_tag","embeddable":true,"href":"https:\/\/marilenepaiva.com\/index.php?rest_route=%2Fwp%2Fv2%2Ftags&post=2194"}],"curies":[{"name":"wp","href":"https:\/\/api.w.org\/{rel}","templated":true}]}}