{"id":2202,"date":"2024-04-05T19:26:44","date_gmt":"2024-04-05T19:26:44","guid":{"rendered":"https:\/\/marilenepaiva.com\/?p=2202"},"modified":"2024-04-05T19:27:19","modified_gmt":"2024-04-05T19:27:19","slug":"gente-de-fato-6-de-abril-de-2024","status":"publish","type":"post","link":"https:\/\/marilenepaiva.com\/?p=2202","title":{"rendered":"GENTE DE FATO 6 DE ABRIL DE 2024"},"content":{"rendered":"\n<blockquote class=\"wp-block-quote is-layout-flow wp-block-quote-is-layout-flow\">\n<p class=\"has-large-font-size\"><strong>ORPHEU<\/strong><\/p>\n\n\n\n<p class=\"has-black-color has-text-color has-link-color has-medium-font-size wp-elements-68272e95446d3eb41e1cba2dbe9e3887\">Que sei eu do que serei, eu que n\u00e3o sei o que sou?<br>Ser o que penso? Mas penso ser tanta coisa!<br>E h\u00e1 tantos que pensam ser a mesma coisa que n\u00e3o pode haver tantos!<br>G\u00e9nio? Neste momento<br>Cem mil c\u00e9rebros se concebem em sonho g\u00e9nios como eu,<br>E a hist\u00f3ria n\u00e3o marcar\u00e1, quem sabe?, nem um,<br>Nem haver\u00e1 sen\u00e3o estrume de tantas conquistas futuras.<br>N\u00e3o, n\u00e3o creio em mim.<br>Em todos os manic\u00f3mios h\u00e1 doidos malucos com tantas certezas!<\/p>\n\n\n\n<p class=\"has-black-color has-text-color has-link-color wp-elements-cbde8a21c833e0d624179a09f33cd199\">Fernando Pessoa.<\/p>\n<\/blockquote>\n\n\n\n<div class=\"wp-block-columns is-layout-flex wp-container-core-columns-is-layout-9d6595d7 wp-block-columns-is-layout-flex\">\n<div class=\"wp-block-column is-layout-flow wp-block-column-is-layout-flow\" style=\"flex-basis:100%\"><div class=\"wp-block-image\">\n<figure class=\"aligncenter size-full is-resized\"><img decoding=\"async\" src=\"https:\/\/marilenepaiva.com\/wp-content\/uploads\/2024\/04\/Design-sem-nome-2.jpg\" alt=\"\" class=\"wp-image-2167\" style=\"width:353px;height:auto\"\/><\/figure>\n<\/div><\/div>\n<\/div>\n\n\n\n<p class=\"has-large-font-size\"><strong>UNS E OUTROS&#8230;<\/strong><\/p>\n\n\n\n<p class=\"has-medium-font-size\">Apagam velinhas hoje: Isabeline Oliveira, Renan Freire, Felipe Pinheiro, Cl\u00e9zimo Lima de Azevedo, Leovigildo Cavalcante Neto, Talita Maia, Marina Elali, Carlos de Medeiros Luz. Felicidades!!!<\/p>\n\n\n\n<p class=\"has-medium-font-size\">Aniversariam amanh\u00e3,7: M\u00e9rcia Mesquita Silva, Creudo Neto, Marta Esc\u00f3ssia Morais,<\/p>\n\n\n\n<p class=\"has-medium-font-size\">Marcos Medeiros, Dulce Valdes de Andrade, Jos\u00e9 Dias, Gilceleno Jales Amorim,<\/p>\n\n\n\n<p class=\"has-medium-font-size\">Edgard C\u00e9sar Burlamaqui de Lima, Antonia Gomes de Oliveira, Mariana Soares de<\/p>\n\n\n\n<p class=\"has-medium-font-size\">Lima, Ant\u00f4nia Maria de Medeiros, Kalyano Riketh Medeiros, Francisco Valdomiro de<\/p>\n\n\n\n<p class=\"has-medium-font-size\">Morais. Parab\u00e9ns!!!<\/p>\n\n\n\n<p class=\"has-medium-font-size\">Hoje finalizo a primeira semana &nbsp;&nbsp;de abril desejando os cinco &#8220;S&#8221; : sa\u00fade, sabedoria, serenidade, sucesso e sexo!\u201d<\/p>\n\n\n\n<p class=\"has-medium-font-size\">O gastr\u00f3logo Alexandre N\u00e9o, primo querido, fazendo o maior sucesso com a sua Pr\u00e1tico Gastronomia. Seus temperos s\u00e3o excelentes.<\/p>\n\n\n\n<p class=\"has-medium-font-size\">Padre Charles Lamartine \u00e9 f\u00e3 de Santo Agostinho que diz: \u201ca medida certa de amar \u00e9 amar sem medidas\u201d<\/p>\n\n\n\n<p class=\"has-black-color has-text-color has-link-color has-medium-font-size wp-elements-488a66774e9a55bb9e09723d34a541cf\">Uma das coisas boas que a rede Globo conseguiu produzir nos \u00faltimos meses foi o remake de Renascer.&nbsp; \u00c9 sempre assim.<\/p>\n\n\n\n<p class=\"has-black-color has-text-color has-link-color has-medium-font-size wp-elements-e86229e8a4a8316611b68421dd7b64a3\">&nbsp;Andar sobre as \u00e1guas ou afundar.? Andar de cabe\u00e7a erguida ,confiante. Acreditando. Deixe que digam, que pensem, que falem&#8230;<\/p>\n\n\n\n<p class=\"has-black-color has-text-color has-link-color has-medium-font-size wp-elements-2bcf09f143baaa4743b67dc95eb5a4b1\">A estilista number one do Rio Grande do Norte, F\u00e1tima Carlos, vestiu a Doutora Julita Senna para o Baile de Formatura no Curso de Psicologia da Faculdade Cat\u00f3lica do Rio Grande do Norte.<\/p>\n\n\n\n<p class=\"has-black-color has-text-color has-link-color has-medium-font-size wp-elements-889c8299cadee5649d83986c9a250b1a\">A decis\u00e3o pela mudan\u00e7a exige que fa\u00e7amos escolhas. Quando perceber um h\u00e1bito negativo em a\u00e7\u00e3o, escolha fazer diferente. Insista no processo. A pr\u00e1tica leva ao \u00eaxito.<\/p>\n\n\n\n<p class=\"has-black-color has-text-color has-link-color has-medium-font-size wp-elements-051e8fabd1b9f10d5cdcf8a0b67d1d48\">Enquanto seu lobo soprava la fora, a caravana passava bem na cara das caretas. Fim.<\/p>\n\n\n\n<div class=\"wp-block-columns is-layout-flex wp-container-core-columns-is-layout-9d6595d7 wp-block-columns-is-layout-flex\">\n<div class=\"wp-block-column is-layout-flow wp-block-column-is-layout-flow\" style=\"flex-basis:100%\"><div class=\"wp-block-image\">\n<figure class=\"aligncenter size-large is-resized\"><img decoding=\"async\" src=\"https:\/\/marilenepaiva.com\/wp-content\/uploads\/2024\/04\/Imagem-do-WhatsApp-de-2024-04-04-as-08.53.06_7c569f46-1024x241.jpg\" alt=\"\" class=\"wp-image-2195\" style=\"width:399px;height:auto\"\/><\/figure>\n<\/div><\/div>\n<\/div>\n\n\n\n<div class=\"wp-block-columns is-layout-flex wp-container-core-columns-is-layout-9d6595d7 wp-block-columns-is-layout-flex\">\n<div class=\"wp-block-column is-layout-flow wp-block-column-is-layout-flow\" style=\"flex-basis:100%\"><div class=\"wp-block-image\">\n<figure class=\"aligncenter size-full is-resized\"><img decoding=\"async\" src=\"https:\/\/marilenepaiva.com\/wp-content\/uploads\/2024\/04\/22.png\" alt=\"\" class=\"wp-image-2168\" style=\"width:386px;height:auto\"\/><\/figure>\n<\/div><\/div>\n<\/div>\n\n\n\n<div class=\"wp-block-columns is-layout-flex wp-container-core-columns-is-layout-9d6595d7 wp-block-columns-is-layout-flex\">\n<div class=\"wp-block-column is-layout-flow wp-block-column-is-layout-flow\" style=\"flex-basis:100%\"><div class=\"wp-block-image\">\n<figure class=\"aligncenter size-full is-resized\"><img decoding=\"async\" src=\"https:\/\/marilenepaiva.com\/wp-content\/uploads\/2024\/04\/serraboi.png\" alt=\"\" class=\"wp-image-2169\" style=\"width:396px;height:auto\"\/><\/figure>\n<\/div><\/div>\n<\/div>\n\n\n\n<div class=\"wp-block-columns is-layout-flex wp-container-core-columns-is-layout-9d6595d7 wp-block-columns-is-layout-flex\">\n<div class=\"wp-block-column is-layout-flow wp-block-column-is-layout-flow\" style=\"flex-basis:100%\"><div class=\"wp-block-image\">\n<figure class=\"aligncenter size-full is-resized\"><img decoding=\"async\" src=\"https:\/\/marilenepaiva.com\/wp-content\/uploads\/2024\/04\/trattoria.png\" alt=\"\" class=\"wp-image-2170\" style=\"width:394px;height:auto\"\/><\/figure>\n<\/div><\/div>\n<\/div>\n\n\n\n<div class=\"wp-block-columns is-layout-flex wp-container-core-columns-is-layout-9d6595d7 wp-block-columns-is-layout-flex\">\n<div class=\"wp-block-column is-layout-flow wp-block-column-is-layout-flow\" style=\"flex-basis:100%\"><div class=\"wp-block-image\">\n<figure class=\"aligncenter size-full is-resized\"><img decoding=\"async\" src=\"https:\/\/marilenepaiva.com\/wp-content\/uploads\/2024\/04\/Captura-de-tela-2024-02-19-222258.png\" alt=\"\" class=\"wp-image-2171\" style=\"width:380px;height:auto\"\/><\/figure>\n<\/div><\/div>\n<\/div>\n\n\n\n<p><\/p>\n\n\n\n<div class=\"wp-block-columns is-layout-flex wp-container-core-columns-is-layout-9d6595d7 wp-block-columns-is-layout-flex\">\n<div class=\"wp-block-column is-layout-flow wp-block-column-is-layout-flow\" style=\"flex-basis:100%\">\n<figure class=\"wp-block-image size-full\"><img decoding=\"async\" src=\"https:\/\/marilenepaiva.com\/wp-content\/uploads\/2024\/04\/F1-rafaella-e-eu.jpeg\" alt=\"\" class=\"wp-image-2203\"\/><\/figure>\n<\/div>\n<\/div>\n\n\n\n<p><em>Um livro na m\u00e3o e um sorriso no rosto. A leitura tem que nos conquistar. Euzinha e a Mestra em Educa\u00e7\u00e3o Rafaella Costa nos preparativos para a nossa quarta colet\u00e2nea com as hist\u00f3rias inspiradoras dos m\u00e9dicos na obra: Para todo mal, a cura!<\/em><\/p>\n\n\n\n<div class=\"wp-block-columns is-layout-flex wp-container-core-columns-is-layout-9d6595d7 wp-block-columns-is-layout-flex\">\n<div class=\"wp-block-column is-layout-flow wp-block-column-is-layout-flow\" style=\"flex-basis:100%\">\n<figure class=\"wp-block-image size-large\"><img decoding=\"async\" src=\"https:\/\/marilenepaiva.com\/wp-content\/uploads\/2024\/04\/F2FATIMA-SOCORROJANETE-1024x848.jpeg\" alt=\"\" class=\"wp-image-2204\"\/><\/figure>\n<\/div>\n<\/div>\n\n\n\n<p><em>Pro finde semana come\u00e7ar feliz, o cabeleireiro Fef\u00ea entre as luluzinhas elegantes no Villa Grega, o point dos bacanas, F\u00e1tima Carlos, Janete Queiroz e Socorro Carlos. Salve, salve!<\/em><\/p>\n\n\n\n<div class=\"wp-block-columns is-layout-flex wp-container-core-columns-is-layout-9d6595d7 wp-block-columns-is-layout-flex\">\n<div class=\"wp-block-column is-layout-flow wp-block-column-is-layout-flow\" style=\"flex-basis:100%\">\n<figure class=\"wp-block-image size-large\"><img decoding=\"async\" src=\"https:\/\/marilenepaiva.com\/wp-content\/uploads\/2024\/04\/F3-F3-MARINALDO-ROCHA-829x1024.jpg\" alt=\"\" class=\"wp-image-2205\"\/><\/figure>\n<\/div>\n<\/div>\n\n\n\n<p><em>Marinaldo Rocha assinou a beleza da debutante linda de 2024, Giovana Rosado. No Vintage tamb\u00e9m ficaram mais lindas e deslumbrantes, a m\u00e3e Roberta e a av\u00f3 Betinha Rosado. Quem sabe, sabe!<\/em><\/p>\n\n\n\n<div class=\"wp-block-columns is-layout-flex wp-container-core-columns-is-layout-9d6595d7 wp-block-columns-is-layout-flex\">\n<div class=\"wp-block-column is-layout-flow wp-block-column-is-layout-flow\" style=\"flex-basis:100%\">\n<figure class=\"wp-block-image size-large\"><img decoding=\"async\" src=\"https:\/\/marilenepaiva.com\/wp-content\/uploads\/2024\/04\/F4-marluce-georgiano-luiz-e-zora-1024x672.jpg\" alt=\"\" class=\"wp-image-2206\"\/><\/figure>\n<\/div>\n<\/div>\n\n\n\n<p><em>A amizade \u00e9 uma d\u00e1diva. E eles sabem disso muito bem pelos momentos desfrutados juntos. Quem? A empres\u00e1ria Marluce Bezerra com Zoraide e Georgiano Azevedo. No clique, almo\u00e7ando na melhor barraca de praia de Canoa Quebrada, a Chega mais do amigo Luiz Nogueira. Show!<\/em><\/p>\n\n\n\n<div class=\"wp-block-columns is-layout-flex wp-container-core-columns-is-layout-9d6595d7 wp-block-columns-is-layout-flex\">\n<div class=\"wp-block-column is-layout-flow wp-block-column-is-layout-flow\" style=\"flex-basis:100%\">\n<figure class=\"wp-block-image size-large\"><img decoding=\"async\" src=\"https:\/\/marilenepaiva.com\/wp-content\/uploads\/2024\/04\/F5-JARDA-JACINTA-754x1024.jpg\" alt=\"\" class=\"wp-image-2207\"\/><\/figure>\n<\/div>\n<\/div>\n\n\n\n<p><em>A nutricionista Jarda Jacinta, m\u00e3e muito amada de Elo\u00e1 e Helena Belmont, serena e confiante. DNA de belezas raras. Gosto de gostar.<\/em><\/p>\n","protected":false},"excerpt":{"rendered":"<p>ORPHEU Que sei eu do que serei, eu que n\u00e3o sei o que sou?Ser o que penso? Mas penso ser tanta coisa!E h\u00e1 tantos que pensam ser a mesma coisa que n\u00e3o pode haver tantos!G\u00e9nio? Neste momentoCem mil c\u00e9rebros se concebem em sonho g\u00e9nios como eu,E a hist\u00f3ria n\u00e3o marcar\u00e1, quem sabe?, nem um,Nem haver\u00e1 [&hellip;]<\/p>\n","protected":false},"author":1,"featured_media":1688,"comment_status":"open","ping_status":"open","sticky":true,"template":"","format":"standard","meta":{"footnotes":""},"categories":[3],"tags":[],"class_list":["post-2202","post","type-post","status-publish","format-standard","has-post-thumbnail","hentry","category-colunas"],"_links":{"self":[{"href":"https:\/\/marilenepaiva.com\/index.php?rest_route=\/wp\/v2\/posts\/2202","targetHints":{"allow":["GET"]}}],"collection":[{"href":"https:\/\/marilenepaiva.com\/index.php?rest_route=\/wp\/v2\/posts"}],"about":[{"href":"https:\/\/marilenepaiva.com\/index.php?rest_route=\/wp\/v2\/types\/post"}],"author":[{"embeddable":true,"href":"https:\/\/marilenepaiva.com\/index.php?rest_route=\/wp\/v2\/users\/1"}],"replies":[{"embeddable":true,"href":"https:\/\/marilenepaiva.com\/index.php?rest_route=%2Fwp%2Fv2%2Fcomments&post=2202"}],"version-history":[{"count":1,"href":"https:\/\/marilenepaiva.com\/index.php?rest_route=\/wp\/v2\/posts\/2202\/revisions"}],"predecessor-version":[{"id":2208,"href":"https:\/\/marilenepaiva.com\/index.php?rest_route=\/wp\/v2\/posts\/2202\/revisions\/2208"}],"wp:featuredmedia":[{"embeddable":true,"href":"https:\/\/marilenepaiva.com\/index.php?rest_route=\/wp\/v2\/media\/1688"}],"wp:attachment":[{"href":"https:\/\/marilenepaiva.com\/index.php?rest_route=%2Fwp%2Fv2%2Fmedia&parent=2202"}],"wp:term":[{"taxonomy":"category","embeddable":true,"href":"https:\/\/marilenepaiva.com\/index.php?rest_route=%2Fwp%2Fv2%2Fcategories&post=2202"},{"taxonomy":"post_tag","embeddable":true,"href":"https:\/\/marilenepaiva.com\/index.php?rest_route=%2Fwp%2Fv2%2Ftags&post=2202"}],"curies":[{"name":"wp","href":"https:\/\/api.w.org\/{rel}","templated":true}]}}