{"id":2209,"date":"2024-04-08T23:04:48","date_gmt":"2024-04-08T23:04:48","guid":{"rendered":"https:\/\/marilenepaiva.com\/?p=2209"},"modified":"2024-04-08T23:04:48","modified_gmt":"2024-04-08T23:04:48","slug":"gente-de-fato-9-de-abril-de-2024","status":"publish","type":"post","link":"https:\/\/marilenepaiva.com\/?p=2209","title":{"rendered":"GENTE DE FATO 9 DE ABRIL DE 2024"},"content":{"rendered":"\n<blockquote class=\"wp-block-quote is-layout-flow wp-block-quote-is-layout-flow\">\n<p class=\"has-large-font-size\"><strong>ORPHEU<\/strong><\/p>\n\n\n\n<p class=\"has-black-color has-text-color has-link-color has-medium-font-size wp-elements-219b221b403c15fedf2723ad3317563a\">Desperto sempre antes que raie o dia<br>E escrevo com o sono que perdi.<br>Depois, neste torpor em que a alma \u00e9 fria,<br>Aguardo a aurora, que j\u00e1 quantas vi.<\/p>\n\n\n\n<p class=\"has-black-color has-text-color has-link-color has-medium-font-size wp-elements-c77a94e94cea7f20cbbc434f10b45377\">Fito-a sem aten\u00e7\u00e3o, cinzento verde<br>Que se azula de galos a cantar.<br>Que mau \u00e9 n\u00e3o dormir?&nbsp; A gente perde<br>O que a morte nos d\u00e1 pra come\u00e7ar.<\/p>\n\n\n\n<p class=\"has-black-color has-text-color has-link-color has-medium-font-size wp-elements-677633cddc6dd568e8bdc7d56fb3e405\">Oh Primavera quietada, aurora,<br>Ensina ao meu torpor, em que a alma \u00e9 fria,<br>O que \u00e9 que na alma l\u00edvida a colora<br>Com o que vai acontecer no dia.<\/p>\n\n\n\n<p class=\"has-black-color has-text-color has-link-color wp-elements-e84a6ee3eb03dc5955943fe9475fb19e\">Fernando Pessoa<\/p>\n<\/blockquote>\n\n\n\n<div class=\"wp-block-columns is-layout-flex wp-container-core-columns-is-layout-9d6595d7 wp-block-columns-is-layout-flex\">\n<div class=\"wp-block-column is-layout-flow wp-block-column-is-layout-flow\" style=\"flex-basis:100%\"><div class=\"wp-block-image\">\n<figure class=\"aligncenter size-large is-resized\"><img decoding=\"async\" src=\"https:\/\/marilenepaiva.com\/wp-content\/uploads\/2024\/04\/Imagem-do-WhatsApp-de-2024-04-04-as-08.53.06_7c569f46-1024x241.jpg\" alt=\"\" class=\"wp-image-2195\" style=\"width:374px;height:auto\"\/><\/figure>\n<\/div><\/div>\n<\/div>\n\n\n\n<p class=\"has-large-font-size\"><strong>EU SOU F\u00c3<\/strong><\/p>\n\n\n\n<p class=\"has-black-color has-text-color has-link-color has-medium-font-size wp-elements-57a07d4a8cdc0d5bd51bb07430c5118d\">De gente que gosta de gente. De quem se mant\u00e9m fiel \u00e0s suas convic\u00e7\u00f5es. De quem serve aos mais simples. Sem distin\u00e7\u00e3o. Sou f\u00e3 do aniversariante de hoje, cirurgi\u00e3o bucomaxilo facial, Jarbas Mariano. Deus te aben\u00e7oe infinitamente!<\/p>\n\n\n\n<div class=\"wp-block-columns is-layout-flex wp-container-core-columns-is-layout-9d6595d7 wp-block-columns-is-layout-flex\">\n<div class=\"wp-block-column is-layout-flow wp-block-column-is-layout-flow\" style=\"flex-basis:100%\"><div class=\"wp-block-image\">\n<figure class=\"aligncenter size-full is-resized\"><img decoding=\"async\" src=\"https:\/\/marilenepaiva.com\/wp-content\/uploads\/2024\/04\/Design-sem-nome-2.jpg\" alt=\"\" class=\"wp-image-2167\" style=\"width:401px;height:auto\"\/><\/figure>\n<\/div><\/div>\n<\/div>\n\n\n\n<p class=\"has-large-font-size\"><strong>CHAMPANHE NO GELO<\/strong><\/p>\n\n\n\n<p class=\"has-black-color has-text-color has-link-color has-medium-font-size wp-elements-5000102324d8104aa60cfa52a8264f49\">Apagam velinhas hoje: Igor Fernandes, \u00c1lvaro Dias, Isaac Soares Nogueira, Hermes de Castro Santos J\u00fanior, Joseana Nogueira, Jarbas Miguel Fernandes Mariano, Viviane Rose, C\u00e9lia Maria Pinheiro de Souza, Gilberto Martins, Cristine Shelman Rosado, Cleide Ara\u00fajo, Cacilda Jales Correia Lima, Leila Barbalho de Medeiros, Maxwel Almeida. Parab\u00e9ns!!!<\/p>\n\n\n\n<div class=\"wp-block-columns is-layout-flex wp-container-core-columns-is-layout-9d6595d7 wp-block-columns-is-layout-flex\">\n<div class=\"wp-block-column is-layout-flow wp-block-column-is-layout-flow\" style=\"flex-basis:100%\"><div class=\"wp-block-image\">\n<figure class=\"aligncenter size-full is-resized\"><img decoding=\"async\" src=\"https:\/\/marilenepaiva.com\/wp-content\/uploads\/2024\/04\/serraboi.png\" alt=\"\" class=\"wp-image-2169\" style=\"width:282px;height:auto\"\/><\/figure>\n<\/div><\/div>\n<\/div>\n\n\n\n<p class=\"has-large-font-size\"><strong>DEUS \u00c9 AMOR<\/strong><\/p>\n\n\n\n<p class=\"has-black-color has-text-color has-link-color has-medium-font-size wp-elements-929501c7afbaf9f180a405879c3e7f1e\">A homenagem prestada por Padre Charles Lamartine ao querido Padre Phillipe em sua missa de S\u00e9timo Dia, foi linda. Transcende toda a nossa ternura e admira\u00e7\u00e3o pelo jovem Phillipe que tanto se doou em favor do pr\u00f3ximo. Meu Senhor e Meu Deus.\u201d O mesmo \u00fatero vocacionado que gerou Padre S\u00e1tiro e Padre Charles, em Pau dos Ferros, gerou o Padre Phillipe. Com o cora\u00e7\u00e3o e a alma exultantes, aguardamos o livro ou os livros escritos por Padre Phillipe.<\/p>\n\n\n\n<div class=\"wp-block-columns is-layout-flex wp-container-core-columns-is-layout-9d6595d7 wp-block-columns-is-layout-flex\">\n<div class=\"wp-block-column is-layout-flow wp-block-column-is-layout-flow\" style=\"flex-basis:100%\"><div class=\"wp-block-image\">\n<figure class=\"aligncenter size-full is-resized\"><img decoding=\"async\" src=\"https:\/\/marilenepaiva.com\/wp-content\/uploads\/2024\/04\/trattoria.png\" alt=\"\" class=\"wp-image-2170\" style=\"width:314px;height:auto\"\/><\/figure>\n<\/div><\/div>\n<\/div>\n\n\n\n<p class=\"has-large-font-size\"><strong>NEM FREUD<\/strong><\/p>\n\n\n\n<p class=\"has-black-color has-text-color has-link-color has-medium-font-size wp-elements-c95c4972cb6d01e9738fd084ee4f5449\">P\u00e9rolas do Face:\u201d Rico resolve problema com viagem; classe m\u00e9dia com terapia. e pobre escrevendo frases de efeito nas redes sociais.\u201d Em tempos de infla\u00e7\u00e3o galopante viagens e &nbsp;&nbsp;terapia est\u00e3o bem al\u00e9m da nossa v\u00e3 filosofia. J\u00e1 que os planos de sa\u00fade n\u00e3o cobrem as sess\u00f5es. Ent\u00e3o&#8230;n\u00e3o \u00e9 definitivamente solu\u00e7\u00e3o de classe m\u00e9dia. Ihhhh&#8230;que classe m\u00e9dia mesmo? Existe ainda, cara p\u00e1lida?<\/p>\n\n\n\n<div class=\"wp-block-columns is-layout-flex wp-container-core-columns-is-layout-9d6595d7 wp-block-columns-is-layout-flex\">\n<div class=\"wp-block-column is-layout-flow wp-block-column-is-layout-flow\" style=\"flex-basis:100%\"><div class=\"wp-block-image\">\n<figure class=\"aligncenter size-full is-resized\"><img decoding=\"async\" src=\"https:\/\/marilenepaiva.com\/wp-content\/uploads\/2024\/04\/Captura-de-tela-2024-02-19-222258.png\" alt=\"\" class=\"wp-image-2171\" style=\"width:313px;height:auto\"\/><\/figure>\n<\/div><\/div>\n<\/div>\n\n\n\n<p class=\"has-large-font-size\"><strong>DEUS SANTO, DEUS FORTE, DEUS IMORTAL<\/strong><\/p>\n\n\n\n<p class=\"has-black-color has-text-color has-link-color has-medium-font-size wp-elements-6b3dd0e09aa7b8487a72b9be4d145f34\">Hoje e sempre iremos celebrar o nosso amor a Jesus Misericordioso. A Divina Miseric\u00f3rdia deve ser invocada para a cura das doen\u00e7as f\u00edsicas e mentais. Pela Sua dolorosa paix\u00e3o tende piedade de n\u00f3s e do mundo inteiro. \u00d3 sangue e \u00e1gua, &nbsp;que jorrastes do cora\u00e7\u00e3o de Jesus&#8230;<\/p>\n\n\n\n<div class=\"wp-block-columns is-layout-flex wp-container-core-columns-is-layout-9d6595d7 wp-block-columns-is-layout-flex\">\n<div class=\"wp-block-column is-layout-flow wp-block-column-is-layout-flow\" style=\"flex-basis:100%\"><div class=\"wp-block-image\">\n<figure class=\"aligncenter size-full is-resized\"><img decoding=\"async\" src=\"https:\/\/marilenepaiva.com\/wp-content\/uploads\/2024\/04\/22.png\" alt=\"\" class=\"wp-image-2168\" style=\"width:300px;height:auto\"\/><\/figure>\n<\/div><\/div>\n<\/div>\n\n\n\n<div class=\"wp-block-columns is-layout-flex wp-container-core-columns-is-layout-9d6595d7 wp-block-columns-is-layout-flex\">\n<div class=\"wp-block-column is-layout-flow wp-block-column-is-layout-flow\" style=\"flex-basis:100%\">\n<figure class=\"wp-block-image size-full\"><img decoding=\"async\" src=\"https:\/\/marilenepaiva.com\/wp-content\/uploads\/2024\/04\/F1-JARBAS-E-CLECIVANIA.jpg\" alt=\"\" class=\"wp-image-2210\"\/><\/figure>\n<\/div>\n<\/div>\n\n\n\n<p><em>Dr Jarbas Mariano celebra 6.2 de vida hoje. Aben\u00e7oado por Deus. Cirurgi\u00e3o bucomaxilo facial dos melhores. Muso de Cleciv\u00e2nia Holanda. Feliz anivers\u00e1rio. Sa\u00fade, paz e muitas felicidades.<\/em><\/p>\n\n\n\n<div class=\"wp-block-columns is-layout-flex wp-container-core-columns-is-layout-9d6595d7 wp-block-columns-is-layout-flex\">\n<div class=\"wp-block-column is-layout-flow wp-block-column-is-layout-flow\" style=\"flex-basis:100%\">\n<figure class=\"wp-block-image size-full\"><img decoding=\"async\" src=\"https:\/\/marilenepaiva.com\/wp-content\/uploads\/2024\/04\/f2-lena-duarte-1-1.jpg\" alt=\"\" class=\"wp-image-2211\"\/><\/figure>\n<\/div>\n<\/div>\n\n\n\n<p><em>Todos os vivas para a super querida Lena Duarte, um nome na educa\u00e7\u00e3o potiguar. Sa\u00fade e paz Leninha.<\/em><\/p>\n\n\n\n<div class=\"wp-block-columns is-layout-flex wp-container-core-columns-is-layout-9d6595d7 wp-block-columns-is-layout-flex\">\n<div class=\"wp-block-column is-layout-flow wp-block-column-is-layout-flow\" style=\"flex-basis:100%\">\n<figure class=\"wp-block-image size-large\"><img decoding=\"async\" src=\"https:\/\/marilenepaiva.com\/wp-content\/uploads\/2024\/04\/f3-augusto-jose-749x1024.jpg\" alt=\"\" class=\"wp-image-2212\"\/><\/figure>\n<\/div>\n<\/div>\n\n\n\n<p><em>\u00c9 sobre ser gente boa e muito querido. O funcion\u00e1rio nota mil do Bradesco , advogado Augusto Jos\u00e9 abriu a semana apagando velinhas e recebendo o carinho da esposa Cynara Lopes e dos filhos Augusto Vinicius e Isabella, direto do West Acqua Park.<\/em><\/p>\n\n\n\n<div class=\"wp-block-columns is-layout-flex wp-container-core-columns-is-layout-9d6595d7 wp-block-columns-is-layout-flex\">\n<div class=\"wp-block-column is-layout-flow wp-block-column-is-layout-flow\" style=\"flex-basis:100%\">\n<figure class=\"wp-block-image size-large\"><img decoding=\"async\" src=\"https:\/\/marilenepaiva.com\/wp-content\/uploads\/2024\/04\/f4-marry-e-o-marido-825x1024.jpg\" alt=\"\" class=\"wp-image-2213\"\/><\/figure>\n<\/div>\n<\/div>\n\n\n\n<p><em>Com a Torre Eifel como cen\u00e1rio, em Paris, o casal Marry Euginne e Valterlei Rodrigues anunciou a chegada de Charlotte. Revela\u00e7\u00e3o tr\u00eas chic. Parab\u00e9ns, \u00a0meus amores!<\/em><\/p>\n","protected":false},"excerpt":{"rendered":"<p>ORPHEU Desperto sempre antes que raie o diaE escrevo com o sono que perdi.Depois, neste torpor em que a alma \u00e9 fria,Aguardo a aurora, que j\u00e1 quantas vi. Fito-a sem aten\u00e7\u00e3o, cinzento verdeQue se azula de galos a cantar.Que mau \u00e9 n\u00e3o dormir?&nbsp; A gente perdeO que a morte nos d\u00e1 pra come\u00e7ar. Oh Primavera [&hellip;]<\/p>\n","protected":false},"author":1,"featured_media":1688,"comment_status":"open","ping_status":"open","sticky":true,"template":"","format":"standard","meta":{"footnotes":""},"categories":[3],"tags":[],"class_list":["post-2209","post","type-post","status-publish","format-standard","has-post-thumbnail","hentry","category-colunas"],"_links":{"self":[{"href":"https:\/\/marilenepaiva.com\/index.php?rest_route=\/wp\/v2\/posts\/2209","targetHints":{"allow":["GET"]}}],"collection":[{"href":"https:\/\/marilenepaiva.com\/index.php?rest_route=\/wp\/v2\/posts"}],"about":[{"href":"https:\/\/marilenepaiva.com\/index.php?rest_route=\/wp\/v2\/types\/post"}],"author":[{"embeddable":true,"href":"https:\/\/marilenepaiva.com\/index.php?rest_route=\/wp\/v2\/users\/1"}],"replies":[{"embeddable":true,"href":"https:\/\/marilenepaiva.com\/index.php?rest_route=%2Fwp%2Fv2%2Fcomments&post=2209"}],"version-history":[{"count":1,"href":"https:\/\/marilenepaiva.com\/index.php?rest_route=\/wp\/v2\/posts\/2209\/revisions"}],"predecessor-version":[{"id":2214,"href":"https:\/\/marilenepaiva.com\/index.php?rest_route=\/wp\/v2\/posts\/2209\/revisions\/2214"}],"wp:featuredmedia":[{"embeddable":true,"href":"https:\/\/marilenepaiva.com\/index.php?rest_route=\/wp\/v2\/media\/1688"}],"wp:attachment":[{"href":"https:\/\/marilenepaiva.com\/index.php?rest_route=%2Fwp%2Fv2%2Fmedia&parent=2209"}],"wp:term":[{"taxonomy":"category","embeddable":true,"href":"https:\/\/marilenepaiva.com\/index.php?rest_route=%2Fwp%2Fv2%2Fcategories&post=2209"},{"taxonomy":"post_tag","embeddable":true,"href":"https:\/\/marilenepaiva.com\/index.php?rest_route=%2Fwp%2Fv2%2Ftags&post=2209"}],"curies":[{"name":"wp","href":"https:\/\/api.w.org\/{rel}","templated":true}]}}