{"id":2229,"date":"2024-04-11T23:50:06","date_gmt":"2024-04-11T23:50:06","guid":{"rendered":"https:\/\/marilenepaiva.com\/?p=2229"},"modified":"2024-04-11T23:50:06","modified_gmt":"2024-04-11T23:50:06","slug":"gente-de-fato-12-de-abril-de-2024","status":"publish","type":"post","link":"https:\/\/marilenepaiva.com\/?p=2229","title":{"rendered":"GENTE DE FATO 12 DE ABRIL DE 2024"},"content":{"rendered":"\n<blockquote class=\"wp-block-quote is-layout-flow wp-block-quote-is-layout-flow\">\n<p class=\"has-large-font-size\"><strong>ORPHEU<\/strong><\/p>\n\n\n\n<p class=\"has-black-color has-text-color has-link-color has-medium-font-size wp-elements-d1e213c11e89ca78a3d0f11359e089fb\">\u201cAmo como ama o amor. N\u00e3o conhe\u00e7o nenhuma outra raz\u00e3o para amar sen\u00e3o amar. Que queres que te diga, al\u00e9m de que te amo, se o que quero dizer-te \u00e9 que te amo?\u201d<\/p>\n\n\n\n<p class=\"has-black-color has-text-color has-link-color has-medium-font-size wp-elements-8d90be71899fc9b0e861867caf666e87\">Trecho adaptado de &#8220;Fausto: trag\u00e9dia subjectiva&#8221;, de Fernando Pessoa.<\/p>\n<\/blockquote>\n\n\n\n<div class=\"wp-block-columns is-layout-flex wp-container-core-columns-is-layout-9d6595d7 wp-block-columns-is-layout-flex\">\n<div class=\"wp-block-column is-layout-flow wp-block-column-is-layout-flow\" style=\"flex-basis:100%\"><div class=\"wp-block-image\">\n<figure class=\"aligncenter size-full is-resized\"><img decoding=\"async\" src=\"https:\/\/marilenepaiva.com\/wp-content\/uploads\/2024\/04\/Design-sem-nome-2.jpg\" alt=\"\" class=\"wp-image-2167\" style=\"width:477px;height:auto\"\/><\/figure>\n<\/div><\/div>\n<\/div>\n\n\n\n<p class=\"has-large-font-size\"><strong>CHAMPANHE NO GELO<\/strong><\/p>\n\n\n\n<p class=\"has-black-color has-text-color has-link-color has-medium-font-size wp-elements-e77f1f9eeda1fe760b888eb8254f1164\">Apagam velinhas hoje: Luana Medeiros, Luciana Sivini, Larissa Gurgel, Kedma Kaliane , Jorge Michelli, Cleanda Cavalcante, Paula Alves, Virginia Barros, Val\u00e9ria Oliveira, Rocicleide Bezerra, Paulo Ricardo, Neta Fernandes, Mirrailla Valcacer, Leonardo Saldanha, J\u00falio Ribeiro Soares, Renilsan Costa Nogueira, Maria Neuza Fernandes, Irineu&nbsp; Justino Filho, Robinson Mesquita de Faria e&nbsp; Ney Morais.Parab\u00e9ns!!!<\/p>\n\n\n\n<div class=\"wp-block-columns is-layout-flex wp-container-core-columns-is-layout-9d6595d7 wp-block-columns-is-layout-flex\">\n<div class=\"wp-block-column is-layout-flow wp-block-column-is-layout-flow\" style=\"flex-basis:100%\"><div class=\"wp-block-image\">\n<figure class=\"aligncenter size-large is-resized\"><img decoding=\"async\" src=\"https:\/\/marilenepaiva.com\/wp-content\/uploads\/2024\/04\/Imagem-do-WhatsApp-de-2024-04-04-as-08.53.06_7c569f46-1024x241.jpg\" alt=\"\" class=\"wp-image-2195\" style=\"width:535px;height:auto\"\/><\/figure>\n<\/div><\/div>\n<\/div>\n\n\n\n<p class=\"has-large-font-size\"><strong>PADRE PATRICK&nbsp; FORA CAIXINHA<\/strong><\/p>\n\n\n\n<p class=\"has-black-color has-text-color has-link-color has-medium-font-size wp-elements-95f065ab5678a4f2b2f35aaa2d9de35b\">Pela segunda vez em Mossor\u00f3, Padre Patrick est\u00e1 de volta com a sua apresenta\u00e7\u00e3o de sucesso de p\u00fablico pelo pa\u00eds, o \u2018Fora da caixinha\u2019, no pr\u00f3ximo&nbsp; dia 19 de abril de 2024, \u00e0s 20h, no Teatro Lauro Monte Filho. Em \u2018Fora da caixinha\u2019 Padre Patrick traz ao p\u00fablico reflex\u00f5es sobre a verdadeira felicidade e conta, de forma leve e descontra\u00edda, assuntos ligados ao relacionamento das pessoas com Deus. Mas, al\u00e9m disso, ele traz tamb\u00e9m seu bom humor t\u00e3o conhecido em suas redes sociais para os palcos. Se prepare para as respostas humoradas e para participar de um evento \u201cfora da caixinha\u201d.<\/p>\n\n\n\n<div class=\"wp-block-columns is-layout-flex wp-container-core-columns-is-layout-9d6595d7 wp-block-columns-is-layout-flex\">\n<div class=\"wp-block-column is-layout-flow wp-block-column-is-layout-flow\" style=\"flex-basis:100%\"><div class=\"wp-block-image\">\n<figure class=\"aligncenter size-full is-resized\"><img decoding=\"async\" src=\"https:\/\/marilenepaiva.com\/wp-content\/uploads\/2024\/04\/22.png\" alt=\"\" class=\"wp-image-2168\" style=\"width:294px;height:auto\"\/><\/figure>\n<\/div><\/div>\n<\/div>\n\n\n\n<p class=\"has-large-font-size\"><strong>A BIENT\u00d4T, MERCI!<\/strong><\/p>\n\n\n\n<p class=\"has-black-color has-text-color has-link-color has-medium-font-size wp-elements-7bc76bc22abb86bdb280063ecbc6683c\">Na majestosa Cidade Luz, sob os holofotes do Hotel George V, celebramos uma noite de distin\u00e7\u00e3o e honra. A renomada empres\u00e1ria Franco-Brasileira, Helena Mayer, e o talentoso jornalista e cineasta, Jean Custo, ser\u00e3o agraciados nesta noite memor\u00e1vel. \u00c9 com grande emo\u00e7\u00e3o que Jean ser\u00e1 condecorado com o T\u00edtulo de Vice-Presidente de Honra da Divine Academia Francesa de Artes, Letras e Cultura. Enquanto isso, Helena receber\u00e1 o t\u00edtulo de Gran Embaixadora desta prestigiada academia, sob a lideran\u00e7a ilustre da Presidenta, Madame Diva Pavesi. Um momento que ficar\u00e1 gravado na hist\u00f3ria de nossas vidas<\/p>\n\n\n\n<div class=\"wp-block-columns is-layout-flex wp-container-core-columns-is-layout-9d6595d7 wp-block-columns-is-layout-flex\">\n<div class=\"wp-block-column is-layout-flow wp-block-column-is-layout-flow\" style=\"flex-basis:100%\"><div class=\"wp-block-image\">\n<figure class=\"aligncenter size-full is-resized\"><img decoding=\"async\" src=\"https:\/\/marilenepaiva.com\/wp-content\/uploads\/2024\/04\/serraboi.png\" alt=\"\" class=\"wp-image-2169\" style=\"width:300px;height:auto\"\/><\/figure>\n<\/div><\/div>\n<\/div>\n\n\n\n<p class=\"has-large-font-size\"><strong>\u00a0BEAUTY DAY BY CLAUDIA GUIMAR\u00c3ES<\/strong><\/p>\n\n\n\n<p class=\"has-black-color has-text-color has-link-color has-medium-font-size wp-elements-94f3bb90060c5a437445fc612984c88e\">\u00c9 HOJE! Dia da Beleza NB. O sal\u00e3o alinhado de Claudia Guimar\u00e3es, na avenida Jo\u00e3o da Esc\u00f3ssia, re\u00fane m\u00faltiplos procedimentos de est\u00e9tica e beleza com a linha excelente NB. Delicinhas e sorteios. Vamos todos.<\/p>\n\n\n\n<div class=\"wp-block-columns is-layout-flex wp-container-core-columns-is-layout-9d6595d7 wp-block-columns-is-layout-flex\">\n<div class=\"wp-block-column is-layout-flow wp-block-column-is-layout-flow\" style=\"flex-basis:100%\">\n<figure class=\"wp-block-image size-large\"><img decoding=\"async\" src=\"https:\/\/marilenepaiva.com\/wp-content\/uploads\/2024\/04\/f1-roberta-e-george-783x1024.jpeg\" alt=\"\" class=\"wp-image-2230\"\/><\/figure>\n<\/div>\n<\/div>\n\n\n\n<p>Ele entende de moda, beleza e glamour: o meu amigo George Azevedo, colunista e artista pl\u00e1stico, com a bioqu\u00edmica e empres\u00e1ria bel\u00edssima Roberta Rosado, no lan\u00e7amento da cole\u00e7\u00e3o Bicho Boi, em Eveline Brand.<\/p>\n\n\n\n<div class=\"wp-block-columns is-layout-flex wp-container-core-columns-is-layout-9d6595d7 wp-block-columns-is-layout-flex\">\n<div class=\"wp-block-column is-layout-flow wp-block-column-is-layout-flow\" style=\"flex-basis:100%\">\n<figure class=\"wp-block-image size-large\"><img decoding=\"async\" src=\"https:\/\/marilenepaiva.com\/wp-content\/uploads\/2024\/04\/F2-EU-KAUE-E-KA-685x1024.jpg\" alt=\"\" class=\"wp-image-2231\"\/><\/figure>\n<\/div>\n<\/div>\n\n\n\n<p><em>Euzinha me sentindo chiqu\u00edssima no meio de duas personalidades de influ\u00eancia no universo digital. E tem mais, s\u00e3o lindos e tem conte\u00fado. Kau\u00ea Costa e Kadidja Nascimento, no Caf\u00e9 da Tarde, em Eveline Brand. Os dois desfilaram George Azevedo Arts.<\/em><\/p>\n\n\n\n<div class=\"wp-block-columns is-layout-flex wp-container-core-columns-is-layout-9d6595d7 wp-block-columns-is-layout-flex\">\n<div class=\"wp-block-column is-layout-flow wp-block-column-is-layout-flow\" style=\"flex-basis:100%\">\n<figure class=\"wp-block-image size-large\"><img decoding=\"async\" src=\"https:\/\/marilenepaiva.com\/wp-content\/uploads\/2024\/04\/F3-JEAN-1024x625.jpg\" alt=\"\" class=\"wp-image-2232\"\/><\/figure>\n<\/div>\n<\/div>\n\n\n\n<p><em>Temporada do jornalista e cineasta Jean Custo na Europa. De Zurique com uma passadinha em Paris, com a renomada empres\u00e1ria Franco-Brasileira, Helena Mayer, Gran Embaixadora da Divine Academia Francesa de Artes, Letras e Cultura.<\/em><\/p>\n\n\n\n<div class=\"wp-block-columns is-layout-flex wp-container-core-columns-is-layout-9d6595d7 wp-block-columns-is-layout-flex\">\n<div class=\"wp-block-column is-layout-flow wp-block-column-is-layout-flow\" style=\"flex-basis:100%\">\n<figure class=\"wp-block-image size-full\"><img decoding=\"async\" src=\"https:\/\/marilenepaiva.com\/wp-content\/uploads\/2024\/04\/f4-ney-morais-1.jpg\" alt=\"\" class=\"wp-image-2233\"\/><\/figure>\n<\/div>\n<\/div>\n\n\n\n<p><em>Todos os vivas ao artista pl\u00e1stico Ney Morais que apaga velinhas hoje e ganha o abra\u00e7o dos amigos e familiares. \u00a0Parab\u00e9ns, sa\u00fade e paz!<\/em><\/p>\n\n\n\n<div class=\"wp-block-columns is-layout-flex wp-container-core-columns-is-layout-9d6595d7 wp-block-columns-is-layout-flex\">\n<div class=\"wp-block-column is-layout-flow wp-block-column-is-layout-flow\" style=\"flex-basis:100%\">\n<figure class=\"wp-block-image size-large\"><img decoding=\"async\" src=\"https:\/\/marilenepaiva.com\/wp-content\/uploads\/2024\/04\/f5-renilsan-e-wilton-615x1024.jpg\" alt=\"\" class=\"wp-image-2234\"\/><\/figure>\n<\/div>\n<\/div>\n\n\n\n<p><em>A toda amada de Wilton Firmino, Renilsan Costa Nogueira celebra idade nova hoje. Feliz anivers\u00e1rio, sa\u00fade e alegrias!<\/em><\/p>\n","protected":false},"excerpt":{"rendered":"<p>ORPHEU \u201cAmo como ama o amor. N\u00e3o conhe\u00e7o nenhuma outra raz\u00e3o para amar sen\u00e3o amar. Que queres que te diga, al\u00e9m de que te amo, se o que quero dizer-te \u00e9 que te amo?\u201d Trecho adaptado de &#8220;Fausto: trag\u00e9dia subjectiva&#8221;, de Fernando Pessoa. CHAMPANHE NO GELO Apagam velinhas hoje: Luana Medeiros, Luciana Sivini, Larissa Gurgel, [&hellip;]<\/p>\n","protected":false},"author":1,"featured_media":1688,"comment_status":"open","ping_status":"open","sticky":true,"template":"","format":"standard","meta":{"footnotes":""},"categories":[3],"tags":[],"class_list":["post-2229","post","type-post","status-publish","format-standard","has-post-thumbnail","hentry","category-colunas"],"_links":{"self":[{"href":"https:\/\/marilenepaiva.com\/index.php?rest_route=\/wp\/v2\/posts\/2229","targetHints":{"allow":["GET"]}}],"collection":[{"href":"https:\/\/marilenepaiva.com\/index.php?rest_route=\/wp\/v2\/posts"}],"about":[{"href":"https:\/\/marilenepaiva.com\/index.php?rest_route=\/wp\/v2\/types\/post"}],"author":[{"embeddable":true,"href":"https:\/\/marilenepaiva.com\/index.php?rest_route=\/wp\/v2\/users\/1"}],"replies":[{"embeddable":true,"href":"https:\/\/marilenepaiva.com\/index.php?rest_route=%2Fwp%2Fv2%2Fcomments&post=2229"}],"version-history":[{"count":1,"href":"https:\/\/marilenepaiva.com\/index.php?rest_route=\/wp\/v2\/posts\/2229\/revisions"}],"predecessor-version":[{"id":2235,"href":"https:\/\/marilenepaiva.com\/index.php?rest_route=\/wp\/v2\/posts\/2229\/revisions\/2235"}],"wp:featuredmedia":[{"embeddable":true,"href":"https:\/\/marilenepaiva.com\/index.php?rest_route=\/wp\/v2\/media\/1688"}],"wp:attachment":[{"href":"https:\/\/marilenepaiva.com\/index.php?rest_route=%2Fwp%2Fv2%2Fmedia&parent=2229"}],"wp:term":[{"taxonomy":"category","embeddable":true,"href":"https:\/\/marilenepaiva.com\/index.php?rest_route=%2Fwp%2Fv2%2Fcategories&post=2229"},{"taxonomy":"post_tag","embeddable":true,"href":"https:\/\/marilenepaiva.com\/index.php?rest_route=%2Fwp%2Fv2%2Ftags&post=2229"}],"curies":[{"name":"wp","href":"https:\/\/api.w.org\/{rel}","templated":true}]}}