{"id":2236,"date":"2024-04-12T18:00:41","date_gmt":"2024-04-12T18:00:41","guid":{"rendered":"https:\/\/marilenepaiva.com\/?p=2236"},"modified":"2024-04-12T18:00:42","modified_gmt":"2024-04-12T18:00:42","slug":"gente-de-fato-13-de-abril-de-2024","status":"publish","type":"post","link":"https:\/\/marilenepaiva.com\/?p=2236","title":{"rendered":"GENTE DE FATO 13 DE ABRIL DE 2024"},"content":{"rendered":"\n<p class=\"has-large-font-size\"><strong>CARMEN STEFFENS RECEBE<\/strong><\/p>\n\n\n\n<p class=\"has-black-color has-text-color has-link-color has-medium-font-size wp-elements-db4a0ac80023e01123a1b9611ed54093\">Salve a data. Dia 17 de abril, \u00e0s 18h, no Partage Shopping, a grife queridinha de Mario e Monalisa Spaniol, aqui com a franqueada S\u00e2nzia Fernandes, recebe convidados para o desfile de lan\u00e7amento da&nbsp; new collection, Winter 24, com a produ\u00e7\u00e3o do colunista Georgiano Azevedo e modelos da Tr\u00e1fego Models. Vamos sim!<\/p>\n\n\n\n<div class=\"wp-block-columns is-layout-flex wp-container-core-columns-is-layout-9d6595d7 wp-block-columns-is-layout-flex\">\n<div class=\"wp-block-column is-layout-flow wp-block-column-is-layout-flow\" style=\"flex-basis:100%\"><div class=\"wp-block-image\">\n<figure class=\"aligncenter size-large is-resized\"><img decoding=\"async\" src=\"https:\/\/marilenepaiva.com\/wp-content\/uploads\/2024\/04\/Imagem-do-WhatsApp-de-2024-04-04-as-08.53.06_7c569f46-1024x241.jpg\" alt=\"\" class=\"wp-image-2195\" style=\"width:459px;height:auto\"\/><\/figure>\n<\/div><\/div>\n<\/div>\n\n\n\n<p class=\"has-large-font-size\"><strong>BETINHO ROSADO<\/strong><\/p>\n\n\n\n<p class=\"has-black-color has-text-color has-link-color has-medium-font-size wp-elements-0984707adda6c4ee8b300c3daa2b23ed\">E o dia 12 de abril ficar\u00e1 marcado com a P\u00e1scoa definitiva de Betinho Rosado. O que n\u00f3s poder\u00edamos falar que j\u00e1 n\u00e3o foi dito? Quase nada. Sobre a grande lideran\u00e7a pol\u00edtica, principalmente no oeste potiguar em seus mandatos de Deputado Federal? Do ser humano maravilhoso, sereno, conciliador como&nbsp; a ex vice prefeita Nayara Gadelha t\u00e3o bem traduziu em sua homenagem: \u201c Ele sempre sorriu com os olhos e abra\u00e7ou com o cora\u00e7\u00e3o\u201d&#8230;Exatamente&#8230;o sorrir com os olhos era um dos seus carismas. Aos seus familiares, Meire Simone, Beto, Roberto, Cristina, noras e netos,&nbsp; nosso afeto e solidariedade nesse momento de dor e saudades.<\/p>\n\n\n\n<div class=\"wp-block-columns is-layout-flex wp-container-core-columns-is-layout-9d6595d7 wp-block-columns-is-layout-flex\">\n<div class=\"wp-block-column is-layout-flow wp-block-column-is-layout-flow\" style=\"flex-basis:100%\"><div class=\"wp-block-image\">\n<figure class=\"aligncenter size-full is-resized\"><img decoding=\"async\" src=\"https:\/\/marilenepaiva.com\/wp-content\/uploads\/2024\/04\/Design-sem-nome-2.jpg\" alt=\"\" class=\"wp-image-2167\" style=\"width:424px;height:auto\"\/><\/figure>\n<\/div><\/div>\n<\/div>\n\n\n\n<p class=\"has-large-font-size\"><strong>ESTANTE<\/strong><\/p>\n\n\n\n<p class=\"has-black-color has-text-color has-link-color has-medium-font-size wp-elements-a7b3d8c02b20385ebefe85c04e925f50\">Reserve a leitura: \u201dQuem \u00e9 , Jos\u00e9 Saramago?\u201d de Jo\u00e3o Marques Lopes. O livro nos reserva os aspectos pol\u00eamicos do escritor, a partir da Revolu\u00e7\u00e3o dos Cravos, em 1975, quando Saramago dirigiu o Di\u00e1rio de Not\u00edcias, em Portugal. Vale a pena.<\/p>\n\n\n\n<div class=\"wp-block-columns is-layout-flex wp-container-core-columns-is-layout-9d6595d7 wp-block-columns-is-layout-flex\">\n<div class=\"wp-block-column is-layout-flow wp-block-column-is-layout-flow\" style=\"flex-basis:100%\"><div class=\"wp-block-image\">\n<figure class=\"aligncenter size-full is-resized\"><img decoding=\"async\" src=\"https:\/\/marilenepaiva.com\/wp-content\/uploads\/2024\/04\/serraboi.png\" alt=\"\" class=\"wp-image-2169\" style=\"width:342px;height:auto\"\/><\/figure>\n<\/div><\/div>\n<\/div>\n\n\n\n<p class=\"has-large-font-size\"><strong>CHAMPANHE NO GELO<\/strong><\/p>\n\n\n\n<p class=\"has-black-color has-text-color has-link-color has-medium-font-size wp-elements-0234c72e50c33860744932f6dd3a400a\">Festa da vida, aniversariam hoje: Eduardo Freire, Flavia Morais Morais, Dora Nogueira, Luana Saraiva , Dedeu Guerra , Dhayanne Kemellyn , Denis Rodolfo, &nbsp;Rina M\u00e1rcia Ciarlini, Raquel Andrade, Iara de Menezes Chaves, Francisco de Assis Nascimento, Josiane Vieira, Gilson Queiroz, Soraya e Somaya Mendes, Francisco Wilson Nogueira, Li\u00e9dja Lago, Jane Sobreira Benevides&nbsp; e &nbsp;Andr\u00e9ia Costa. Parab\u00e9ns! Felicidades!<\/p>\n\n\n\n<div class=\"wp-block-columns is-layout-flex wp-container-core-columns-is-layout-9d6595d7 wp-block-columns-is-layout-flex\">\n<div class=\"wp-block-column is-layout-flow wp-block-column-is-layout-flow\" style=\"flex-basis:100%\"><div class=\"wp-block-image\">\n<figure class=\"aligncenter size-full is-resized\"><img decoding=\"async\" src=\"https:\/\/marilenepaiva.com\/wp-content\/uploads\/2024\/04\/trattoria.png\" alt=\"\" class=\"wp-image-2170\" style=\"width:340px;height:auto\"\/><\/figure>\n<\/div><\/div>\n<\/div>\n\n\n\n<div class=\"wp-block-columns is-layout-flex wp-container-core-columns-is-layout-9d6595d7 wp-block-columns-is-layout-flex\">\n<div class=\"wp-block-column is-layout-flow wp-block-column-is-layout-flow\" style=\"flex-basis:100%\"><div class=\"wp-block-image\">\n<figure class=\"aligncenter size-full is-resized\"><img decoding=\"async\" src=\"https:\/\/marilenepaiva.com\/wp-content\/uploads\/2024\/04\/Captura-de-tela-2024-02-19-222258.png\" alt=\"\" class=\"wp-image-2171\" style=\"width:349px;height:auto\"\/><\/figure>\n<\/div><\/div>\n<\/div>\n\n\n\n<div class=\"wp-block-columns is-layout-flex wp-container-core-columns-is-layout-9d6595d7 wp-block-columns-is-layout-flex\">\n<div class=\"wp-block-column is-layout-flow wp-block-column-is-layout-flow\" style=\"flex-basis:100%\"><div class=\"wp-block-image\">\n<figure class=\"aligncenter size-full is-resized\"><img decoding=\"async\" src=\"https:\/\/marilenepaiva.com\/wp-content\/uploads\/2024\/04\/22.png\" alt=\"\" class=\"wp-image-2168\" style=\"width:352px;height:auto\"\/><\/figure>\n<\/div><\/div>\n<\/div>\n\n\n\n<div class=\"wp-block-columns is-layout-flex wp-container-core-columns-is-layout-9d6595d7 wp-block-columns-is-layout-flex\">\n<div class=\"wp-block-column is-layout-flow wp-block-column-is-layout-flow\" style=\"flex-basis:100%\">\n<figure class=\"wp-block-image size-large\"><img decoding=\"async\" src=\"https:\/\/marilenepaiva.com\/wp-content\/uploads\/2024\/04\/F1-SANTUARIOS-MARIANO-1024x685.jpg\" alt=\"\" class=\"wp-image-2237\"\/><\/figure>\n<\/div>\n<\/div>\n\n\n\n<p><em>Elas s\u00e3o aben\u00e7oadas. Grupo de pessoas lindas, na Europa, visitando os Santu\u00e1rios Marianos. Em nome de Socorro Paiva, K\u00eania e Tereza Cristina abra\u00e7amos a todas. Mossor\u00f3 in Roma.<\/em><\/p>\n\n\n\n<div class=\"wp-block-columns is-layout-flex wp-container-core-columns-is-layout-9d6595d7 wp-block-columns-is-layout-flex\">\n<div class=\"wp-block-column is-layout-flow wp-block-column-is-layout-flow\" style=\"flex-basis:100%\">\n<figure class=\"wp-block-image size-full\"><img decoding=\"async\" src=\"https:\/\/marilenepaiva.com\/wp-content\/uploads\/2024\/04\/f2-georgiano.jpg\" alt=\"\" class=\"wp-image-2238\"\/><\/figure>\n<\/div>\n<\/div>\n\n\n\n<p><span style=\"font-size:11.0pt;line-height:107%;\nfont-family:&quot;Calibri&quot;,sans-serif;mso-ascii-theme-font:minor-latin;mso-fareast-font-family:\nCalibri;mso-fareast-theme-font:minor-latin;mso-hansi-theme-font:minor-latin;\nmso-bidi-font-family:&quot;Times New Roman&quot;;mso-bidi-theme-font:minor-bidi;\nmso-ansi-language:PT-BR;mso-fareast-language:EN-US;mso-bidi-language:AR-SA\">At\u00e9<br><em>hoje, em Eveline Soares Brand, Trade Center, a cole\u00e7\u00e3o Bicho Boi by George Azevedo Arts. O todo bacana colunista Georgiano Azevedo com o cast Tr\u00e1fego Models. B\u00e1rbaros!<\/em><\/span><\/p>\n\n\n\n<div class=\"wp-block-columns is-layout-flex wp-container-core-columns-is-layout-9d6595d7 wp-block-columns-is-layout-flex\">\n<div class=\"wp-block-column is-layout-flow wp-block-column-is-layout-flow\" style=\"flex-basis:100%\">\n<figure class=\"wp-block-image size-large\"><img decoding=\"async\" src=\"https:\/\/marilenepaiva.com\/wp-content\/uploads\/2024\/04\/f3-mario-e-waleria-1024x1001.jpg\" alt=\"\" class=\"wp-image-2239\"\/><\/figure>\n<\/div>\n<\/div>\n\n\n\n<p><em>Daqui para Fortaleza, n\u00f3s antecipamos os votos de feliz anivers\u00e1rio para o querido implantodontista M\u00e1rio Hercilio Rodrigues que apaga velinhas, segunda, dia 15. Ganha os mimos da esposa Wal\u00e9ria Duarte e dos filhos Davi e Rafael chegando. Tintin!<\/em><\/p>\n\n\n\n<div class=\"wp-block-columns is-layout-flex wp-container-core-columns-is-layout-9d6595d7 wp-block-columns-is-layout-flex\">\n<div class=\"wp-block-column is-layout-flow wp-block-column-is-layout-flow\" style=\"flex-basis:100%\">\n<figure class=\"wp-block-image size-full is-resized\"><img decoding=\"async\" src=\"https:\/\/marilenepaiva.com\/wp-content\/uploads\/2024\/04\/F4-filho-e-evanda.jpeg\" alt=\"\" class=\"wp-image-2240\" style=\"width:365px;height:auto\"\/><\/figure>\n<\/div>\n<\/div>\n\n\n\n<p><em>O casal Boanerges Filho e Evanda Lucena, empres\u00e1rios do Supermercado Bornej\u00e3o, no jantar cinco estrelas do Hotel Chal\u00e9 Lagoa dos Ing\u00e1s, s\u00e1bado de Aleluia, na Serra de Martins. \u00c9 sempre um prazer encontra-los!<\/em><\/p>\n\n\n\n<div class=\"wp-block-columns is-layout-flex wp-container-core-columns-is-layout-9d6595d7 wp-block-columns-is-layout-flex\">\n<div class=\"wp-block-column is-layout-flow wp-block-column-is-layout-flow\" style=\"flex-basis:100%\">\n<figure class=\"wp-block-image size-full\"><img decoding=\"async\" src=\"https:\/\/marilenepaiva.com\/wp-content\/uploads\/2024\/04\/F5-CLEIDE-E-AMIGAS.jpg\" alt=\"\" class=\"wp-image-2241\"\/><\/figure>\n<\/div>\n<\/div>\n\n\n\n<p><em>O m\u00eas de abril inteirinho de vivas para a aniversariante Cleide Linhares, amor da vida de Silvio Roberto Medeiros. Recebe o abra\u00e7o das amigas Lucineide Queiroz, Michele Rincon e Singride Rosado.<\/em><\/p>\n\n\n\n<div class=\"wp-block-columns is-layout-flex wp-container-core-columns-is-layout-9d6595d7 wp-block-columns-is-layout-flex\">\n<div class=\"wp-block-column is-layout-flow wp-block-column-is-layout-flow\" style=\"flex-basis:100%\">\n<figure class=\"wp-block-image size-full\"><img decoding=\"async\" src=\"https:\/\/marilenepaiva.com\/wp-content\/uploads\/2024\/04\/F6-IARA-IONE-E-IRLANDA.jpg\" alt=\"\" class=\"wp-image-2242\"\/><\/figure>\n<\/div>\n<\/div>\n\n\n\n<p><em>Hoje \u00e9 dia de bolo confeitado para a amiga Iara de Menezes Chaves que ganha os mimos do marido Nelson Chaves. No clique, com as queridas Ione Brasil e Irlanda Carlos. Sa\u00fade e paz.<\/em><\/p>\n","protected":false},"excerpt":{"rendered":"<p>CARMEN STEFFENS RECEBE Salve a data. Dia 17 de abril, \u00e0s 18h, no Partage Shopping, a grife queridinha de Mario e Monalisa Spaniol, aqui com a franqueada S\u00e2nzia Fernandes, recebe convidados para o desfile de lan\u00e7amento da&nbsp; new collection, Winter 24, com a produ\u00e7\u00e3o do colunista Georgiano Azevedo e modelos da Tr\u00e1fego Models. Vamos sim! [&hellip;]<\/p>\n","protected":false},"author":1,"featured_media":1688,"comment_status":"open","ping_status":"open","sticky":true,"template":"","format":"standard","meta":{"footnotes":""},"categories":[3],"tags":[],"class_list":["post-2236","post","type-post","status-publish","format-standard","has-post-thumbnail","hentry","category-colunas"],"_links":{"self":[{"href":"https:\/\/marilenepaiva.com\/index.php?rest_route=\/wp\/v2\/posts\/2236","targetHints":{"allow":["GET"]}}],"collection":[{"href":"https:\/\/marilenepaiva.com\/index.php?rest_route=\/wp\/v2\/posts"}],"about":[{"href":"https:\/\/marilenepaiva.com\/index.php?rest_route=\/wp\/v2\/types\/post"}],"author":[{"embeddable":true,"href":"https:\/\/marilenepaiva.com\/index.php?rest_route=\/wp\/v2\/users\/1"}],"replies":[{"embeddable":true,"href":"https:\/\/marilenepaiva.com\/index.php?rest_route=%2Fwp%2Fv2%2Fcomments&post=2236"}],"version-history":[{"count":1,"href":"https:\/\/marilenepaiva.com\/index.php?rest_route=\/wp\/v2\/posts\/2236\/revisions"}],"predecessor-version":[{"id":2243,"href":"https:\/\/marilenepaiva.com\/index.php?rest_route=\/wp\/v2\/posts\/2236\/revisions\/2243"}],"wp:featuredmedia":[{"embeddable":true,"href":"https:\/\/marilenepaiva.com\/index.php?rest_route=\/wp\/v2\/media\/1688"}],"wp:attachment":[{"href":"https:\/\/marilenepaiva.com\/index.php?rest_route=%2Fwp%2Fv2%2Fmedia&parent=2236"}],"wp:term":[{"taxonomy":"category","embeddable":true,"href":"https:\/\/marilenepaiva.com\/index.php?rest_route=%2Fwp%2Fv2%2Fcategories&post=2236"},{"taxonomy":"post_tag","embeddable":true,"href":"https:\/\/marilenepaiva.com\/index.php?rest_route=%2Fwp%2Fv2%2Ftags&post=2236"}],"curies":[{"name":"wp","href":"https:\/\/api.w.org\/{rel}","templated":true}]}}