{"id":2244,"date":"2024-04-15T18:01:00","date_gmt":"2024-04-15T18:01:00","guid":{"rendered":"https:\/\/marilenepaiva.com\/?p=2244"},"modified":"2024-04-15T18:01:01","modified_gmt":"2024-04-15T18:01:01","slug":"gente-de-fato-16-de-abril-de-2024","status":"publish","type":"post","link":"https:\/\/marilenepaiva.com\/?p=2244","title":{"rendered":"GENTE DE FATO 16 DE ABRIL DE 2024"},"content":{"rendered":"\n<p class=\"has-large-font-size\"><strong>CHAMPANHE NO GELO<\/strong><\/p>\n\n\n\n<p class=\"has-black-color has-text-color has-link-color has-medium-font-size wp-elements-7c16d8edd4a31424cea2766073484a2e\">Festejam idade nova hoje: Karla Kandice, Talita Azevedo, Z\u00e9lia Maria Rodrigues de Vasconcelos, T\u00falio Bezerra, Jos\u00e9 Patr\u00edcio Francisco, Antonio Veras, Edvaldo Pereira, Creuza de Souza Santos e Ana Maria Pinheiro. \u00a0\u00a0Parab\u00e9ns!!!<\/p>\n\n\n\n<div class=\"wp-block-columns is-layout-flex wp-container-core-columns-is-layout-9d6595d7 wp-block-columns-is-layout-flex\">\n<div class=\"wp-block-column is-layout-flow wp-block-column-is-layout-flow\" style=\"flex-basis:100%\"><div class=\"wp-block-image\">\n<figure class=\"aligncenter size-full is-resized\"><img decoding=\"async\" src=\"https:\/\/marilenepaiva.com\/wp-content\/uploads\/2024\/04\/Design-sem-nome-2.jpg\" alt=\"\" class=\"wp-image-2167\" style=\"width:434px;height:auto\"\/><\/figure>\n<\/div><\/div>\n<\/div>\n\n\n\n<p class=\"has-large-font-size\"><strong>\u00a0PADRE REGINALDO MANZOTTI<\/strong><\/p>\n\n\n\n<p class=\"has-black-color has-text-color has-link-color has-medium-font-size wp-elements-bb6c56b26e19085a6d683851a3e30c28\">\u201cUma santa e feliz P\u00e1scoa acontecer\u00e1 na medida em que nos abrirmos \u00e0 gra\u00e7a do Ressuscitado. E esse processo n\u00e3o \u00e9 s\u00f3 um dia, a P\u00e1scoa n\u00e3o \u00e9 somente um dia. \u00c9 uma pena que muitos tenham reduzido essa festa apenas ao chocolate. Somos chamados a celebrar a grande Festa da P\u00e1scoa em oito dias, como se fosse um dia s\u00f3, \u00e9 a Oitava da P\u00e1scoa. Vale lembrar que todos os domingos, quando participamos da celebra\u00e7\u00e3o eucar\u00edstica, estamos fazendo mem\u00f3ria da P\u00e1scoa do Senhor. \u00a8\u201d<\/p>\n\n\n\n<div class=\"wp-block-columns is-layout-flex wp-container-core-columns-is-layout-9d6595d7 wp-block-columns-is-layout-flex\">\n<div class=\"wp-block-column is-layout-flow wp-block-column-is-layout-flow\" style=\"flex-basis:100%\"><div class=\"wp-block-image\">\n<figure class=\"aligncenter size-large is-resized\"><img decoding=\"async\" src=\"https:\/\/marilenepaiva.com\/wp-content\/uploads\/2024\/04\/Imagem-do-WhatsApp-de-2024-04-04-as-08.53.06_7c569f46-1024x241.jpg\" alt=\"\" class=\"wp-image-2195\" style=\"width:433px;height:auto\"\/><\/figure>\n<\/div><\/div>\n<\/div>\n\n\n\n<p class=\"has-large-font-size\"><strong>ECOMAX EM MOSSOR\u00d3<\/strong><\/p>\n\n\n\n<p class=\"has-black-color has-text-color has-link-color has-medium-font-size wp-elements-3f61dd0c5a0349db0bf4a9116f7ff8c4\">A noite de lan\u00e7amento do condom\u00ednio Bosque das Carna\u00fabas, diga-se de passagem, totalmente vendido, reuniu por\u00e7\u00e3o alinhada do society potiguar nos sal\u00f5es do Requinte Buffet, com produ\u00e7\u00e3o do mago Chrystian de Saboya. Contaremos em doses homeop\u00e1ticas durante as pr\u00f3ximas colunas. S\u00e3o detalhes encantadores que precisam ser fracionados&#8230;dia a dia&#8230;<\/p>\n\n\n\n<div class=\"wp-block-columns is-layout-flex wp-container-core-columns-is-layout-9d6595d7 wp-block-columns-is-layout-flex\">\n<div class=\"wp-block-column is-layout-flow wp-block-column-is-layout-flow\" style=\"flex-basis:100%\"><div class=\"wp-block-image\">\n<figure class=\"aligncenter size-full is-resized\"><img decoding=\"async\" src=\"https:\/\/marilenepaiva.com\/wp-content\/uploads\/2024\/04\/trattoria.png\" alt=\"\" class=\"wp-image-2170\" style=\"width:286px;height:auto\"\/><\/figure>\n<\/div><\/div>\n<\/div>\n\n\n\n<p class=\"has-large-font-size\"><strong>UNS E OUTROS&#8230;<\/strong><\/p>\n\n\n\n<p class=\"has-black-color has-text-color has-link-color has-medium-font-size wp-elements-765af804a374d744293ba8f05c411af8\">Deus Santo, Deus Forte, Deus Imortal, tende piedade de n\u00f3s e do mundo inteiro. Rezemos pela&nbsp; sa\u00fade de todos os enfermos.<\/p>\n\n\n\n<p class=\"has-black-color has-text-color has-link-color has-medium-font-size wp-elements-7c050729d9d55d44c036abe134b83538\">\u00c9 muito gratificante conversar com Liliane Gast\u00e3o. Ela nos fala de amor, de f\u00e9 e de milagre. Deus seja Louvado.<\/p>\n\n\n\n<p class=\"has-black-color has-text-color has-link-color has-medium-font-size wp-elements-82441988c052b1e3af94cb753a7898fb\">Talvez o mundo n\u00e3o seja pequeno, nem seja a vida um fato consumado.<\/p>\n\n\n\n<p class=\"has-black-color has-text-color has-link-color has-medium-font-size wp-elements-22e43c1a70b462a77715d32afb89f866\">E h\u00e1&nbsp; duas coisas que ningu\u00e9m perdoa: nossas vit\u00f3rias e nossos fracassos.<\/p>\n\n\n\n<div class=\"wp-block-columns is-layout-flex wp-container-core-columns-is-layout-9d6595d7 wp-block-columns-is-layout-flex\">\n<div class=\"wp-block-column is-layout-flow wp-block-column-is-layout-flow\" style=\"flex-basis:100%\"><div class=\"wp-block-image\">\n<figure class=\"aligncenter size-full is-resized\"><img decoding=\"async\" src=\"https:\/\/marilenepaiva.com\/wp-content\/uploads\/2024\/04\/Captura-de-tela-2024-02-19-222258.png\" alt=\"\" class=\"wp-image-2171\" style=\"width:266px;height:auto\"\/><\/figure>\n<\/div><\/div>\n<\/div>\n\n\n\n<blockquote class=\"wp-block-quote is-layout-flow wp-block-quote-is-layout-flow\">\n<p class=\"has-black-color has-text-color has-link-color has-medium-font-size wp-elements-28cf3876ee7e19fb6e3abf65d61e4244\">&#8220;Somos todos viajantes de uma jornada c\u00f3smica &#8211; poeira de estrelas, girando e dan\u00e7ando nos torvelinhos e redemoinhos do infinito. A vida \u00e9 eterna. Mas suas express\u00f5es s\u00e3o ef\u00eameras, moment\u00e2neas, transit\u00f3rias.&#8221; <\/p>\n\n\n\n<p class=\"has-black-color has-text-color has-link-color wp-elements-398d59402e88d3e516952849901066b4\">Deepak Chopra<\/p>\n<\/blockquote>\n\n\n\n<div class=\"wp-block-columns is-layout-flex wp-container-core-columns-is-layout-9d6595d7 wp-block-columns-is-layout-flex\">\n<div class=\"wp-block-column is-layout-flow wp-block-column-is-layout-flow\" style=\"flex-basis:100%\"><div class=\"wp-block-image\">\n<figure class=\"aligncenter size-full is-resized\"><img decoding=\"async\" src=\"https:\/\/marilenepaiva.com\/wp-content\/uploads\/2024\/04\/22.png\" alt=\"\" class=\"wp-image-2168\" style=\"width:310px;height:auto\"\/><\/figure>\n<\/div><\/div>\n<\/div>\n\n\n\n<div class=\"wp-block-columns is-layout-flex wp-container-core-columns-is-layout-9d6595d7 wp-block-columns-is-layout-flex\">\n<div class=\"wp-block-column is-layout-flow wp-block-column-is-layout-flow\" style=\"flex-basis:100%\"><div class=\"wp-block-image\">\n<figure class=\"aligncenter size-full is-resized\"><img decoding=\"async\" src=\"https:\/\/marilenepaiva.com\/wp-content\/uploads\/2024\/04\/serraboi.png\" alt=\"\" class=\"wp-image-2169\" style=\"width:334px;height:auto\"\/><\/figure>\n<\/div><\/div>\n<\/div>\n\n\n\n<div class=\"wp-block-columns is-layout-flex wp-container-core-columns-is-layout-9d6595d7 wp-block-columns-is-layout-flex\">\n<div class=\"wp-block-column is-layout-flow wp-block-column-is-layout-flow\" style=\"flex-basis:100%\">\n<figure class=\"wp-block-image size-large\"><img decoding=\"async\" src=\"https:\/\/marilenepaiva.com\/wp-content\/uploads\/2024\/04\/F1-rotary-em-campina-grande-1024x634.jpg\" alt=\"\" class=\"wp-image-2245\"\/><\/figure>\n<\/div>\n<\/div>\n\n\n\n<p><em>A magia do Rotary, tema da 55\u00ba Assembleia do Distrito 4500, em Campina Grande. Participando deste valioso momento, os rotarianos: Rodrigues e Darquinha, J\u00fanior Fernandes e Concei\u00e7\u00e3o, Jarbas Mariano e Clesciv\u00e2nia, P\u00e9rpetua, Cl\u00f3vis e Maria da Sa\u00fade, Geraldo Maia e Nilce.<\/em><\/p>\n\n\n\n<div class=\"wp-block-columns is-layout-flex wp-container-core-columns-is-layout-9d6595d7 wp-block-columns-is-layout-flex\">\n<div class=\"wp-block-column is-layout-flow wp-block-column-is-layout-flow\" style=\"flex-basis:100%\">\n<figure class=\"wp-block-image size-full\"><img decoding=\"async\" src=\"https:\/\/marilenepaiva.com\/wp-content\/uploads\/2024\/04\/f2-igor.jpg\" alt=\"\" class=\"wp-image-2246\"\/><\/figure>\n<\/div>\n<\/div>\n\n\n\n<p><em>\u00c9 muito gratificante ver Mossor\u00f3 em evid\u00eancia \u00a0na grande m\u00eddia atrav\u00e9s da arte e do talento. E isso o ator Igor Fortunato tem para dar e distribuir. E ainda \u00e9 lindo, lindo. Educado e inteligente. E t\u00e1 na Globo, novela No Rancho Fundo. \u00c9 s\u00f3 o come\u00e7o!<\/em><\/p>\n\n\n\n<div class=\"wp-block-columns is-layout-flex wp-container-core-columns-is-layout-9d6595d7 wp-block-columns-is-layout-flex\">\n<div class=\"wp-block-column is-layout-flow wp-block-column-is-layout-flow\" style=\"flex-basis:100%\">\n<figure class=\"wp-block-image size-large\"><img decoding=\"async\" src=\"https:\/\/marilenepaiva.com\/wp-content\/uploads\/2024\/04\/f3-debora-franca-657x1024.jpg\" alt=\"\" class=\"wp-image-2247\"\/><\/figure>\n<\/div>\n<\/div>\n\n\n\n<p><em>Semana inteirinha de festa para a toda linda D\u00e9bora Fran\u00e7a, executiva da Royal Face Mossor\u00f3 que apagou velinhas em grande estilo. Parab\u00e9ns, sa\u00fade e felicidades!<\/em><\/p>\n\n\n\n<div class=\"wp-block-columns is-layout-flex wp-container-core-columns-is-layout-9d6595d7 wp-block-columns-is-layout-flex\">\n<div class=\"wp-block-column is-layout-flow wp-block-column-is-layout-flow\" style=\"flex-basis:100%\">\n<figure class=\"wp-block-image size-large\"><img decoding=\"async\" src=\"https:\/\/marilenepaiva.com\/wp-content\/uploads\/2024\/04\/f4-marry-eugine-497x1024.jpg\" alt=\"\" class=\"wp-image-2248\"\/><\/figure>\n<\/div>\n<\/div>\n\n\n\n<p><em>E a mamis\u00a0 de Charlotte, Marryeuginne, conosco na Marry Cherry Nova Bethania. Ela \u00e9 PRESEN\u00c7A! Linda e leve. E vitoriosa!<\/em><\/p>\n\n\n\n<div class=\"wp-block-columns is-layout-flex wp-container-core-columns-is-layout-9d6595d7 wp-block-columns-is-layout-flex\">\n<div class=\"wp-block-column is-layout-flow wp-block-column-is-layout-flow\" style=\"flex-basis:100%\">\n<figure class=\"wp-block-image size-large\"><img decoding=\"async\" src=\"https:\/\/marilenepaiva.com\/wp-content\/uploads\/2024\/04\/f5-luluz-in-europe-811x1024.jpg\" alt=\"\" class=\"wp-image-2249\"\/><\/figure>\n<\/div>\n<\/div>\n\n\n\n<p><em>Elas est\u00e3o viajando pela Europa. Maravilhosas e felizes: Cristianne Alves, Tereza Cristina, Nayara Souza, Edilene e Erika Benjamim.<\/em><\/p>\n","protected":false},"excerpt":{"rendered":"<p>CHAMPANHE NO GELO Festejam idade nova hoje: Karla Kandice, Talita Azevedo, Z\u00e9lia Maria Rodrigues de Vasconcelos, T\u00falio Bezerra, Jos\u00e9 Patr\u00edcio Francisco, Antonio Veras, Edvaldo Pereira, Creuza de Souza Santos e Ana Maria Pinheiro. \u00a0\u00a0Parab\u00e9ns!!! \u00a0PADRE REGINALDO MANZOTTI \u201cUma santa e feliz P\u00e1scoa acontecer\u00e1 na medida em que nos abrirmos \u00e0 gra\u00e7a do Ressuscitado. E esse [&hellip;]<\/p>\n","protected":false},"author":1,"featured_media":1688,"comment_status":"open","ping_status":"open","sticky":true,"template":"","format":"standard","meta":{"footnotes":""},"categories":[3],"tags":[],"class_list":["post-2244","post","type-post","status-publish","format-standard","has-post-thumbnail","hentry","category-colunas"],"_links":{"self":[{"href":"https:\/\/marilenepaiva.com\/index.php?rest_route=\/wp\/v2\/posts\/2244","targetHints":{"allow":["GET"]}}],"collection":[{"href":"https:\/\/marilenepaiva.com\/index.php?rest_route=\/wp\/v2\/posts"}],"about":[{"href":"https:\/\/marilenepaiva.com\/index.php?rest_route=\/wp\/v2\/types\/post"}],"author":[{"embeddable":true,"href":"https:\/\/marilenepaiva.com\/index.php?rest_route=\/wp\/v2\/users\/1"}],"replies":[{"embeddable":true,"href":"https:\/\/marilenepaiva.com\/index.php?rest_route=%2Fwp%2Fv2%2Fcomments&post=2244"}],"version-history":[{"count":1,"href":"https:\/\/marilenepaiva.com\/index.php?rest_route=\/wp\/v2\/posts\/2244\/revisions"}],"predecessor-version":[{"id":2250,"href":"https:\/\/marilenepaiva.com\/index.php?rest_route=\/wp\/v2\/posts\/2244\/revisions\/2250"}],"wp:featuredmedia":[{"embeddable":true,"href":"https:\/\/marilenepaiva.com\/index.php?rest_route=\/wp\/v2\/media\/1688"}],"wp:attachment":[{"href":"https:\/\/marilenepaiva.com\/index.php?rest_route=%2Fwp%2Fv2%2Fmedia&parent=2244"}],"wp:term":[{"taxonomy":"category","embeddable":true,"href":"https:\/\/marilenepaiva.com\/index.php?rest_route=%2Fwp%2Fv2%2Fcategories&post=2244"},{"taxonomy":"post_tag","embeddable":true,"href":"https:\/\/marilenepaiva.com\/index.php?rest_route=%2Fwp%2Fv2%2Ftags&post=2244"}],"curies":[{"name":"wp","href":"https:\/\/api.w.org\/{rel}","templated":true}]}}