{"id":2251,"date":"2024-04-16T17:51:53","date_gmt":"2024-04-16T17:51:53","guid":{"rendered":"https:\/\/marilenepaiva.com\/?p=2251"},"modified":"2024-04-16T17:52:39","modified_gmt":"2024-04-16T17:52:39","slug":"gente-de-fato-16-de-abril-de-2024-2","status":"publish","type":"post","link":"https:\/\/marilenepaiva.com\/?p=2251","title":{"rendered":"GENTE DE FATO 17 DE ABRIL DE 2024"},"content":{"rendered":"\n<p class=\"has-large-font-size\"><strong>CHAMPANHE NO GELO<\/strong><\/p>\n\n\n\n<p class=\"has-black-color has-text-color has-link-color has-medium-font-size wp-elements-71adfa97ca5ea67b3bd31cf99aaa9582\">Todos os vivas aos aniversariantes de hoje: Armando L\u00facio Ribeiro, Luis Felipe Mendon\u00e7a, Luis Gabriel Mendon\u00e7a, Tuyra Vale, Doca Fernandes, Fl\u00e1via Rosado, Marcos Maia Fernandes Pedrosa, Domenico Dallavale , Ra\u00edza Freire de Oliveira, D\u00e1vila Maia,,Enio Ticiano, Diego Nogueira, Rafaela Freire, Tatiana Reinaldo, Valeria Oliveira, Alexsandra Nobre, Ana Lucia, Ana Paula Soares e Carlindo Emanoel. Parab\u00e9ns!!!<\/p>\n\n\n<div class=\"wp-block-image\">\n<figure class=\"aligncenter size-large is-resized\"><img decoding=\"async\" src=\"https:\/\/marilenepaiva.com\/wp-content\/uploads\/2024\/04\/Imagem-do-WhatsApp-de-2024-04-04-as-08.53.06_7c569f46-1024x241.jpg\" alt=\"\" class=\"wp-image-2195\" style=\"width:467px;height:auto\"\/><\/figure>\n<\/div>\n\n\n<p class=\"has-large-font-size\"><strong>PEDRO E BRUNO<\/strong><\/p>\n\n\n\n<p class=\"has-black-color has-text-color has-link-color has-medium-font-size wp-elements-e91180a733a516473f9ab6c2d8ef6368\">DNA forte. Ber\u00e7o. Os oftalmos Pedro e Bruno Dantas s\u00e3o maravilhosos. Gentis e competentes. Atendem com gentileza e conhecimento. Parab\u00e9ns aos pais muito amados, Christiane e Josivan Dantas. Sem favores. Com todos os m\u00e9ritos.<\/p>\n\n\n\n<div class=\"wp-block-columns is-layout-flex wp-container-core-columns-is-layout-9d6595d7 wp-block-columns-is-layout-flex\">\n<div class=\"wp-block-column is-layout-flow wp-block-column-is-layout-flow\" style=\"flex-basis:100%\"><div class=\"wp-block-image\">\n<figure class=\"aligncenter size-full is-resized\"><img decoding=\"async\" src=\"https:\/\/marilenepaiva.com\/wp-content\/uploads\/2024\/04\/Design-sem-nome-2.jpg\" alt=\"\" class=\"wp-image-2167\" style=\"width:482px;height:auto\"\/><\/figure>\n<\/div><\/div>\n<\/div>\n\n\n\n<p class=\"has-large-font-size\"><strong>CS CONVIDA<\/strong><\/p>\n\n\n\n<p class=\"has-black-color has-text-color has-link-color has-medium-font-size wp-elements-9b4ddf75caf90759ecf82991862b722a\">Hoje \u00e9 dia de abra\u00e7ar a empres\u00e1ria S\u00e3nzia Fernandes que recebe em sua alinhada Carmen Steffens do Partage Shopping,\u00e0s 18h,&nbsp; para desfile com a cole\u00e7\u00e3o Winter 24 assinada pelo top dos tops, colunista Georgiano Azevedo e modelos Tr\u00e1fego. Vamos sim!<\/p>\n\n\n\n<div class=\"wp-block-columns is-layout-flex wp-container-core-columns-is-layout-9d6595d7 wp-block-columns-is-layout-flex\">\n<div class=\"wp-block-column is-layout-flow wp-block-column-is-layout-flow\" style=\"flex-basis:100%\"><div class=\"wp-block-image\">\n<figure class=\"aligncenter size-full is-resized\"><img decoding=\"async\" src=\"https:\/\/marilenepaiva.com\/wp-content\/uploads\/2024\/04\/22.png\" alt=\"\" class=\"wp-image-2168\" style=\"width:308px;height:auto\"\/><\/figure>\n<\/div><\/div>\n<\/div>\n\n\n\n<p class=\"has-large-font-size\"><strong>FESTIVAL GASTRON\u00d4MICO DE MARTINS<\/strong><\/p>\n\n\n\n<p class=\"has-black-color has-text-color has-link-color has-medium-font-size wp-elements-a999008f2e360677432e4875443e9481\">&nbsp;Salve a data. 19, 20 e 21 de julho. A prefeita Maz\u00e9 Gurgel j\u00e1 anunciou. Investir em turismo \u00e9 sempre o melhor caminho. A Serra de Martins com os seus mirantes lotad\u00e9rrimos, o do Canto e o da Carranca. Hot\u00e9is e Pousadas com 100 por cento em ocupa\u00e7\u00e3o. Acolhimento e simpatia com os turistas. Resultado: todos prometem voltar. Isso \u00e9 maravilhoso. E quem viver, ver\u00e1. Pol\u00edticas p\u00fablicas envolvendo turismo al\u00e9m da reta Tabajara. Se Deus quiser.<\/p>\n\n\n\n<div class=\"wp-block-columns is-layout-flex wp-container-core-columns-is-layout-9d6595d7 wp-block-columns-is-layout-flex\">\n<div class=\"wp-block-column is-layout-flow wp-block-column-is-layout-flow\" style=\"flex-basis:100%\"><div class=\"wp-block-image\">\n<figure class=\"aligncenter size-full is-resized\"><img decoding=\"async\" src=\"https:\/\/marilenepaiva.com\/wp-content\/uploads\/2024\/04\/trattoria.png\" alt=\"\" class=\"wp-image-2170\" style=\"width:304px;height:auto\"\/><\/figure>\n<\/div><\/div>\n<\/div>\n\n\n\n<div class=\"wp-block-columns is-layout-flex wp-container-core-columns-is-layout-9d6595d7 wp-block-columns-is-layout-flex\">\n<div class=\"wp-block-column is-layout-flow wp-block-column-is-layout-flow\" style=\"flex-basis:100%\"><div class=\"wp-block-image\">\n<figure class=\"aligncenter size-full is-resized\"><img decoding=\"async\" src=\"https:\/\/marilenepaiva.com\/wp-content\/uploads\/2024\/04\/Captura-de-tela-2024-02-19-222258.png\" alt=\"\" class=\"wp-image-2171\" style=\"width:317px;height:auto\"\/><\/figure>\n<\/div><\/div>\n<\/div>\n\n\n\n<div class=\"wp-block-columns is-layout-flex wp-container-core-columns-is-layout-9d6595d7 wp-block-columns-is-layout-flex\">\n<div class=\"wp-block-column is-layout-flow wp-block-column-is-layout-flow\" style=\"flex-basis:100%\"><div class=\"wp-block-image\">\n<figure class=\"aligncenter size-full is-resized\"><img decoding=\"async\" src=\"https:\/\/marilenepaiva.com\/wp-content\/uploads\/2024\/04\/serraboi.png\" alt=\"\" class=\"wp-image-2169\" style=\"width:340px;height:auto\"\/><\/figure>\n<\/div><\/div>\n<\/div>\n\n\n\n<div class=\"wp-block-columns is-layout-flex wp-container-core-columns-is-layout-9d6595d7 wp-block-columns-is-layout-flex\">\n<div class=\"wp-block-column is-layout-flow wp-block-column-is-layout-flow\" style=\"flex-basis:100%\">\n<figure class=\"wp-block-image size-large\"><img decoding=\"async\" src=\"https:\/\/marilenepaiva.com\/wp-content\/uploads\/2024\/04\/F1-FELIPE-E-GABRIEL-699x1024.jpg\" alt=\"\" class=\"wp-image-2252\"\/><\/figure>\n<\/div>\n<\/div>\n\n\n\n<p><em>Hoje \u00e9 dia de bolo confeitado para os g\u00eameos lindos e muito amados Luis Felipe de Oliveira Mendon\u00e7a e Luis Gabriel de Oliveira Mendon\u00e7a, filhos de Maria Jeniffer e \u00c2ngelo Ricardo. Parab\u00e9ns!!!<\/em><\/p>\n\n\n\n<div class=\"wp-block-columns is-layout-flex wp-container-core-columns-is-layout-9d6595d7 wp-block-columns-is-layout-flex\">\n<div class=\"wp-block-column is-layout-flow wp-block-column-is-layout-flow\" style=\"flex-basis:100%\">\n<figure class=\"wp-block-image size-large\"><img decoding=\"async\" src=\"https:\/\/marilenepaiva.com\/wp-content\/uploads\/2024\/04\/f2-clesciano-798x1024.jpg\" alt=\"\" class=\"wp-image-2253\"\/><\/figure>\n<\/div>\n<\/div>\n\n\n\n<p><em>Com muita alegria no cora\u00e7\u00e3o o empres\u00e1rio Cleciano Galdino levou seu filho Pedro Henrique para a cerim\u00f4nia de inicia\u00e7\u00e3o no Cap\u00edtulo Oeste da Ordem Demolay. Uma honra fazer parte da fam\u00edlia ma\u00e7\u00f4nica. Salve, salve!<\/em><\/p>\n\n\n\n<div class=\"wp-block-columns is-layout-flex wp-container-core-columns-is-layout-9d6595d7 wp-block-columns-is-layout-flex\">\n<div class=\"wp-block-column is-layout-flow wp-block-column-is-layout-flow\" style=\"flex-basis:100%\">\n<figure class=\"wp-block-image size-full\"><img decoding=\"async\" src=\"https:\/\/marilenepaiva.com\/wp-content\/uploads\/2024\/04\/f3-enio.jpg\" alt=\"\" class=\"wp-image-2254\"\/><\/figure>\n<\/div>\n<\/div>\n\n\n\n<p><em>Muito querido, o radialista Enio Ticiano celebra hoje 61 aninhos de vida. Ganha sess\u00e3o parab\u00e9ns pra voc\u00ea dos amigos da 105 FM. Sa\u00fade e paz meu amigo!<\/em><\/p>\n\n\n\n<div class=\"wp-block-columns is-layout-flex wp-container-core-columns-is-layout-9d6595d7 wp-block-columns-is-layout-flex\">\n<div class=\"wp-block-column is-layout-flow wp-block-column-is-layout-flow\" style=\"flex-basis:100%\">\n<figure class=\"wp-block-image size-full is-resized\"><img decoding=\"async\" src=\"https:\/\/marilenepaiva.com\/wp-content\/uploads\/2024\/04\/F4-ARMANDO-LUCIO-E-FLAVIA-3.jpg\" alt=\"\" class=\"wp-image-2255\" style=\"width:436px;height:auto\"\/><\/figure>\n<\/div>\n<\/div>\n\n\n\n<p><em>Do meu bem querer e admira\u00e7\u00e3o, o promotor Armando L\u00facio Ribeiro. Aniversariante de hoje. Aqui, com a amada Fl\u00e1via Queiros. Felicidades.<\/em><\/p>\n\n\n\n<div class=\"wp-block-columns is-layout-flex wp-container-core-columns-is-layout-9d6595d7 wp-block-columns-is-layout-flex\">\n<div class=\"wp-block-column is-layout-flow wp-block-column-is-layout-flow\" style=\"flex-basis:100%\">\n<figure class=\"wp-block-image size-full\"><img decoding=\"async\" src=\"https:\/\/marilenepaiva.com\/wp-content\/uploads\/2024\/04\/F5-EDUARDO-SAVIO-MARCELLUS.jpg\" alt=\"\" class=\"wp-image-2256\"\/><\/figure>\n<\/div>\n<\/div>\n\n\n\n<p><em>O casal S\u00e1vio Marcellus e Renata Gadelha felizes na formatura do genro Gabriel Morais em Medicina. No clique, com a filha J\u00falia Gadelha e o filhado Eduardo Mendes. Parab\u00e9ns!<\/em><\/p>\n\n\n\n<div class=\"wp-block-columns is-layout-flex wp-container-core-columns-is-layout-9d6595d7 wp-block-columns-is-layout-flex\">\n<div class=\"wp-block-column is-layout-flow wp-block-column-is-layout-flow\" style=\"flex-basis:100%\">\n<figure class=\"wp-block-image size-large\"><img decoding=\"async\" src=\"https:\/\/marilenepaiva.com\/wp-content\/uploads\/2024\/04\/F6-ALICE-FELISRDO-778x1024.jpg\" alt=\"\" class=\"wp-image-2257\"\/><\/figure>\n<\/div>\n<\/div>\n\n\n\n<p><em>Essa eu vi nascer, crescer e florescer. A bela, doce e estudiosa Alice Felisardo completou 15 anos e ganhou os mimos dos pais Frank Felisardo e Mara Lidiane. Tudo de melhor. Felicidades!<\/em><\/p>\n","protected":false},"excerpt":{"rendered":"<p>CHAMPANHE NO GELO Todos os vivas aos aniversariantes de hoje: Armando L\u00facio Ribeiro, Luis Felipe Mendon\u00e7a, Luis Gabriel Mendon\u00e7a, Tuyra Vale, Doca Fernandes, Fl\u00e1via Rosado, Marcos Maia Fernandes Pedrosa, Domenico Dallavale , Ra\u00edza Freire de Oliveira, D\u00e1vila Maia,,Enio Ticiano, Diego Nogueira, Rafaela Freire, Tatiana Reinaldo, Valeria Oliveira, Alexsandra Nobre, Ana Lucia, Ana Paula Soares e [&hellip;]<\/p>\n","protected":false},"author":1,"featured_media":1688,"comment_status":"open","ping_status":"open","sticky":true,"template":"","format":"standard","meta":{"footnotes":""},"categories":[3],"tags":[],"class_list":["post-2251","post","type-post","status-publish","format-standard","has-post-thumbnail","hentry","category-colunas"],"_links":{"self":[{"href":"https:\/\/marilenepaiva.com\/index.php?rest_route=\/wp\/v2\/posts\/2251","targetHints":{"allow":["GET"]}}],"collection":[{"href":"https:\/\/marilenepaiva.com\/index.php?rest_route=\/wp\/v2\/posts"}],"about":[{"href":"https:\/\/marilenepaiva.com\/index.php?rest_route=\/wp\/v2\/types\/post"}],"author":[{"embeddable":true,"href":"https:\/\/marilenepaiva.com\/index.php?rest_route=\/wp\/v2\/users\/1"}],"replies":[{"embeddable":true,"href":"https:\/\/marilenepaiva.com\/index.php?rest_route=%2Fwp%2Fv2%2Fcomments&post=2251"}],"version-history":[{"count":2,"href":"https:\/\/marilenepaiva.com\/index.php?rest_route=\/wp\/v2\/posts\/2251\/revisions"}],"predecessor-version":[{"id":2259,"href":"https:\/\/marilenepaiva.com\/index.php?rest_route=\/wp\/v2\/posts\/2251\/revisions\/2259"}],"wp:featuredmedia":[{"embeddable":true,"href":"https:\/\/marilenepaiva.com\/index.php?rest_route=\/wp\/v2\/media\/1688"}],"wp:attachment":[{"href":"https:\/\/marilenepaiva.com\/index.php?rest_route=%2Fwp%2Fv2%2Fmedia&parent=2251"}],"wp:term":[{"taxonomy":"category","embeddable":true,"href":"https:\/\/marilenepaiva.com\/index.php?rest_route=%2Fwp%2Fv2%2Fcategories&post=2251"},{"taxonomy":"post_tag","embeddable":true,"href":"https:\/\/marilenepaiva.com\/index.php?rest_route=%2Fwp%2Fv2%2Ftags&post=2251"}],"curies":[{"name":"wp","href":"https:\/\/api.w.org\/{rel}","templated":true}]}}