{"id":2314,"date":"2024-04-17T20:53:10","date_gmt":"2024-04-17T20:53:10","guid":{"rendered":"https:\/\/marilenepaiva.com\/?p=2314"},"modified":"2024-04-17T20:53:11","modified_gmt":"2024-04-17T20:53:11","slug":"gente-de-fato-18-de-abril-de-2024","status":"publish","type":"post","link":"https:\/\/marilenepaiva.com\/?p=2314","title":{"rendered":"GENTE DE FATO 18 DE ABRIL DE 2024"},"content":{"rendered":"\n<p class=\"has-large-font-size\"><strong>ECOMAX EM MOSSOR\u00d3<\/strong><\/p>\n\n\n\n<p class=\"has-black-color has-text-color has-link-color has-medium-font-size wp-elements-ea4277c6131e14df7be362af02305fc3\">Com 30 anos de trabalho s\u00e9rio e projetos que deixam a paisagem ainda mais bonita nesta vida de meu Deus, a Ecomax chegou em Mossor\u00f3 celebrando os seus 30 anos.<\/p>\n\n\n\n<div class=\"wp-block-columns is-layout-flex wp-container-core-columns-is-layout-9d6595d7 wp-block-columns-is-layout-flex\">\n<div class=\"wp-block-column is-layout-flow wp-block-column-is-layout-flow\" style=\"flex-basis:100%\"><div class=\"wp-block-image\">\n<figure class=\"aligncenter size-full is-resized\"><img decoding=\"async\" src=\"https:\/\/marilenepaiva.com\/wp-content\/uploads\/2024\/04\/Design-sem-nome-2.jpg\" alt=\"\" class=\"wp-image-2167\" style=\"width:434px;height:auto\"\/><\/figure>\n<\/div><\/div>\n<\/div>\n\n\n\n<p class=\"has-large-font-size\"><strong>BOSQUE DAS CARNA\u00daBAS<\/strong><\/p>\n\n\n\n<p class=\"has-black-color has-text-color has-link-color has-medium-font-size wp-elements-067a76530db00adb0155439eb53f1c38\">Para o lan\u00e7amento do bosque das Carna\u00fabas, projeto bel\u00edssimo do arquiteto Paulo Macedo, com arquitetura inspirada nas terras de Santa Luzia, um coquetel que reuniu pelo -500 convidados no Requinte Buffet, mostrou a for\u00e7a de Francisco Louren\u00e7o, Vicente Freire e Renildo Bizarria.<\/p>\n\n\n\n<div class=\"wp-block-columns is-layout-flex wp-container-core-columns-is-layout-9d6595d7 wp-block-columns-is-layout-flex\">\n<div class=\"wp-block-column is-layout-flow wp-block-column-is-layout-flow\" style=\"flex-basis:100%\"><div class=\"wp-block-image\">\n<figure class=\"aligncenter size-large is-resized\"><img decoding=\"async\" src=\"https:\/\/marilenepaiva.com\/wp-content\/uploads\/2024\/04\/Imagem-do-WhatsApp-de-2024-04-04-as-08.53.06_7c569f46-1024x241.jpg\" alt=\"\" class=\"wp-image-2195\" style=\"width:493px;height:auto\"\/><\/figure>\n<\/div><\/div>\n<\/div>\n\n\n\n<p class=\"has-large-font-size\"><strong>A FESTA, A PRODU\u00c7\u00c3O<\/strong><\/p>\n\n\n\n<p class=\"has-black-color has-text-color has-link-color has-medium-font-size wp-elements-e748e9769bf3c02e38b8209aee258d6f\">O Requinte Buffet foi transformado numa floresta, com recep\u00e7\u00e3o assinada pelas Festas de Chrystian que deu show por todo lugar. Falar de entrada, os servi\u00e7os de manobristas s\u00e3o um luxo! S\u00f3 o fato da seguran\u00e7a e o conforto de descer na entrada da festa, \u00e9 tudo! J\u00e1 na recep\u00e7\u00e3o, as meninas do Ateli\u00ea Palha Arte davam boas-vindas tra\u00e7ando as folhas de carna\u00faba em cestos, tapetes e outras maravilhas. O tecido que subiu, abrindo o buffet maravilhoso assinado por Socorro Paiva, o vendedor de cavaco chin\u00eas no meio do sal\u00e3o, o show de Bia e Katharina Gurgel encantaram a todos. \u00a0Foi uma noite memor\u00e1vel!<\/p>\n\n\n\n<div class=\"wp-block-columns is-layout-flex wp-container-core-columns-is-layout-9d6595d7 wp-block-columns-is-layout-flex\">\n<div class=\"wp-block-column is-layout-flow wp-block-column-is-layout-flow\" style=\"flex-basis:100%\"><div class=\"wp-block-image\">\n<figure class=\"aligncenter size-full is-resized\"><img decoding=\"async\" src=\"https:\/\/marilenepaiva.com\/wp-content\/uploads\/2024\/04\/Captura-de-tela-2024-02-19-222258.png\" alt=\"\" class=\"wp-image-2171\" style=\"width:305px;height:auto\"\/><\/figure>\n<\/div><\/div>\n<\/div>\n\n\n\n<div class=\"wp-block-columns is-layout-flex wp-container-core-columns-is-layout-9d6595d7 wp-block-columns-is-layout-flex\">\n<div class=\"wp-block-column is-layout-flow wp-block-column-is-layout-flow\" style=\"flex-basis:100%\"><div class=\"wp-block-image\">\n<figure class=\"aligncenter size-full is-resized\"><img decoding=\"async\" src=\"https:\/\/marilenepaiva.com\/wp-content\/uploads\/2024\/04\/trattoria.png\" alt=\"\" class=\"wp-image-2170\" style=\"width:322px;height:auto\"\/><\/figure>\n<\/div><\/div>\n<\/div>\n\n\n\n<div class=\"wp-block-columns is-layout-flex wp-container-core-columns-is-layout-9d6595d7 wp-block-columns-is-layout-flex\">\n<div class=\"wp-block-column is-layout-flow wp-block-column-is-layout-flow\" style=\"flex-basis:100%\"><div class=\"wp-block-image\">\n<figure class=\"aligncenter size-full is-resized\"><img decoding=\"async\" src=\"https:\/\/marilenepaiva.com\/wp-content\/uploads\/2024\/04\/serraboi.png\" alt=\"\" class=\"wp-image-2169\" style=\"width:330px;height:auto\"\/><\/figure>\n<\/div><\/div>\n<\/div>\n\n\n\n<div class=\"wp-block-columns is-layout-flex wp-container-core-columns-is-layout-9d6595d7 wp-block-columns-is-layout-flex\">\n<div class=\"wp-block-column is-layout-flow wp-block-column-is-layout-flow\" style=\"flex-basis:100%\"><div class=\"wp-block-image\">\n<figure class=\"aligncenter size-full is-resized\"><img decoding=\"async\" src=\"https:\/\/marilenepaiva.com\/wp-content\/uploads\/2024\/04\/22.png\" alt=\"\" class=\"wp-image-2168\" style=\"width:298px;height:auto\"\/><\/figure>\n<\/div><\/div>\n<\/div>\n\n\n\n<div class=\"wp-block-columns is-layout-flex wp-container-core-columns-is-layout-9d6595d7 wp-block-columns-is-layout-flex\">\n<div class=\"wp-block-column is-layout-flow wp-block-column-is-layout-flow\" style=\"flex-basis:100%\">\n<figure class=\"wp-block-image size-large\"><img decoding=\"async\" src=\"https:\/\/marilenepaiva.com\/wp-content\/uploads\/2024\/04\/F1-CHSYTIAN-1024x792.jpeg\" alt=\"\" class=\"wp-image-2315\"\/><\/figure>\n<\/div>\n<\/div>\n\n\n\n<p><em>Elas s\u00e3o loucas pelas Festas de Saboya, com Chrystian: \u00a0Ana Luzia Gurgel, Marta Dias e K\u00e1tia Formiga. No lan\u00e7amento do Bosque das Carna\u00fabas. Foto Eduardo Kennedy<\/em><\/p>\n\n\n\n<div class=\"wp-block-columns is-layout-flex wp-container-core-columns-is-layout-9d6595d7 wp-block-columns-is-layout-flex\">\n<div class=\"wp-block-column is-layout-flow wp-block-column-is-layout-flow\" style=\"flex-basis:100%\">\n<figure class=\"wp-block-image size-large\"><img decoding=\"async\" src=\"https:\/\/marilenepaiva.com\/wp-content\/uploads\/2024\/04\/F2-SILVIO-NEUZO-E-ENIO-952x1024.jpg\" alt=\"\" class=\"wp-image-2316\"\/><\/figure>\n<\/div>\n<\/div>\n\n\n\n<p><p class=\"MsoNormal\"><em>Os bacanas empres\u00e1rios bem-sucedidos, Neuzo Leite, Silvio Roberto e \u00canio Souza, na noite da ECOMAX, lan\u00e7amento do Bosque das Carna\u00fabas. Foto Marilene Paiva<\/em><\/p><br><\/p>\n\n\n\n<div class=\"wp-block-columns is-layout-flex wp-container-core-columns-is-layout-9d6595d7 wp-block-columns-is-layout-flex\">\n<div class=\"wp-block-column is-layout-flow wp-block-column-is-layout-flow\" style=\"flex-basis:100%\">\n<figure class=\"wp-block-image size-large\"><img decoding=\"async\" src=\"https:\/\/marilenepaiva.com\/wp-content\/uploads\/2024\/04\/F3-FRANZE-CRISTIANE-E-FILHOS-900x1024.jpg\" alt=\"\" class=\"wp-image-2317\"\/><\/figure>\n<\/div>\n<\/div>\n\n\n\n<p><em>O arquiteto Franz\u00e9 Rodrigues e sua bela Christiane com Maxsuel e Alyssa Rodrigues na noite do Bosque das Carn\u00e1ubas, no Requinte Buffet. \u00a0Foto Marilene Paiva.<\/em><\/p>\n\n\n\n<div class=\"wp-block-columns is-layout-flex wp-container-core-columns-is-layout-9d6595d7 wp-block-columns-is-layout-flex\">\n<div class=\"wp-block-column is-layout-flow wp-block-column-is-layout-flow\" style=\"flex-basis:100%\">\n<figure class=\"wp-block-image size-large\"><img decoding=\"async\" src=\"https:\/\/marilenepaiva.com\/wp-content\/uploads\/2024\/04\/f4-dona-lizete-andrade-682x1024.jpg\" alt=\"\" class=\"wp-image-2318\"\/><\/figure>\n<\/div>\n<\/div>\n\n\n\n<p><em>Gosto de amar, a fada Lizete Andrade prestigiando o evento da Ecomax, no Requinte Buffet, assinado por Chrystian de Saboya. Foto Eduardo Kennedy.<\/em><\/p>\n\n\n\n<div class=\"wp-block-columns is-layout-flex wp-container-core-columns-is-layout-9d6595d7 wp-block-columns-is-layout-flex\">\n<div class=\"wp-block-column is-layout-flow wp-block-column-is-layout-flow\" style=\"flex-basis:100%\">\n<figure class=\"wp-block-image size-large\"><img decoding=\"async\" src=\"https:\/\/marilenepaiva.com\/wp-content\/uploads\/2024\/04\/f5-romano-e-bruna-zampieri-992x1024.jpg\" alt=\"\" class=\"wp-image-2319\"\/><\/figure>\n<\/div>\n<\/div>\n\n\n\n<p><em>Casal m\u00e9dicos retin\u00f3logo Romano Vasconcelos e a sua esposa charmos\u00edssima oncologista Bruna Zampieri na festa de lan\u00e7amento do Bosque das Carna\u00fabas, no Requinte Buffet. Foto Eduardo Kennedy.<\/em><\/p>\n\n\n\n<div class=\"wp-block-columns is-layout-flex wp-container-core-columns-is-layout-9d6595d7 wp-block-columns-is-layout-flex\">\n<div class=\"wp-block-column is-layout-flow wp-block-column-is-layout-flow\" style=\"flex-basis:100%\">\n<figure class=\"wp-block-image size-large\"><img decoding=\"async\" src=\"https:\/\/marilenepaiva.com\/wp-content\/uploads\/2024\/04\/F6-AS-GASTAO-1024x948.jpg\" alt=\"\" class=\"wp-image-2320\"\/><\/figure>\n<\/div>\n<\/div>\n\n\n\n<p><em>A Engenheira Perita Ana K\u00e9sia com as Gast\u00e3o do meu core, Gracinha, \u00c2ngela e Patr\u00edcia, na impec\u00e1vel noite da ECOMAX, by Chrystian de Saboya, no Requinte Buffet.<\/em><\/p>\n","protected":false},"excerpt":{"rendered":"<p>ECOMAX EM MOSSOR\u00d3 Com 30 anos de trabalho s\u00e9rio e projetos que deixam a paisagem ainda mais bonita nesta vida de meu Deus, a Ecomax chegou em Mossor\u00f3 celebrando os seus 30 anos. BOSQUE DAS CARNA\u00daBAS Para o lan\u00e7amento do bosque das Carna\u00fabas, projeto bel\u00edssimo do arquiteto Paulo Macedo, com arquitetura inspirada nas terras de [&hellip;]<\/p>\n","protected":false},"author":1,"featured_media":1688,"comment_status":"open","ping_status":"open","sticky":true,"template":"","format":"standard","meta":{"footnotes":""},"categories":[3],"tags":[],"class_list":["post-2314","post","type-post","status-publish","format-standard","has-post-thumbnail","hentry","category-colunas"],"_links":{"self":[{"href":"https:\/\/marilenepaiva.com\/index.php?rest_route=\/wp\/v2\/posts\/2314","targetHints":{"allow":["GET"]}}],"collection":[{"href":"https:\/\/marilenepaiva.com\/index.php?rest_route=\/wp\/v2\/posts"}],"about":[{"href":"https:\/\/marilenepaiva.com\/index.php?rest_route=\/wp\/v2\/types\/post"}],"author":[{"embeddable":true,"href":"https:\/\/marilenepaiva.com\/index.php?rest_route=\/wp\/v2\/users\/1"}],"replies":[{"embeddable":true,"href":"https:\/\/marilenepaiva.com\/index.php?rest_route=%2Fwp%2Fv2%2Fcomments&post=2314"}],"version-history":[{"count":1,"href":"https:\/\/marilenepaiva.com\/index.php?rest_route=\/wp\/v2\/posts\/2314\/revisions"}],"predecessor-version":[{"id":2321,"href":"https:\/\/marilenepaiva.com\/index.php?rest_route=\/wp\/v2\/posts\/2314\/revisions\/2321"}],"wp:featuredmedia":[{"embeddable":true,"href":"https:\/\/marilenepaiva.com\/index.php?rest_route=\/wp\/v2\/media\/1688"}],"wp:attachment":[{"href":"https:\/\/marilenepaiva.com\/index.php?rest_route=%2Fwp%2Fv2%2Fmedia&parent=2314"}],"wp:term":[{"taxonomy":"category","embeddable":true,"href":"https:\/\/marilenepaiva.com\/index.php?rest_route=%2Fwp%2Fv2%2Fcategories&post=2314"},{"taxonomy":"post_tag","embeddable":true,"href":"https:\/\/marilenepaiva.com\/index.php?rest_route=%2Fwp%2Fv2%2Ftags&post=2314"}],"curies":[{"name":"wp","href":"https:\/\/api.w.org\/{rel}","templated":true}]}}