{"id":2322,"date":"2024-04-18T22:26:52","date_gmt":"2024-04-18T22:26:52","guid":{"rendered":"https:\/\/marilenepaiva.com\/?p=2322"},"modified":"2024-04-18T22:26:53","modified_gmt":"2024-04-18T22:26:53","slug":"gente-de-fato-19-de-abril-de-2024","status":"publish","type":"post","link":"https:\/\/marilenepaiva.com\/?p=2322","title":{"rendered":"GENTE DE FATO 19 DE ABRIL DE 2024"},"content":{"rendered":"\n<blockquote class=\"wp-block-quote is-layout-flow wp-block-quote-is-layout-flow\">\n<p class=\"has-large-font-size\"><strong>ORPHEU<\/strong><\/p>\n\n\n\n<p class=\"has-black-color has-text-color has-link-color has-medium-font-size wp-elements-1f926cc9388d8e51afc1d1dcb93142f5\">As minhas ansiedades caem&nbsp;<br>Por uma escada abaixo.&nbsp;<br>Os meus desejos balou\u00e7am-se&nbsp;<br>Em meio de um jardim vertical.&nbsp;<br>Na M\u00famia a posi\u00e7\u00e3o \u00e9 absolutamente exata.<\/p>\n\n\n\n<p class=\"has-medium-font-size\">M\u00fasica long\u00ednqua,&nbsp;<br>M\u00fasica excessivamente long\u00ednqua,&nbsp;<br>Para que a Vida passe&nbsp;<br>E colher esque\u00e7a aos gestos.&nbsp;<br><br>&nbsp;<em>Fernando Pessoa<\/em><\/p>\n<\/blockquote>\n\n\n\n<p><\/p>\n\n\n\n<div class=\"wp-block-columns is-layout-flex wp-container-core-columns-is-layout-9d6595d7 wp-block-columns-is-layout-flex\">\n<div class=\"wp-block-column is-layout-flow wp-block-column-is-layout-flow\" style=\"flex-basis:100%\"><div class=\"wp-block-image\">\n<figure class=\"aligncenter size-large is-resized\"><img decoding=\"async\" src=\"https:\/\/marilenepaiva.com\/wp-content\/uploads\/2024\/04\/Imagem-do-WhatsApp-de-2024-04-04-as-08.53.06_7c569f46-1-1024x241.jpg\" alt=\"\" class=\"wp-image-2323\" style=\"width:484px;height:auto\"\/><\/figure>\n<\/div><\/div>\n<\/div>\n\n\n\n<p class=\"has-large-font-size\"><strong>CHAMPANHE NO GELO<\/strong><\/p>\n\n\n\n<p class=\"has-black-color has-text-color has-link-color has-medium-font-size wp-elements-b722810506528a1015061ae5a493eeaf\">Hoje \u00e9 dia de Santo Expedito, o santo das causas imposs\u00edveis. Hoje \u00e9 dia de abra\u00e7ar e beijar os aniversariantes: Rei Roberto Carlos( ai quem dera um abracinho!!!), Valquiria Dantas , L\u00edgia Lopes , Kaka Pasqually , Kaio Dias,&nbsp; Hildegard Mota , Rafael Junior , Gefferson Dantas Oliveira , Priscila Gracielly , Mytchelly Paiva , Monny Moura ,&nbsp; Allyson Rafael , Fernando Junior, Fabr\u00edcio De Ara\u00fajo Costa , D\u00e9bora Luane, Chaycyelen Dantas , Thiago Carlos Barbosa,&nbsp; Alberto Eiji Otani, Jos\u00e9 Oto Santana,&nbsp; Aldenor Oliveira Rocha,Maria das Gra\u00e7as Aquino&nbsp; e&nbsp; Silvana Duarte. Parab\u00e9ns, meus amores!!!<\/p>\n\n\n\n<div class=\"wp-block-columns is-layout-flex wp-container-core-columns-is-layout-9d6595d7 wp-block-columns-is-layout-flex\">\n<div class=\"wp-block-column is-layout-flow wp-block-column-is-layout-flow\" style=\"flex-basis:100%\"><div class=\"wp-block-image\">\n<figure class=\"aligncenter size-full is-resized\"><img decoding=\"async\" src=\"https:\/\/marilenepaiva.com\/wp-content\/uploads\/2024\/04\/iate.jpg\" alt=\"\" class=\"wp-image-2324\" style=\"width:496px;height:auto\"\/><\/figure>\n<\/div><\/div>\n<\/div>\n\n\n\n<p class=\"has-large-font-size\"><strong>CORINGA 2 &#8211; FOLIE \u00c0 DEUX: O NOVO FILME DE JOAQUIN PHOENIX E LADY GAGA<\/strong><\/p>\n\n\n\n<p class=\"has-black-color has-text-color has-link-color has-medium-font-size wp-elements-7e1023b2374ef1701c9531651cfac721\">&nbsp;Novo filme do Coringa vai abordar dist\u00farbio psiqui\u00e1trico pouco conhecido que afeta os personagens principais. A hist\u00f3ria continuar\u00e1 contando a trajet\u00f3ria de um dos vil\u00f5es mais emblem\u00e1ticos do s\u00e9culo, agora com a sua parceira \u201cArlequina\u201d. Na trama, ambos ir\u00e3o sofrer de um transtorno psiqui\u00e1trico pouco conhecido que d\u00e1 nome ao filme, o \u201cFolie \u00e0 Deux\u201d. \u201cO transtorno, que em portugu\u00eas significa \u2018loucura a dois\u2019, \u00e9 uma condi\u00e7\u00e3o considerada rara e documentada h\u00e1 relativamente pouco tempo em rela\u00e7\u00e3o a outros dist\u00farbios\u201d<\/p>\n\n\n\n<div class=\"wp-block-columns is-layout-flex wp-container-core-columns-is-layout-9d6595d7 wp-block-columns-is-layout-flex\">\n<div class=\"wp-block-column is-layout-flow wp-block-column-is-layout-flow\" style=\"flex-basis:100%\"><div class=\"wp-block-image\">\n<figure class=\"aligncenter size-full is-resized\"><img decoding=\"async\" src=\"https:\/\/marilenepaiva.com\/wp-content\/uploads\/2024\/04\/22-1.png\" alt=\"\" class=\"wp-image-2325\" style=\"width:280px;height:auto\"\/><\/figure>\n<\/div><\/div>\n<\/div>\n\n\n\n<p class=\"has-large-font-size\"><strong>N\u00c9, CHIC\u00d3?!<\/strong><\/p>\n\n\n\n<p class=\"has-black-color has-text-color has-link-color has-medium-font-size wp-elements-f5afd5ef391512185894778268c9283f\">Buliu com um, buliu com todos.<\/p>\n\n\n\n<div class=\"wp-block-columns is-layout-flex wp-container-core-columns-is-layout-9d6595d7 wp-block-columns-is-layout-flex\">\n<div class=\"wp-block-column is-layout-flow wp-block-column-is-layout-flow\" style=\"flex-basis:100%\"><div class=\"wp-block-image\">\n<figure class=\"aligncenter size-full is-resized\"><img decoding=\"async\" src=\"https:\/\/marilenepaiva.com\/wp-content\/uploads\/2024\/04\/Captura-de-tela-2024-02-19-222258-1.png\" alt=\"\" class=\"wp-image-2326\" style=\"width:303px;height:auto\"\/><\/figure>\n<\/div><\/div>\n<\/div>\n\n\n\n<p class=\"has-large-font-size\"><strong>CHUVA NAS SERRAS<\/strong><\/p>\n\n\n\n<p class=\"has-black-color has-text-color has-link-color has-medium-font-size wp-elements-97f56f62ca6d7ac06b3d46626333110e\">Semana passada subimos a serra de Martins para dias de tranquilidade e encontros com amigos queridos. Para sentir frio de verdade, nos Mirantes do Canto, Carranca e Penhasco. Encontro rapid\u00e9rrimo com a prefeita Maz\u00e9 Gurgel no Lagoa dos Ing\u00e1s. Vem novidades por a\u00ed, n\u00e9 Maz\u00e9? O Festival Gastron\u00f4mico j\u00e1 \u00e9 um sucesso, dias 19, 20 e 21 de julho. Oba!<\/p>\n\n\n\n<div class=\"wp-block-columns is-layout-flex wp-container-core-columns-is-layout-9d6595d7 wp-block-columns-is-layout-flex\">\n<div class=\"wp-block-column is-layout-flow wp-block-column-is-layout-flow\" style=\"flex-basis:100%\"><div class=\"wp-block-image\">\n<figure class=\"aligncenter size-full is-resized\"><img decoding=\"async\" src=\"https:\/\/marilenepaiva.com\/wp-content\/uploads\/2024\/04\/serraboi-1.png\" alt=\"\" class=\"wp-image-2327\" style=\"width:310px;height:auto\"\/><\/figure>\n<\/div><\/div>\n<\/div>\n\n\n\n<p class=\"has-large-font-size\"><strong>\u00a0CAF\u00c9 \u00c9 TUDO DE MARAVILHOSO!<\/strong><\/p>\n\n\n\n<p class=\"has-black-color has-text-color has-link-color has-medium-font-size wp-elements-bd178c3b5b734210e431de0d6f855f49\">Euzinha sou 100% um cafezinho. N\u00e3o abro m\u00e3o. Quente ou gelado. Com leite, chocolate, canela&#8230;Caf\u00e9 e pronto.<\/p>\n\n\n\n<div class=\"wp-block-columns is-layout-flex wp-container-core-columns-is-layout-9d6595d7 wp-block-columns-is-layout-flex\">\n<div class=\"wp-block-column is-layout-flow wp-block-column-is-layout-flow\" style=\"flex-basis:100%\"><div class=\"wp-block-image\">\n<figure class=\"aligncenter size-full is-resized\"><img decoding=\"async\" src=\"https:\/\/marilenepaiva.com\/wp-content\/uploads\/2024\/04\/trattoria-1.png\" alt=\"\" class=\"wp-image-2328\" style=\"width:298px;height:auto\"\/><\/figure>\n<\/div><\/div>\n<\/div>\n\n\n\n<div class=\"wp-block-columns is-layout-flex wp-container-core-columns-is-layout-9d6595d7 wp-block-columns-is-layout-flex\">\n<div class=\"wp-block-column is-layout-flow wp-block-column-is-layout-flow\" style=\"flex-basis:100%\">\n<figure class=\"wp-block-image size-large\"><img decoding=\"async\" src=\"https:\/\/marilenepaiva.com\/wp-content\/uploads\/2024\/04\/f1-mytchelly-769x1024.jpg\" alt=\"\" class=\"wp-image-2329\"\/><\/figure>\n<\/div>\n<\/div>\n\n\n\n<p><em>Red carpet para a advogata \u00a0Mytchelly Paiva, aniversariante de hoje. \u00a0Meio filha, amiga, sobrinha. Coordenadora de Estrat\u00e9gias e Defesa dos Direitos dos Consumidores, Procon de Mossor\u00f3. Futura Magistrada.\u00a0 N\u00f3s te amamos My!<\/em><\/p>\n\n\n\n<div class=\"wp-block-columns is-layout-flex wp-container-core-columns-is-layout-9d6595d7 wp-block-columns-is-layout-flex\">\n<div class=\"wp-block-column is-layout-flow wp-block-column-is-layout-flow\" style=\"flex-basis:100%\">\n<figure class=\"wp-block-image size-full\"><img decoding=\"async\" src=\"https:\/\/marilenepaiva.com\/wp-content\/uploads\/2024\/04\/f2-fernanda-e-alberto-1.jpg\" alt=\"\" class=\"wp-image-2330\"\/><\/figure>\n<\/div>\n<\/div>\n\n\n\n<p><em>Engenheiro Agr\u00f4nomo Alberto Eiji Otani apaga velinhas hoje e ganha os mimos da esposa Fernanda Otani. Celebra\u00e7\u00e3o em dose dupla, o filho ca\u00e7ula de Alberto, Arthur, divide as velinhas do bolo. Tintin meus amores!<\/em><\/p>\n\n\n\n<div class=\"wp-block-columns is-layout-flex wp-container-core-columns-is-layout-9d6595d7 wp-block-columns-is-layout-flex\">\n<div class=\"wp-block-column is-layout-flow wp-block-column-is-layout-flow\" style=\"flex-basis:100%\">\n<figure class=\"wp-block-image size-full is-resized\"><img decoding=\"async\" src=\"https:\/\/marilenepaiva.com\/wp-content\/uploads\/2024\/04\/F3-HILDEGARD-MOTA-1-1.jpg\" alt=\"\" class=\"wp-image-2331\" style=\"width:347px;height:auto\"\/><\/figure>\n<\/div>\n<\/div>\n\n\n\n<p><em>A professora Hildegard Mota celebra idade nova hoje. Hilde \u00e9 puro estilo e simpatia. Celebra com amigos e familiares. Parab\u00e9ns, sa\u00fade e alegrias. Foto Ricardo Lopes.<\/em><\/p>\n\n\n\n<div class=\"wp-block-columns is-layout-flex wp-container-core-columns-is-layout-9d6595d7 wp-block-columns-is-layout-flex\">\n<div class=\"wp-block-column is-layout-flow wp-block-column-is-layout-flow\" style=\"flex-basis:100%\">\n<figure class=\"wp-block-image size-full\"><img decoding=\"async\" src=\"https:\/\/marilenepaiva.com\/wp-content\/uploads\/2024\/04\/F4-THIAGO-CARLOS-BARBOSA-2-1-1.jpg\" alt=\"\" class=\"wp-image-2332\"\/><\/figure>\n<\/div>\n<\/div>\n\n\n\n<p><em>Do nosso bem querer, o advogado Thiago Carlos Barbosa, filho de F\u00e1tima e Evandro, celebra mais um ano de vida hoje. Felicidades, paz e bem, amado!<\/em><\/p>\n\n\n\n<div class=\"wp-block-columns is-layout-flex wp-container-core-columns-is-layout-9d6595d7 wp-block-columns-is-layout-flex\">\n<div class=\"wp-block-column is-layout-flow wp-block-column-is-layout-flow\" style=\"flex-basis:100%\">\n<figure class=\"wp-block-image size-full\"><img decoding=\"async\" src=\"https:\/\/marilenepaiva.com\/wp-content\/uploads\/2024\/04\/F5-ELOILMAGLORIA-E-ZELIA-1.jpg\" alt=\"\" class=\"wp-image-2333\"\/><\/figure>\n<\/div>\n<\/div>\n\n\n\n<p><em>Todos os vivas para a aniversariante muit\u00edssimo amada de hoje, Eloilma Bezerra de Menezes. Aqui, com as amadas Z\u00e9lia Macedo Heronildes e Glorinha Santos. Foto C\u00e9lio Duarte.<\/em><\/p>\n\n\n\n<div class=\"wp-block-columns is-layout-flex wp-container-core-columns-is-layout-9d6595d7 wp-block-columns-is-layout-flex\">\n<div class=\"wp-block-column is-layout-flow wp-block-column-is-layout-flow\" style=\"flex-basis:100%\">\n<figure class=\"wp-block-image size-large\"><img decoding=\"async\" src=\"https:\/\/marilenepaiva.com\/wp-content\/uploads\/2024\/04\/f6-lucas-e-o-ator-634x1024.jpg\" alt=\"\" class=\"wp-image-2334\"\/><\/figure>\n<\/div>\n<\/div>\n\n\n\n<p><em>O Engenheiro Lucas Gontijo no show do ator, m\u00e1gico e comediante Mauricio Dollenz, no Teatro Jo\u00e3o Alves de Queiroz, em Goiania. Evo\u00e9!<\/em><\/p>\n","protected":false},"excerpt":{"rendered":"<p>ORPHEU As minhas ansiedades caem&nbsp;Por uma escada abaixo.&nbsp;Os meus desejos balou\u00e7am-se&nbsp;Em meio de um jardim vertical.&nbsp;Na M\u00famia a posi\u00e7\u00e3o \u00e9 absolutamente exata. M\u00fasica long\u00ednqua,&nbsp;M\u00fasica excessivamente long\u00ednqua,&nbsp;Para que a Vida passe&nbsp;E colher esque\u00e7a aos gestos.&nbsp; &nbsp;Fernando Pessoa CHAMPANHE NO GELO Hoje \u00e9 dia de Santo Expedito, o santo das causas imposs\u00edveis. Hoje \u00e9 dia de abra\u00e7ar [&hellip;]<\/p>\n","protected":false},"author":1,"featured_media":1688,"comment_status":"open","ping_status":"open","sticky":true,"template":"","format":"standard","meta":{"footnotes":""},"categories":[3],"tags":[],"class_list":["post-2322","post","type-post","status-publish","format-standard","has-post-thumbnail","hentry","category-colunas"],"_links":{"self":[{"href":"https:\/\/marilenepaiva.com\/index.php?rest_route=\/wp\/v2\/posts\/2322","targetHints":{"allow":["GET"]}}],"collection":[{"href":"https:\/\/marilenepaiva.com\/index.php?rest_route=\/wp\/v2\/posts"}],"about":[{"href":"https:\/\/marilenepaiva.com\/index.php?rest_route=\/wp\/v2\/types\/post"}],"author":[{"embeddable":true,"href":"https:\/\/marilenepaiva.com\/index.php?rest_route=\/wp\/v2\/users\/1"}],"replies":[{"embeddable":true,"href":"https:\/\/marilenepaiva.com\/index.php?rest_route=%2Fwp%2Fv2%2Fcomments&post=2322"}],"version-history":[{"count":1,"href":"https:\/\/marilenepaiva.com\/index.php?rest_route=\/wp\/v2\/posts\/2322\/revisions"}],"predecessor-version":[{"id":2335,"href":"https:\/\/marilenepaiva.com\/index.php?rest_route=\/wp\/v2\/posts\/2322\/revisions\/2335"}],"wp:featuredmedia":[{"embeddable":true,"href":"https:\/\/marilenepaiva.com\/index.php?rest_route=\/wp\/v2\/media\/1688"}],"wp:attachment":[{"href":"https:\/\/marilenepaiva.com\/index.php?rest_route=%2Fwp%2Fv2%2Fmedia&parent=2322"}],"wp:term":[{"taxonomy":"category","embeddable":true,"href":"https:\/\/marilenepaiva.com\/index.php?rest_route=%2Fwp%2Fv2%2Fcategories&post=2322"},{"taxonomy":"post_tag","embeddable":true,"href":"https:\/\/marilenepaiva.com\/index.php?rest_route=%2Fwp%2Fv2%2Ftags&post=2322"}],"curies":[{"name":"wp","href":"https:\/\/api.w.org\/{rel}","templated":true}]}}