{"id":3020,"date":"2024-06-19T17:21:01","date_gmt":"2024-06-19T17:21:01","guid":{"rendered":"https:\/\/marilenepaiva.com\/?p=3020"},"modified":"2024-06-19T17:21:02","modified_gmt":"2024-06-19T17:21:02","slug":"gente-de-fato-20-de-junho-de-2024","status":"publish","type":"post","link":"https:\/\/marilenepaiva.com\/?p=3020","title":{"rendered":"GENTE DE FATO 20 DE JUNHO DE 2024"},"content":{"rendered":"\n<blockquote class=\"wp-block-quote is-layout-flow wp-block-quote-is-layout-flow\">\n<p class=\"has-large-font-size\"><strong>ORPHEU<\/strong><\/p>\n\n\n\n<p class=\"has-black-color has-text-color has-link-color has-medium-font-size wp-elements-2dc065a5a8e1ad35ab44d5c04e823d5a\">Amo-te a cada dia, hora e segundo<\/p>\n\n\n\n<p class=\"has-black-color has-text-color has-link-color has-medium-font-size wp-elements-b7004c326901e4b5db9378564e314229\">A luz do sol, na noite sossegada<\/p>\n\n\n\n<p class=\"has-black-color has-text-color has-link-color has-medium-font-size wp-elements-b842c0094a06f8038fd592f2045e791e\">e \u00e9 t\u00e3o pura a paix\u00e3o de que me inundo<\/p>\n\n\n\n<p class=\"has-black-color has-text-color has-link-color has-medium-font-size wp-elements-b524ba51eefd393f1eb467d0ca24751c\">Quanto o pudor dos que n\u00e3o pedem nada. <\/p>\n\n\n\n<p>Fernando Pessoa<\/p>\n<\/blockquote>\n\n\n\n<div class=\"wp-block-columns is-layout-flex wp-container-core-columns-is-layout-9d6595d7 wp-block-columns-is-layout-flex\">\n<div class=\"wp-block-column is-layout-flow wp-block-column-is-layout-flow\" style=\"flex-basis:100%\"><div class=\"wp-block-image\">\n<figure class=\"aligncenter size-large is-resized\"><img decoding=\"async\" src=\"https:\/\/marilenepaiva.com\/wp-content\/uploads\/2024\/06\/Imagem-do-WhatsApp-de-2024-04-04-as-08.53.06_7c569f46-1024x241.jpg\" alt=\"\" class=\"wp-image-3001\" style=\"width:493px;height:auto\"\/><\/figure>\n<\/div><\/div>\n<\/div>\n\n\n\n<p class=\"has-large-font-size\"><strong>A BELEZA SE ENCONTRA NO S\u00c3O JO\u00c3O<\/strong><\/p>\n\n\n\n<p class=\"has-black-color has-text-color has-link-color has-medium-font-size wp-elements-9a724a542c29fa9650e5ea57d0a1c85b\">O Botic\u00e1rio acredita que a festa junina \u2013 t\u00e3o aguardada pela regi\u00e3o Nordeste \u2013 seja o momento perfeito para o nordestino se reconectar com suas ra\u00edzes e tradi\u00e7\u00f5es. Em&nbsp;Mossor\u00f3,&nbsp;um dos principais destinos dos potiguares neste m\u00eas de junho, a marca \u00e9 uma das patrocinadoras oficiais da&nbsp;festividade, que acontece durante todo o m\u00eas de junho. Quem for curtir os shows&nbsp;na Esta\u00e7\u00e3o das Artes Elizeu Ventania, poder\u00e1 conferir de perto o espa\u00e7o preparado pela marca com experimenta\u00e7\u00e3o de produtos.&nbsp;<\/p>\n\n\n\n<div class=\"wp-block-columns is-layout-flex wp-container-core-columns-is-layout-9d6595d7 wp-block-columns-is-layout-flex\">\n<div class=\"wp-block-column is-layout-flow wp-block-column-is-layout-flow\" style=\"flex-basis:100%\"><div class=\"wp-block-image\">\n<figure class=\"aligncenter size-full is-resized\"><img decoding=\"async\" src=\"https:\/\/marilenepaiva.com\/wp-content\/uploads\/2024\/06\/royalface.jpg\" alt=\"\" class=\"wp-image-3003\" style=\"width:284px;height:auto\"\/><\/figure>\n<\/div><\/div>\n<\/div>\n\n\n\n<p class=\"has-large-font-size\"><strong>O CORETO DO BOTIC\u00c1RIO<\/strong><\/p>\n\n\n\n<p class=\"has-black-color has-text-color has-link-color has-medium-font-size wp-elements-78aaa4e1f0c76fea30dc45b6a7da76bf\">O&nbsp;Coreto da Beleza&nbsp;ser\u00e1 a principal atra\u00e7\u00e3o da marca&nbsp;e promete ser um ponto de encontro entre&nbsp;as pessoas&nbsp;que visitarem o Mossor\u00f3 Cidade Junina. Em todos os dias de festa na Esta\u00e7\u00e3o das Artes, o p\u00fablico poder\u00e1 contar com o espa\u00e7o&nbsp;exclusivo \u2013 decorado especialmente para a data \u2013&nbsp;com experimenta\u00e7\u00e3o de fragr\u00e2ncias e retoque de maquiagem com consultoras da marca. Para participar, basta fazer o cadastro no Clube Viva, programa de benef\u00edcios exclusivos do Botic\u00e1rio. As ativa\u00e7\u00f5es contar\u00e3o tamb\u00e9m com o \u201cJogo dos Encontros\u201d, em que promotores volantes v\u00e3o convocar os&nbsp;\u201cnoiteiros\u201d. O participante ter\u00e1 duas chances para encontrar no painel a dupla de S\u00e3o Jo\u00e3o do Botic\u00e1rio \u2013 as fragr\u00e2ncias&nbsp;Quasar e Floratta Red Blossom&nbsp;\u2013 e ganhar um mimo da marca.&nbsp;A&nbsp;a\u00e7\u00e3o acontece das&nbsp;18h \u00e0s 2h.<\/p>\n\n\n\n<div class=\"wp-block-columns is-layout-flex wp-container-core-columns-is-layout-9d6595d7 wp-block-columns-is-layout-flex\">\n<div class=\"wp-block-column is-layout-flow wp-block-column-is-layout-flow\" style=\"flex-basis:100%\"><div class=\"wp-block-image\">\n<figure class=\"aligncenter size-full is-resized\"><img decoding=\"async\" src=\"https:\/\/marilenepaiva.com\/wp-content\/uploads\/2024\/06\/iate.jpg\" alt=\"\" class=\"wp-image-3000\" style=\"width:401px;height:auto\"\/><\/figure>\n<\/div><\/div>\n<\/div>\n\n\n\n<p class=\"has-large-font-size\"><strong>CHAMPANHE NO GELO<\/strong><\/p>\n\n\n\n<p class=\"has-black-color has-text-color has-link-color has-medium-font-size wp-elements-ab5720f52087ae88d9a17261e472da0a\">Apagam velinhas hoje: Senio Vieira, Jo\u00e3o Marques, Janaide Costa, Jaedson Freitas, Mariana Lopes, Jorgiana Fernandes, Roberto Fialho Neto, Iris Oliveira, Silke Dantas, Vald\u00eania Gomes, Patrice Costa, Meiriane Lima, Carlos Fernandes, Fabio Gleiber, Aline Dayane, Eric Carlos, Edielson Soares, Clarissa Queiroz, Simara Guimar\u00e3es; Raimundo Braz dos Santos; Lana D\u00e9bora Vieira Diniz; Almir Silva de Castro; Camila Amorim e&nbsp; \u00c2ngela Carlos de Oliveira. Parab\u00e9ns, meus amores!<\/p>\n\n\n\n<div class=\"wp-block-columns is-layout-flex wp-container-core-columns-is-layout-9d6595d7 wp-block-columns-is-layout-flex\">\n<div class=\"wp-block-column is-layout-flow wp-block-column-is-layout-flow\" style=\"flex-basis:100%\"><div class=\"wp-block-image\">\n<figure class=\"aligncenter size-full is-resized\"><img decoding=\"async\" src=\"https:\/\/marilenepaiva.com\/wp-content\/uploads\/2024\/06\/trattoria.png\" alt=\"\" class=\"wp-image-3005\" style=\"width:292px;height:auto\"\/><\/figure>\n<\/div><\/div>\n<\/div>\n\n\n\n<p class=\"has-large-font-size\"><strong>OLHOS NOS OLHOS<\/strong><\/p>\n\n\n\n<p class=\"has-black-color has-text-color has-link-color has-medium-font-size wp-elements-8cceb953c6ad5613fb0cd0beb3a336ab\">E o amado Chico Buarque&nbsp; &nbsp;completou 80 anos. Oitenta. Oitentinha. Oitent\u00e3o. Maravilhoso. A coluna de hoje \u00e9 dedicada a ele. &nbsp;<\/p>\n\n\n\n<div class=\"wp-block-columns is-layout-flex wp-container-core-columns-is-layout-9d6595d7 wp-block-columns-is-layout-flex\">\n<div class=\"wp-block-column is-layout-flow wp-block-column-is-layout-flow\" style=\"flex-basis:100%\"><div class=\"wp-block-image\">\n<figure class=\"aligncenter size-full is-resized\"><img decoding=\"async\" src=\"https:\/\/marilenepaiva.com\/wp-content\/uploads\/2024\/06\/serraboi.png\" alt=\"\" class=\"wp-image-3004\" style=\"width:330px;height:auto\"\/><\/figure>\n<\/div><\/div>\n<\/div>\n\n\n\n<p class=\"has-large-font-size\"><br><br><strong>UNS E OUTROS<\/strong><\/p>\n\n\n\n<p class=\"has-medium-font-size\"><strong>\u201dToda verdade \u00e9 subjetiva\u201d.<\/strong><\/p>\n\n\n\n<p class=\"has-black-color has-text-color has-link-color has-medium-font-size wp-elements-7794f04428d2a37e44d9da523f45864d\"><p class=\"MsoNormal\">Ei, psiu. Em tempos de festejos juninos e grandes aglomera\u00e7\u00f5es<br>t\u00e1 valendo a vitamina D do nosso\u00a0<br>valoroso sol. E melhorar o sistema imunol\u00f3gico.\u00a0 A preven\u00e7\u00e3o \u00e9 sempre o melhor diagn\u00f3stico.<\/p><p class=\"MsoNormal\">Euzinha indico sem medo de errar. Sosal Light. \u00c9 mais suave<br>e ajuda no bem-estar org\u00e2nico, principalmente porque reduz o incha\u00e7o provocado<br>pelo excesso de s\u00f3dio contido em outros produtos.<\/p><\/p>\n\n\n\n<div class=\"wp-block-columns is-layout-flex wp-container-core-columns-is-layout-9d6595d7 wp-block-columns-is-layout-flex\">\n<div class=\"wp-block-column is-layout-flow wp-block-column-is-layout-flow\" style=\"flex-basis:100%\"><div class=\"wp-block-image\">\n<figure class=\"aligncenter size-full is-resized\"><img decoding=\"async\" src=\"https:\/\/marilenepaiva.com\/wp-content\/uploads\/2024\/06\/Captura-de-tela-2024-02-19-222258.png\" alt=\"\" class=\"wp-image-2999\" style=\"width:301px;height:auto\"\/><\/figure>\n<\/div><\/div>\n<\/div>\n\n\n\n<p class=\"has-black-color has-text-color has-link-color has-medium-font-size wp-elements-8871833e244005f4cf5f5778a5b10c03\">Se voc\u00ea \u00e9 daquelas, assim como eu, que nunca sabe escolher o que presentear, deve adorar quando existe uma lista dispon\u00edvel. Em tudo e por tudo, uma excelente op\u00e7\u00e3o na hora de comprar.<\/p>\n\n\n\n<p class=\"has-black-color has-text-color has-link-color has-medium-font-size wp-elements-aa5df38a1f3d02adc5f64887c00a2847\">Socorro Paiva a cada dia supera-se nas del\u00edcias &nbsp;&nbsp;do Requinte Buffet. Gente&#8230;o tal rocombole de ab\u00f3bora com recheio de carne de sol desfiada na nata \u00e9 de enlouquecer!!! Assim fica dif\u00edcil n\u00e3o ganhar uns quilinhos a mais. Se bem que euzinha j\u00e1 firmei o pensamento, dieta agora tem que ser bem equilibrada com a nossa satisfa\u00e7\u00e3o geral.<\/p>\n\n\n\n<div class=\"wp-block-columns is-layout-flex wp-container-core-columns-is-layout-9d6595d7 wp-block-columns-is-layout-flex\">\n<div class=\"wp-block-column is-layout-flow wp-block-column-is-layout-flow\" style=\"flex-basis:100%\"><div class=\"wp-block-image\">\n<figure class=\"aligncenter size-full is-resized\"><img decoding=\"async\" src=\"https:\/\/marilenepaiva.com\/wp-content\/uploads\/2024\/06\/22.png\" alt=\"\" class=\"wp-image-2998\" style=\"width:286px;height:auto\"\/><\/figure>\n<\/div><\/div>\n<\/div>\n\n\n\n<p class=\"has-medium-font-size\"><strong>&#8220;A mente que se abre a uma nova id\u00e9ia jamais voltar\u00e1 ao seu tamanho original.&#8221; (Albert Einstein<\/strong>)<\/p>\n\n\n\n<div class=\"wp-block-columns is-layout-flex wp-container-core-columns-is-layout-9d6595d7 wp-block-columns-is-layout-flex\">\n<div class=\"wp-block-column is-layout-flow wp-block-column-is-layout-flow\" style=\"flex-basis:100%\">\n<figure class=\"wp-block-image size-large is-resized\"><img decoding=\"async\" src=\"https:\/\/marilenepaiva.com\/wp-content\/uploads\/2024\/06\/F1-ROBERTO-DE-FREITAS-FIALHO-1-2-844x1024.jpg\" alt=\"\" class=\"wp-image-3021\" style=\"width:659px;height:auto\"\/><\/figure>\n<\/div>\n<\/div>\n\n\n\n<p><em>Ele \u00e9 super ultra mega competente em tudo o que faz. O bacana Roberto Fialho Neto festeja idade nova e ganha bolo confeitado da fam\u00edlia CIMSAL. Parab\u00e9ns, sa\u00fade e paz!<\/em><\/p>\n\n\n\n<div class=\"wp-block-columns is-layout-flex wp-container-core-columns-is-layout-9d6595d7 wp-block-columns-is-layout-flex\">\n<div class=\"wp-block-column is-layout-flow wp-block-column-is-layout-flow\" style=\"flex-basis:100%\">\n<figure class=\"wp-block-image size-full\"><img decoding=\"async\" src=\"https:\/\/marilenepaiva.com\/wp-content\/uploads\/2024\/06\/F2-ANGELa-e-cesar.jpg\" alt=\"\" class=\"wp-image-3022\"\/><\/figure>\n<\/div>\n<\/div>\n\n\n\n<p><em>Hoje \u00e9 dia de sess\u00e3o bolo confeitado no Jornal de Fato. A nossa querida \u00c2ngela Lima, diretora administrativa apaga velinhas. No clique, com o seu amado, jornalista Cesar Santos. Sa\u00fade, paz e alegrias.<\/em><\/p>\n\n\n\n<div class=\"wp-block-columns is-layout-flex wp-container-core-columns-is-layout-9d6595d7 wp-block-columns-is-layout-flex\">\n<div class=\"wp-block-column is-layout-flow wp-block-column-is-layout-flow\" style=\"flex-basis:100%\">\n<figure class=\"wp-block-image size-large\"><img decoding=\"async\" src=\"https:\/\/marilenepaiva.com\/wp-content\/uploads\/2024\/06\/f3-edielson-soares-1-786x1024.jpg\" alt=\"\" class=\"wp-image-3023\"\/><\/figure>\n<\/div>\n<\/div>\n\n\n\n<p><em>Gosto desse cara de cora\u00e7\u00e3o. \u00c9 um homem de bem. Daqui para a serra de Portalegre, enviamos votos de sa\u00fade e felicidades para o querido Edielson Soares. Parab\u00e9ns!<\/em><\/p>\n\n\n\n<div class=\"wp-block-columns is-layout-flex wp-container-core-columns-is-layout-9d6595d7 wp-block-columns-is-layout-flex\">\n<div class=\"wp-block-column is-layout-flow wp-block-column-is-layout-flow\" style=\"flex-basis:100%\">\n<figure class=\"wp-block-image size-large\"><img decoding=\"async\" src=\"https:\/\/marilenepaiva.com\/wp-content\/uploads\/2024\/06\/f4-carlos-e-clezia-819x1024.jpg\" alt=\"\" class=\"wp-image-3024\"\/><\/figure>\n<\/div>\n<\/div>\n\n\n\n<p><em>Cl\u00e9zia Barreto, core\u00f3grafa nota mil , empres\u00e1ria, bailarina do elenco Chuva de Bala 2024 ganhando o abra\u00e7o do amigo Carlos Augusto, apresentador do Podcast Feedback.<\/em><\/p>\n\n\n\n<div class=\"wp-block-columns is-layout-flex wp-container-core-columns-is-layout-9d6595d7 wp-block-columns-is-layout-flex\">\n<div class=\"wp-block-column is-layout-flow wp-block-column-is-layout-flow\" style=\"flex-basis:100%\">\n<figure class=\"wp-block-image size-large\"><img decoding=\"async\" src=\"https:\/\/marilenepaiva.com\/wp-content\/uploads\/2024\/06\/f5-jaedson-freitas-735x1024.jpg\" alt=\"\" class=\"wp-image-3025\"\/><\/figure>\n<\/div>\n<\/div>\n\n\n\n<p><em>Hoje \u00e9 dia de bolo confeitado para o radialista e locutor do Programa Show 93, Jaedson Freitas ,da FM Resist\u00eancia de Mossor\u00f3.. Tudo de melhor. Feliz anivers\u00e1rio!<\/em><\/p>\n","protected":false},"excerpt":{"rendered":"<p>ORPHEU Amo-te a cada dia, hora e segundo A luz do sol, na noite sossegada e \u00e9 t\u00e3o pura a paix\u00e3o de que me inundo Quanto o pudor dos que n\u00e3o pedem nada. Fernando Pessoa A BELEZA SE ENCONTRA NO S\u00c3O JO\u00c3O O Botic\u00e1rio acredita que a festa junina \u2013 t\u00e3o aguardada pela regi\u00e3o Nordeste [&hellip;]<\/p>\n","protected":false},"author":1,"featured_media":0,"comment_status":"open","ping_status":"open","sticky":true,"template":"","format":"standard","meta":{"footnotes":""},"categories":[3],"tags":[],"class_list":["post-3020","post","type-post","status-publish","format-standard","hentry","category-colunas"],"_links":{"self":[{"href":"https:\/\/marilenepaiva.com\/index.php?rest_route=\/wp\/v2\/posts\/3020","targetHints":{"allow":["GET"]}}],"collection":[{"href":"https:\/\/marilenepaiva.com\/index.php?rest_route=\/wp\/v2\/posts"}],"about":[{"href":"https:\/\/marilenepaiva.com\/index.php?rest_route=\/wp\/v2\/types\/post"}],"author":[{"embeddable":true,"href":"https:\/\/marilenepaiva.com\/index.php?rest_route=\/wp\/v2\/users\/1"}],"replies":[{"embeddable":true,"href":"https:\/\/marilenepaiva.com\/index.php?rest_route=%2Fwp%2Fv2%2Fcomments&post=3020"}],"version-history":[{"count":1,"href":"https:\/\/marilenepaiva.com\/index.php?rest_route=\/wp\/v2\/posts\/3020\/revisions"}],"predecessor-version":[{"id":3026,"href":"https:\/\/marilenepaiva.com\/index.php?rest_route=\/wp\/v2\/posts\/3020\/revisions\/3026"}],"wp:attachment":[{"href":"https:\/\/marilenepaiva.com\/index.php?rest_route=%2Fwp%2Fv2%2Fmedia&parent=3020"}],"wp:term":[{"taxonomy":"category","embeddable":true,"href":"https:\/\/marilenepaiva.com\/index.php?rest_route=%2Fwp%2Fv2%2Fcategories&post=3020"},{"taxonomy":"post_tag","embeddable":true,"href":"https:\/\/marilenepaiva.com\/index.php?rest_route=%2Fwp%2Fv2%2Ftags&post=3020"}],"curies":[{"name":"wp","href":"https:\/\/api.w.org\/{rel}","templated":true}]}}