{"id":3028,"date":"2024-06-20T17:18:34","date_gmt":"2024-06-20T17:18:34","guid":{"rendered":"https:\/\/marilenepaiva.com\/?p=3028"},"modified":"2024-06-20T17:18:35","modified_gmt":"2024-06-20T17:18:35","slug":"gente-de-fato-20-de-junho-de-2024-2","status":"publish","type":"post","link":"https:\/\/marilenepaiva.com\/?p=3028","title":{"rendered":"GENTE DE FATO 20 DE JUNHO DE 2024"},"content":{"rendered":"\n<p class=\"has-large-font-size\"><strong>SARAU LITER\u00c1RIO<\/strong><\/p>\n\n\n\n<p class=\"has-black-color has-text-color has-link-color has-medium-font-size wp-elements-7c5ffb01af653a33620cb5d7cb7993c4\">\u00c9 hoje. Com o tema\u201d \u00c9 Tempo\u201d, os bacanas Aluzi\u00ea Chagas, Luiz Lopes e Gl\u00f3ria Cristiana apresentam mesa redonda com a apresenta\u00e7\u00e3o de Ana Rayara no violino e Agata Raquel e Maria Clara como int\u00e9rpretes de Libras. A realiza\u00e7\u00e3o \u00e9 do N\u00facleo de Artes, Cultura e Humaniza\u00e7\u00e3o da Unicat\u00f3lica. Na Sala Magna, \u00e0s 19h30. Solicita-se aos participantes um quilo de alimento n\u00e3o perec\u00edvel ou pe\u00e7as de roupas que ser\u00e3o destinadas ao Grupo de Assist\u00eancia \u00e0s Fam\u00edlias em Necessidade.<\/p>\n\n\n\n<div class=\"wp-block-columns is-layout-flex wp-container-core-columns-is-layout-9d6595d7 wp-block-columns-is-layout-flex\">\n<div class=\"wp-block-column is-layout-flow wp-block-column-is-layout-flow\" style=\"flex-basis:100%\"><div class=\"wp-block-image\">\n<figure class=\"aligncenter size-full is-resized\"><img decoding=\"async\" src=\"https:\/\/marilenepaiva.com\/wp-content\/uploads\/2024\/06\/iate.jpg\" alt=\"\" class=\"wp-image-3000\" style=\"width:353px;height:auto\"\/><\/figure>\n<\/div><\/div>\n<\/div>\n\n\n\n<p class=\"has-large-font-size\"><strong>CHAMPANHE NO GELO<\/strong><\/p>\n\n\n\n<p class=\"has-black-color has-text-color has-link-color has-medium-font-size wp-elements-e7b86800ee5cc19bf3e86c92dfbe3741\">Apagam velhinhas hoje: Yonara Sousa, Gabi Rebou\u00e7as, Jackie Pereira, Olivete Barros, Camille Correia, Thiago Bruno, Tiago Oliveira, Higo Lima, Brenda Frota, Am\u00e1lia Barbalho, Beatriz Carlos. Paula Tavares e Cl\u00e9zio Lima de Azevedo. Parab\u00e9ns!<\/p>\n\n\n<div class=\"wp-block-image\">\n<figure class=\"aligncenter size-large is-resized\"><img decoding=\"async\" src=\"https:\/\/marilenepaiva.com\/wp-content\/uploads\/2024\/06\/Imagem-do-WhatsApp-de-2024-04-04-as-08.53.06_7c569f46-1024x241.jpg\" alt=\"\" class=\"wp-image-3001\" style=\"width:399px;height:auto\"\/><\/figure>\n<\/div>\n\n\n<p class=\"has-large-font-size\"><strong>NA SERRA DE MARTINS<\/strong><\/p>\n\n\n\n<p class=\"has-black-color has-text-color has-link-color has-medium-font-size wp-elements-22888e008311496fe8ae6d0c6198618d\">Super indico. Os festejos juninos e a temporada de inverno na amada serra de Martins que se transforma no verdadeiro cart\u00e3o postal potiguar para quem adora o clima frio da esta\u00e7\u00e3o. E a rede hoteleira se programa para receber turistas de todo o Brasil. No hotel Serrano, o Festival de Fondue, &nbsp;chega a sua 24\u00aa edi\u00e7\u00e3o .Claro que n\u00f3s vamos sim!<\/p>\n\n\n\n<div class=\"wp-block-columns is-layout-flex wp-container-core-columns-is-layout-9d6595d7 wp-block-columns-is-layout-flex\">\n<div class=\"wp-block-column is-layout-flow wp-block-column-is-layout-flow\" style=\"flex-basis:100%\"><div class=\"wp-block-image\">\n<figure class=\"aligncenter size-full is-resized\"><img decoding=\"async\" src=\"https:\/\/marilenepaiva.com\/wp-content\/uploads\/2024\/06\/royalface.jpg\" alt=\"\" class=\"wp-image-3003\" style=\"width:260px;height:auto\"\/><\/figure>\n<\/div><\/div>\n<\/div>\n\n\n\n<p class=\"has-large-font-size\"><strong>UNS E OUTROS&#8230;<\/strong><\/p>\n\n\n\n<p class=\"has-black-color has-text-color has-link-color has-medium-font-size wp-elements-3a49739e4f8fbaa88622feb763d7980f\">E o Chico Buarque completou 80 anos. Nossa.&nbsp; A semana inteirinha de coluna dedicada a ele&#8230;E ao meu querido Domingos S\u00e1vio, meu eterno diretor do GEO. Ele, S\u00e1vio, me fez amar ainda mais as can\u00e7\u00f5es do Chico.Pois \u00e9 S\u00e1vio, tantas \u00e1guas rolaram e o Chico t\u00e1 a\u00ed cantando e nos encantando.<\/p>\n\n\n\n<div class=\"wp-block-columns is-layout-flex wp-container-core-columns-is-layout-9d6595d7 wp-block-columns-is-layout-flex\">\n<div class=\"wp-block-column is-layout-flow wp-block-column-is-layout-flow\" style=\"flex-basis:100%\"><div class=\"wp-block-image\">\n<figure class=\"aligncenter size-full is-resized\"><img decoding=\"async\" src=\"https:\/\/marilenepaiva.com\/wp-content\/uploads\/2024\/06\/serraboi.png\" alt=\"\" class=\"wp-image-3004\" style=\"width:266px;height:auto\"\/><\/figure>\n<\/div><\/div>\n<\/div>\n\n\n\n<p class=\"has-black-color has-text-color has-link-color has-medium-font-size wp-elements-221cabd06e751d05d02c3528a7c3d5e9\">Como bem lembra Lisboa Batista, agradecer \u00e9 uma arte. Muito grata ao Marcelo da Terceirize editora e sua equipe de Excel\u00eancia. Revista Presen\u00e7a sendo produzida.<\/p>\n\n\n\n<div class=\"wp-block-columns is-layout-flex wp-container-core-columns-is-layout-9d6595d7 wp-block-columns-is-layout-flex\">\n<div class=\"wp-block-column is-layout-flow wp-block-column-is-layout-flow\" style=\"flex-basis:100%\"><div class=\"wp-block-image\">\n<figure class=\"aligncenter size-full is-resized\"><img decoding=\"async\" src=\"https:\/\/marilenepaiva.com\/wp-content\/uploads\/2024\/06\/trattoria.png\" alt=\"\" class=\"wp-image-3005\" style=\"width:250px;height:auto\"\/><\/figure>\n<\/div><\/div>\n<\/div>\n\n\n\n<p class=\"has-black-color has-text-color has-link-color has-medium-font-size wp-elements-2df6735a5d966091fdb0530b93b26c44\">Ei, psiu. Existe vida em Tibau depois de janeiro. Pense como a nossa praia \u00e9 linda nos outros meses do ano. Vale a pena uma esticadinha para um banho de mar. Revigora.<\/p>\n\n\n\n<div class=\"wp-block-columns is-layout-flex wp-container-core-columns-is-layout-9d6595d7 wp-block-columns-is-layout-flex\">\n<div class=\"wp-block-column is-layout-flow wp-block-column-is-layout-flow\" style=\"flex-basis:100%\"><div class=\"wp-block-image\">\n<figure class=\"aligncenter size-full is-resized\"><img decoding=\"async\" src=\"https:\/\/marilenepaiva.com\/wp-content\/uploads\/2024\/06\/22.png\" alt=\"\" class=\"wp-image-2998\" style=\"width:246px;height:auto\"\/><\/figure>\n<\/div><\/div>\n<\/div>\n\n\n\n<div class=\"wp-block-columns is-layout-flex wp-container-core-columns-is-layout-9d6595d7 wp-block-columns-is-layout-flex\">\n<div class=\"wp-block-column is-layout-flow wp-block-column-is-layout-flow\" style=\"flex-basis:100%\"><div class=\"wp-block-image\">\n<figure class=\"aligncenter size-full is-resized\"><img decoding=\"async\" src=\"https:\/\/marilenepaiva.com\/wp-content\/uploads\/2024\/06\/Captura-de-tela-2024-02-19-222258.png\" alt=\"\" class=\"wp-image-2999\" style=\"width:242px;height:auto\"\/><\/figure>\n<\/div><\/div>\n<\/div>\n\n\n\n<figure class=\"wp-block-image size-large\"><img decoding=\"async\" src=\"https:\/\/marilenepaiva.com\/wp-content\/uploads\/2024\/06\/f1-luciana-e-joao-campos-858x1024.jpg\" alt=\"\" class=\"wp-image-3029\"\/><\/figure>\n\n\n\n<p><em>Com o todo maravilhoso, lindo, aut\u00eantico de ber\u00e7o e competente Prefeito do Recife, Jo\u00e3o Campos, a\u00a0 minha irm\u00e3 ca\u00e7ula Luciana Pinheiro, Mestra em sa\u00fade p\u00fablica \/FioCruz e Supervisora de Aten\u00e7\u00e3o e Vigil\u00e2ncia \u00e0 Sa\u00fade, M\u00e9dia e Alta Complexidade e Assist\u00eancia Farmac\u00eautica,\u00a0 na inaugura\u00e7\u00e3o do Centro de Conviv\u00eancia Recome\u00e7o F\u00e1tima Caio, um equipamento pioneiro para o Estado e\u00a0 avan\u00e7o da Sa\u00fade Mental.<\/em><\/p>\n\n\n\n<div class=\"wp-block-columns is-layout-flex wp-container-core-columns-is-layout-9d6595d7 wp-block-columns-is-layout-flex\">\n<div class=\"wp-block-column is-layout-flow wp-block-column-is-layout-flow\" style=\"flex-basis:100%\">\n<figure class=\"wp-block-image size-large\"><img decoding=\"async\" src=\"https:\/\/marilenepaiva.com\/wp-content\/uploads\/2024\/06\/F2-DEDE-E-SAMILLY-698x1024.jpg\" alt=\"\" class=\"wp-image-3030\"\/><\/figure>\n<\/div>\n<\/div>\n\n\n\n<p><em>Desejamos toda a felicidade do mundo aos casantes Andr\u00e9 N\u00e9o Segundo e Samilly Pereira Lima. E o menininho de Val\u00e9ria Cristine e Andr\u00e9 N\u00e9o casou. Parab\u00e9ns meus amores!<\/em><\/p>\n\n\n\n<div class=\"wp-block-columns is-layout-flex wp-container-core-columns-is-layout-9d6595d7 wp-block-columns-is-layout-flex\">\n<div class=\"wp-block-column is-layout-flow wp-block-column-is-layout-flow\" style=\"flex-basis:100%\">\n<figure class=\"wp-block-image size-large is-resized\"><img decoding=\"async\" src=\"https:\/\/marilenepaiva.com\/wp-content\/uploads\/2024\/06\/f3-niltinho-medeiros-868x1024.jpg\" alt=\"\" class=\"wp-image-3031\" style=\"width:690px;height:auto\"\/><\/figure>\n<\/div>\n<\/div>\n\n\n\n<p><em>Niltinho J\u00fanior, Decorador pernambucano das celebridades e grandes festas no Nordeste, com a renomada m\u00e9dica dermato, Regina Jales no anivers\u00e1rio do Magistrado Renato Jales, no Condom\u00ednio Flora Boulevard. \u00a0O Buffet levou a assinatura de Renata Motta Um.luxo!<\/em><\/p>\n\n\n\n<div class=\"wp-block-columns is-layout-flex wp-container-core-columns-is-layout-9d6595d7 wp-block-columns-is-layout-flex\">\n<div class=\"wp-block-column is-layout-flow wp-block-column-is-layout-flow\" style=\"flex-basis:100%\">\n<figure class=\"wp-block-image size-large is-resized\"><img decoding=\"async\" src=\"https:\/\/marilenepaiva.com\/wp-content\/uploads\/2024\/06\/f4-flavio-junior-897x1024.jpg\" alt=\"\" class=\"wp-image-3032\" style=\"width:602px;height:auto\"\/><\/figure>\n<\/div>\n<\/div>\n\n\n\n<p><em>O advogado e empres\u00e1rio Fl\u00e1vio J\u00fanior abra\u00e7ando a aniversariante de junho, a bela Ana Beatriz Melo, musa do Deputado Neilton Di\u00f3genes. Felicidades, sa\u00fade e alegrias. Hoje e sempre.<\/em><\/p>\n\n\n\n<div class=\"wp-block-columns is-layout-flex wp-container-core-columns-is-layout-9d6595d7 wp-block-columns-is-layout-flex\">\n<div class=\"wp-block-column is-layout-flow wp-block-column-is-layout-flow\" style=\"flex-basis:100%\">\n<figure class=\"wp-block-image size-large is-resized\"><img decoding=\"async\" src=\"https:\/\/marilenepaiva.com\/wp-content\/uploads\/2024\/06\/f5-damasio-1024x1022.jpg\" alt=\"\" class=\"wp-image-3033\" style=\"width:554px;height:auto\"\/><\/figure>\n<\/div>\n<\/div>\n\n\n\n<p><em>Todos os vivas ao aniversariante de hoje, empres\u00e1rio Dam\u00e1sio Medeiros que ganha os mimos da \u00a0esposa Elissandra e da filha Eduarda. Tintin!<\/em><\/p>\n","protected":false},"excerpt":{"rendered":"<p>SARAU LITER\u00c1RIO \u00c9 hoje. Com o tema\u201d \u00c9 Tempo\u201d, os bacanas Aluzi\u00ea Chagas, Luiz Lopes e Gl\u00f3ria Cristiana apresentam mesa redonda com a apresenta\u00e7\u00e3o de Ana Rayara no violino e Agata Raquel e Maria Clara como int\u00e9rpretes de Libras. A realiza\u00e7\u00e3o \u00e9 do N\u00facleo de Artes, Cultura e Humaniza\u00e7\u00e3o da Unicat\u00f3lica. Na Sala Magna, \u00e0s [&hellip;]<\/p>\n","protected":false},"author":1,"featured_media":0,"comment_status":"open","ping_status":"open","sticky":true,"template":"","format":"standard","meta":{"footnotes":""},"categories":[3],"tags":[],"class_list":["post-3028","post","type-post","status-publish","format-standard","hentry","category-colunas"],"_links":{"self":[{"href":"https:\/\/marilenepaiva.com\/index.php?rest_route=\/wp\/v2\/posts\/3028","targetHints":{"allow":["GET"]}}],"collection":[{"href":"https:\/\/marilenepaiva.com\/index.php?rest_route=\/wp\/v2\/posts"}],"about":[{"href":"https:\/\/marilenepaiva.com\/index.php?rest_route=\/wp\/v2\/types\/post"}],"author":[{"embeddable":true,"href":"https:\/\/marilenepaiva.com\/index.php?rest_route=\/wp\/v2\/users\/1"}],"replies":[{"embeddable":true,"href":"https:\/\/marilenepaiva.com\/index.php?rest_route=%2Fwp%2Fv2%2Fcomments&post=3028"}],"version-history":[{"count":1,"href":"https:\/\/marilenepaiva.com\/index.php?rest_route=\/wp\/v2\/posts\/3028\/revisions"}],"predecessor-version":[{"id":3034,"href":"https:\/\/marilenepaiva.com\/index.php?rest_route=\/wp\/v2\/posts\/3028\/revisions\/3034"}],"wp:attachment":[{"href":"https:\/\/marilenepaiva.com\/index.php?rest_route=%2Fwp%2Fv2%2Fmedia&parent=3028"}],"wp:term":[{"taxonomy":"category","embeddable":true,"href":"https:\/\/marilenepaiva.com\/index.php?rest_route=%2Fwp%2Fv2%2Fcategories&post=3028"},{"taxonomy":"post_tag","embeddable":true,"href":"https:\/\/marilenepaiva.com\/index.php?rest_route=%2Fwp%2Fv2%2Ftags&post=3028"}],"curies":[{"name":"wp","href":"https:\/\/api.w.org\/{rel}","templated":true}]}}