{"id":3289,"date":"2024-08-02T11:29:12","date_gmt":"2024-08-02T11:29:12","guid":{"rendered":"https:\/\/marilenepaiva.com\/?p=3289"},"modified":"2024-08-02T11:29:13","modified_gmt":"2024-08-02T11:29:13","slug":"gente-de-fato-2-de-agosto-de-2024","status":"publish","type":"post","link":"https:\/\/marilenepaiva.com\/?p=3289","title":{"rendered":"GENTE DE FATO 2 DE AGOSTO DE 2024"},"content":{"rendered":"\n<p class=\"has-large-font-size\"><strong>CHAMPANHE NO GELO<\/strong><\/p>\n\n\n\n<p class=\"has-black-color has-text-color has-link-color has-medium-font-size wp-elements-356addf33d255abf4c44b2ef97e019cf\">Festejam idade nova hoje: Togo Ferr\u00e1rio, Ricarte Betson, Wilson J\u00fanior Pinheiro, Ana Clarissa, Yasmim de Fran\u00e7a Ramos Chaves, Lenilson Marques, &nbsp;Neusa Lins, Ra\u00edssa Egladianne, Vera N\u00fabia Bezerra Costa e Silva, Felipe Arrais, Lorene Rosado &nbsp;e Najara Maia. Sa\u00fade, paz e sucessos!<\/p>\n\n\n<div class=\"wp-block-image\">\n<figure class=\"aligncenter size-full is-resized\"><img decoding=\"async\" src=\"https:\/\/marilenepaiva.com\/wp-content\/uploads\/2024\/07\/royalface-1.jpg\" alt=\"\" class=\"wp-image-3232\" style=\"width:284px;height:auto\"\/><\/figure>\n<\/div>\n\n\n<p class=\"has-large-font-size\"><strong>PARA TODO MAL, A CURA<\/strong><\/p>\n\n\n\n<p class=\"has-black-color has-text-color has-link-color has-medium-font-size wp-elements-530d01b7ddc0e1afe86e5511a3231ddd\">Estamos trabalhando com muito entusiasmo para o nosso pr\u00f3ximo livro, que ser\u00e1 lan\u00e7ado nesse segundo semestre. Mais uma colet\u00e2nea em parceria com Rafaella Costa. Dessa vez, narrando a hist\u00f3ria dos m\u00e9dicos de Mossor\u00f3 e regi\u00e3o. Sem mod\u00e9stia, temos hist\u00f3rico nesse quesito e faremos bonito. Aguardem.<\/p>\n\n\n\n<div class=\"wp-block-columns is-layout-flex wp-container-core-columns-is-layout-9d6595d7 wp-block-columns-is-layout-flex\">\n<div class=\"wp-block-column is-layout-flow wp-block-column-is-layout-flow\" style=\"flex-basis:100%\"><div class=\"wp-block-image\">\n<figure class=\"aligncenter size-full is-resized\"><img decoding=\"async\" src=\"https:\/\/marilenepaiva.com\/wp-content\/uploads\/2024\/07\/iate-1.jpg\" alt=\"\" class=\"wp-image-3230\" style=\"width:377px;height:auto\"\/><\/figure>\n<\/div><\/div>\n<\/div>\n\n\n\n<p class=\"has-large-font-size\"><strong>FESTA DOS DESTAQUES<\/strong><\/p>\n\n\n\n<p class=\"has-black-color has-text-color has-link-color has-medium-font-size wp-elements-131e02d032f415b26341b5d9c8614124\">O lord da Princesinha do Oeste, Lisboa Batista, recebe amanh\u00e3 para a 22\u00aa edi\u00e7\u00e3o da Festa dos Destaques. Uma noite especial\u00edssima para brindar, festejar e ser feliz, ao lado de pessoas queridas. Da imprensa, confirmaram presen\u00e7a, al\u00e9m dessa que vos escreve: Tica Soares e Wandilson Ramalho, Ren\u00ea Guida, S\u00e9rgio Chaves, Cl\u00edstenes Carlos e Erickson Queiroz.<\/p>\n\n\n\n<div class=\"wp-block-columns is-layout-flex wp-container-core-columns-is-layout-9d6595d7 wp-block-columns-is-layout-flex\">\n<div class=\"wp-block-column is-layout-flow wp-block-column-is-layout-flow\" style=\"flex-basis:100%\"><div class=\"wp-block-image\">\n<figure class=\"aligncenter size-large is-resized\"><img decoding=\"async\" src=\"https:\/\/marilenepaiva.com\/wp-content\/uploads\/2024\/07\/Imagem-do-WhatsApp-de-2024-04-04-as-08.53.06_7c569f46-1-1024x241.jpg\" alt=\"\" class=\"wp-image-3231\" style=\"width:467px;height:auto\"\/><\/figure>\n<\/div><\/div>\n<\/div>\n\n\n\n<p class=\"has-large-font-size\"><strong>FESTIVAL DUMAR<\/strong><\/p>\n\n\n\n<p class=\"has-black-color has-text-color has-link-color has-medium-font-size wp-elements-d953a6881b9ff242894359e6dc5775c4\">Estivemos ontem, em Canoa Quebrada (CE), conferindo os detalhes do Festival DuMar. Variados restaurantes expuseram sua culin\u00e1ria para saborearmos as del\u00edcias na noite de abertura, j\u00e1 que o evento segue durante todo o m\u00eas de agosto, sempre nos finais de semana. Nosso querido amigo Luiz Nogueira da Costa, da Chega Mais Beach, est\u00e1 entre os restaurantes que participam com seu card\u00e1pio espetacular.<\/p>\n\n\n\n<div class=\"wp-block-columns is-layout-flex wp-container-core-columns-is-layout-9d6595d7 wp-block-columns-is-layout-flex\">\n<div class=\"wp-block-column is-layout-flow wp-block-column-is-layout-flow\" style=\"flex-basis:100%\"><div class=\"wp-block-image\">\n<figure class=\"aligncenter size-full is-resized\"><img decoding=\"async\" src=\"https:\/\/marilenepaiva.com\/wp-content\/uploads\/2024\/07\/trattoria-1.png\" alt=\"\" class=\"wp-image-3234\" style=\"width:290px;height:auto\"\/><\/figure>\n<\/div><\/div>\n<\/div>\n\n\n\n<p class=\"has-large-font-size\"><strong>TU VENS, TU VENS&#8230;<\/strong><\/p>\n\n\n\n<p class=\"has-black-color has-text-color has-link-color has-medium-font-size wp-elements-8fdc2e9033fb7ddd71e2cd5fbb7cc534\">Nossa querida cidade-praia Tibau, realiza hoje, amanh\u00e3 e domingo, o seu Festival Gastron\u00f4mico, com uma programa\u00e7\u00e3o intensa e bem diversificada. Um mix de atra\u00e7\u00f5es se apresenta por l\u00e1. Alceu Valen\u00e7a e Jo\u00e3o Gomes est\u00e3o entre as principais atra\u00e7\u00f5es.<\/p>\n\n\n\n<div class=\"wp-block-columns is-layout-flex wp-container-core-columns-is-layout-9d6595d7 wp-block-columns-is-layout-flex\">\n<div class=\"wp-block-column is-layout-flow wp-block-column-is-layout-flow\" style=\"flex-basis:100%\"><div class=\"wp-block-image\">\n<figure class=\"aligncenter size-full is-resized\"><img decoding=\"async\" src=\"https:\/\/marilenepaiva.com\/wp-content\/uploads\/2024\/07\/serraboi-1.png\" alt=\"\" class=\"wp-image-3233\" style=\"width:300px;height:auto\"\/><\/figure>\n<\/div><\/div>\n<\/div>\n\n\n\n<p class=\"has-large-font-size\"><strong>A Deus, toda honra e toda gl\u00f3ria.<\/strong><\/p>\n\n\n\n<div class=\"wp-block-columns is-layout-flex wp-container-core-columns-is-layout-9d6595d7 wp-block-columns-is-layout-flex\">\n<div class=\"wp-block-column is-layout-flow wp-block-column-is-layout-flow\" style=\"flex-basis:100%\"><div class=\"wp-block-image\">\n<figure class=\"aligncenter size-full is-resized\"><img decoding=\"async\" src=\"https:\/\/marilenepaiva.com\/wp-content\/uploads\/2024\/07\/22-1.png\" alt=\"\" class=\"wp-image-3235\" style=\"width:302px;height:auto\"\/><\/figure>\n<\/div><\/div>\n<\/div>\n\n\n\n<p class=\"has-large-font-size\"><strong>EXATAMENTE ASSIM:<\/strong><\/p>\n\n\n\n<p class=\"has-black-color has-text-color has-link-color has-medium-font-size wp-elements-acf64a94d7506fcc0372fc60d96ab9ff\">&#8220;O que n\u00e3o me entusiasma n\u00e3o me interessa&#8221;.<\/p>\n\n\n\n<div class=\"wp-block-columns is-layout-flex wp-container-core-columns-is-layout-9d6595d7 wp-block-columns-is-layout-flex\">\n<div class=\"wp-block-column is-layout-flow wp-block-column-is-layout-flow\" style=\"flex-basis:100%\"><div class=\"wp-block-image\">\n<figure class=\"aligncenter size-full is-resized\"><img decoding=\"async\" src=\"https:\/\/marilenepaiva.com\/wp-content\/uploads\/2024\/07\/Captura-de-tela-2024-02-19-222258-1.png\" alt=\"\" class=\"wp-image-3236\" style=\"width:295px;height:auto\"\/><\/figure>\n<\/div><\/div>\n<\/div>\n\n\n\n<div class=\"wp-block-columns is-layout-flex wp-container-core-columns-is-layout-9d6595d7 wp-block-columns-is-layout-flex\">\n<div class=\"wp-block-column is-layout-flow wp-block-column-is-layout-flow\" style=\"flex-basis:100%\">\n<figure class=\"wp-block-image size-large\"><img decoding=\"async\" src=\"https:\/\/marilenepaiva.com\/wp-content\/uploads\/2024\/08\/F1-Francisco-Lins-e-Neuza-772x1024.jpg\" alt=\"\" class=\"wp-image-3290\"\/><\/figure>\n<\/div>\n<\/div>\n\n\n\n<p class=\"has-black-color has-text-color has-link-color wp-elements-0bd002fdfe8f8961c1bfba77bc53ab96\"><em>Dia de festejar, beijar e abra\u00e7ar a toda querida Neuza Lins, que celebra vida nova hoje. Recebe o carinho do esposo Francisco Lins e das lindas filhas Lara e Ingrid e do genro Danilo. Feliz anivers\u00e1rio, Neuzinha amada!<\/em><\/p>\n\n\n\n<div class=\"wp-block-columns is-layout-flex wp-container-core-columns-is-layout-9d6595d7 wp-block-columns-is-layout-flex\">\n<div class=\"wp-block-column is-layout-flow wp-block-column-is-layout-flow\" style=\"flex-basis:100%\">\n<figure class=\"wp-block-image size-large\"><img decoding=\"async\" src=\"https:\/\/marilenepaiva.com\/wp-content\/uploads\/2024\/08\/F2-Gorgias-e-Lorene-823x1024.jpg\" alt=\"\" class=\"wp-image-3291\"\/><\/figure>\n<\/div>\n<\/div>\n\n\n\n<p class=\"has-black-color has-text-color has-link-color wp-elements-da56ec7272bb49a6321b27ffac5ff3fc\"><em>Ela \u00e9 linda mais que demais, ela \u00e9 linda sim. De uma beleza que transcendo o f\u00edsico. Da alma leve. A empres\u00e1ria Lorene Rosado festeja mais um ano de vida, bem vivida e feliz ao lado do seu Gorgias do Carmo Olivieira.<\/em><\/p>\n\n\n\n<div class=\"wp-block-columns is-layout-flex wp-container-core-columns-is-layout-9d6595d7 wp-block-columns-is-layout-flex\">\n<div class=\"wp-block-column is-layout-flow wp-block-column-is-layout-flow\" style=\"flex-basis:100%\">\n<figure class=\"wp-block-image size-full\"><img decoding=\"async\" src=\"https:\/\/marilenepaiva.com\/wp-content\/uploads\/2024\/08\/F3-TOGOTAMISAFATIMA-E-VANIA-LEITE-1-1-1.jpg\" alt=\"\" class=\"wp-image-3292\"\/><\/figure>\n<\/div>\n<\/div>\n\n\n\n<p class=\"has-black-color has-text-color has-link-color wp-elements-fe222ddcd3e011969a761a359e0e19f9\"><em>Hoje \u00e9 dia de rock baby! O muso de F\u00e1tima, pai lind\u00e3o de T\u00e2misa e irm\u00e3o muito amado de V\u00e2nia Leite, apaga velinhas hoje. Felicidades Togo Ferr\u00e1rio. Muita luz e sa\u00fade em sua vida!<\/em><\/p>\n\n\n\n<div class=\"wp-block-columns is-layout-flex wp-container-core-columns-is-layout-9d6595d7 wp-block-columns-is-layout-flex\">\n<div class=\"wp-block-column is-layout-flow wp-block-column-is-layout-flow\" style=\"flex-basis:100%\">\n<figure class=\"wp-block-image size-full\"><img decoding=\"async\" src=\"https:\/\/marilenepaiva.com\/wp-content\/uploads\/2024\/08\/F4-Jormar-Zelia-Jorzel-Lidia-Zuila-Layana-Gomes-e-Anailde.jpg\" alt=\"\" class=\"wp-image-3293\"\/><\/figure>\n<\/div>\n<\/div>\n\n\n\n<p class=\"has-black-color has-text-color has-link-color wp-elements-cf72dcc0d7720781abf75ce2dc7cea7d\"><em>Celebrando os 102 anos de D. L\u00eddia Alves, os amados Jormar Paiva, Z\u00e9lia, Jorzel, Zu\u00edla, Layana Gomes e Anailde. Que alegria poder vivenciar mais de um s\u00e9culo de vida muito bem vivida.<\/em><\/p>\n\n\n\n<div class=\"wp-block-columns is-layout-flex wp-container-core-columns-is-layout-9d6595d7 wp-block-columns-is-layout-flex\">\n<div class=\"wp-block-column is-layout-flow wp-block-column-is-layout-flow\" style=\"flex-basis:100%\">\n<figure class=\"wp-block-image size-large\"><img decoding=\"async\" src=\"https:\/\/marilenepaiva.com\/wp-content\/uploads\/2024\/08\/F5-Charles-Lamartine-Dom-Francisco-e-Padre-Flavio-1024x1019.jpeg\" alt=\"\" class=\"wp-image-3294\"\/><\/figure>\n<\/div>\n<\/div>\n\n\n\n<p class=\"has-black-color has-text-color has-link-color wp-elements-94ff5e0ebffeeb0f8c68e3b28f966225\"><em>O Gran-Chanceler da UniCat\u00f3lica, Dom Francisco de Sales, empossou o Magn\u00edfico Reitor, Padre Charles Lamartine, e o Vice-Reitor, Padre Fl\u00e1vio Augusto, em evento solene, na quarta-feira passada, realizado no Requinte Buffet. Marco significativo na hist\u00f3ria da institui\u00e7\u00e3o.<\/em><\/p>\n","protected":false},"excerpt":{"rendered":"<p>CHAMPANHE NO GELO Festejam idade nova hoje: Togo Ferr\u00e1rio, Ricarte Betson, Wilson J\u00fanior Pinheiro, Ana Clarissa, Yasmim de Fran\u00e7a Ramos Chaves, Lenilson Marques, &nbsp;Neusa Lins, Ra\u00edssa Egladianne, Vera N\u00fabia Bezerra Costa e Silva, Felipe Arrais, Lorene Rosado &nbsp;e Najara Maia. Sa\u00fade, paz e sucessos! PARA TODO MAL, A CURA Estamos trabalhando com muito entusiasmo para [&hellip;]<\/p>\n","protected":false},"author":1,"featured_media":0,"comment_status":"open","ping_status":"open","sticky":true,"template":"","format":"standard","meta":{"footnotes":""},"categories":[3],"tags":[],"class_list":["post-3289","post","type-post","status-publish","format-standard","hentry","category-colunas"],"_links":{"self":[{"href":"https:\/\/marilenepaiva.com\/index.php?rest_route=\/wp\/v2\/posts\/3289","targetHints":{"allow":["GET"]}}],"collection":[{"href":"https:\/\/marilenepaiva.com\/index.php?rest_route=\/wp\/v2\/posts"}],"about":[{"href":"https:\/\/marilenepaiva.com\/index.php?rest_route=\/wp\/v2\/types\/post"}],"author":[{"embeddable":true,"href":"https:\/\/marilenepaiva.com\/index.php?rest_route=\/wp\/v2\/users\/1"}],"replies":[{"embeddable":true,"href":"https:\/\/marilenepaiva.com\/index.php?rest_route=%2Fwp%2Fv2%2Fcomments&post=3289"}],"version-history":[{"count":1,"href":"https:\/\/marilenepaiva.com\/index.php?rest_route=\/wp\/v2\/posts\/3289\/revisions"}],"predecessor-version":[{"id":3295,"href":"https:\/\/marilenepaiva.com\/index.php?rest_route=\/wp\/v2\/posts\/3289\/revisions\/3295"}],"wp:attachment":[{"href":"https:\/\/marilenepaiva.com\/index.php?rest_route=%2Fwp%2Fv2%2Fmedia&parent=3289"}],"wp:term":[{"taxonomy":"category","embeddable":true,"href":"https:\/\/marilenepaiva.com\/index.php?rest_route=%2Fwp%2Fv2%2Fcategories&post=3289"},{"taxonomy":"post_tag","embeddable":true,"href":"https:\/\/marilenepaiva.com\/index.php?rest_route=%2Fwp%2Fv2%2Ftags&post=3289"}],"curies":[{"name":"wp","href":"https:\/\/api.w.org\/{rel}","templated":true}]}}