{"id":3296,"date":"2024-08-02T23:35:10","date_gmt":"2024-08-02T23:35:10","guid":{"rendered":"https:\/\/marilenepaiva.com\/?p=3296"},"modified":"2024-08-02T23:35:10","modified_gmt":"2024-08-02T23:35:10","slug":"gente-de-fato-3-de-agosto-de-2024","status":"publish","type":"post","link":"https:\/\/marilenepaiva.com\/?p=3296","title":{"rendered":"GENTE DE FATO 3 DE AGOSTO DE 2024"},"content":{"rendered":"\n<p><strong>CHAMPANHE NO GELO<\/strong><\/p>\n\n\n\n<p class=\"has-black-color has-text-color has-link-color has-medium-font-size wp-elements-b960a13eeeacc885cb09accdf20d49c2\">Apagam velinhas hoje: &nbsp;Katharina Gurgel, Erika Pinheiro, A\u00edrton Paulo Torres, Myron Cristyan Costa, Segundo Nogueira, Cleodon Bezerra, Icary Cabral Arruda, Paulinho de Sin\u00e9zio,&nbsp; Marcelo Diniz, Eberton Martins, Danny Dutra, Paula Let\u00edcia, Paulla Sonally, Yara Christina C\u00e2mara, Dorginaldo Ernesto, Evandro Segundo, S\u00f4nia Sousa, Kattiuscia Alves, Gide\u00e3o Lemos, Barbara Azevedo, Junior Camara, Priscilla Paiva, Sanivia Costa, Sara Semira e Tha\u00eds Andrade. Felicidades!!!<\/p>\n\n\n\n<div class=\"wp-block-columns is-layout-flex wp-container-core-columns-is-layout-9d6595d7 wp-block-columns-is-layout-flex\">\n<div class=\"wp-block-column is-layout-flow wp-block-column-is-layout-flow\" style=\"flex-basis:100%\"><div class=\"wp-block-image\">\n<figure class=\"aligncenter size-full is-resized\"><img decoding=\"async\" src=\"https:\/\/marilenepaiva.com\/wp-content\/uploads\/2024\/07\/iate-1.jpg\" alt=\"\" class=\"wp-image-3230\" style=\"width:362px;height:auto\"\/><\/figure>\n<\/div><\/div>\n<\/div>\n\n\n\n<p class=\"has-large-font-size\"><strong>MULHERES NO TOPO<\/strong><\/p>\n\n\n\n<p class=\"has-black-color has-text-color has-link-color has-medium-font-size wp-elements-9a170cf56bb21fb9154762cfb107f3a4\">Salve a data, dia 8 de agosto, \u00e0s 16h30, na Festa do Bode em Mossor\u00f3.&nbsp; A carreta Circuito de Neg\u00f3cios Agro, do Banco do Brasil, chega oferecendo as ferramentas, produtos e servi\u00e7os nos mais diversos aspectos de suas necessidades para mulheres empreendedoras que sonham e buscam realizar projetos de vida. Vamos todas!<\/p>\n\n\n\n<div class=\"wp-block-columns is-layout-flex wp-container-core-columns-is-layout-9d6595d7 wp-block-columns-is-layout-flex\">\n<div class=\"wp-block-column is-layout-flow wp-block-column-is-layout-flow\" style=\"flex-basis:100%\"><div class=\"wp-block-image\">\n<figure class=\"aligncenter size-large is-resized\"><img decoding=\"async\" src=\"https:\/\/marilenepaiva.com\/wp-content\/uploads\/2024\/07\/Imagem-do-WhatsApp-de-2024-04-04-as-08.53.06_7c569f46-1-1024x241.jpg\" alt=\"\" class=\"wp-image-3231\" style=\"width:365px;height:auto\"\/><\/figure>\n<\/div><\/div>\n<\/div>\n\n\n\n<p class=\"has-large-font-size\"><strong>DIAS DOS PAIS<\/strong><\/p>\n\n\n\n<p class=\"has-black-color has-text-color has-link-color has-medium-font-size wp-elements-d93d4a672c5405ec81d6e254532bfa3d\">&nbsp;Chegando o Dia dos Pais e a pergunta sempre chega. Como presentear? Primeiro com carinho e afeto. Com presen\u00e7a. Com cuidado de quem cuidou de voc\u00ea desde o nascimento. Presentinhos ou present\u00f5es? N\u00f3s sempre indicamos Raphael Steffens, linha masculina da Carmen Steffens do Partage. Aos que gostam de perfume, vamos sempre &nbsp;de O Botic\u00e1rio. Um bom vinho? No Barrica 84, loja alinhada no Oitava Rosado Mal, e no Emp\u00f3rio Duvin.<\/p>\n\n\n\n<div class=\"wp-block-columns is-layout-flex wp-container-core-columns-is-layout-9d6595d7 wp-block-columns-is-layout-flex\">\n<div class=\"wp-block-column is-layout-flow wp-block-column-is-layout-flow\" style=\"flex-basis:100%\"><div class=\"wp-block-image\">\n<figure class=\"aligncenter size-full is-resized\"><img decoding=\"async\" src=\"https:\/\/marilenepaiva.com\/wp-content\/uploads\/2024\/07\/royalface-1.jpg\" alt=\"\" class=\"wp-image-3232\" style=\"width:286px;height:auto\"\/><\/figure>\n<\/div><\/div>\n<\/div>\n\n\n\n<figure class=\"wp-block-gallery has-nested-images columns-2 is-cropped wp-block-gallery-1 is-layout-flex wp-block-gallery-is-layout-flex\">\n<figure class=\"wp-block-image size-large\"><img decoding=\"async\" data-id=\"3233\" src=\"https:\/\/marilenepaiva.com\/wp-content\/uploads\/2024\/07\/serraboi-1.png\" alt=\"\" class=\"wp-image-3233\"\/><\/figure>\n\n\n\n<figure class=\"wp-block-image size-large\"><img decoding=\"async\" data-id=\"3234\" src=\"https:\/\/marilenepaiva.com\/wp-content\/uploads\/2024\/07\/trattoria-1.png\" alt=\"\" class=\"wp-image-3234\"\/><\/figure>\n\n\n\n<figure class=\"wp-block-image size-large\"><img decoding=\"async\" data-id=\"3236\" src=\"https:\/\/marilenepaiva.com\/wp-content\/uploads\/2024\/07\/Captura-de-tela-2024-02-19-222258-1.png\" alt=\"\" class=\"wp-image-3236\"\/><\/figure>\n\n\n\n<figure class=\"wp-block-image size-large\"><img decoding=\"async\" data-id=\"3235\" src=\"https:\/\/marilenepaiva.com\/wp-content\/uploads\/2024\/07\/22-1.png\" alt=\"\" class=\"wp-image-3235\"\/><\/figure>\n<\/figure>\n\n\n\n<p><\/p>\n\n\n\n<div class=\"wp-block-columns is-layout-flex wp-container-core-columns-is-layout-9d6595d7 wp-block-columns-is-layout-flex\">\n<div class=\"wp-block-column is-layout-flow wp-block-column-is-layout-flow\" style=\"flex-basis:100%\">\n<figure class=\"wp-block-image size-full\"><img decoding=\"async\" src=\"https:\/\/marilenepaiva.com\/wp-content\/uploads\/2024\/08\/F1-TETECA-E-SELMA.jpg\" alt=\"\" class=\"wp-image-3297\"\/><\/figure>\n<\/div>\n<\/div>\n\n\n\n<p><em>Amanh\u00e3, dia 4, celebraremos os 90 anos de Jos\u00e9 Belarmino de Azevedo. Ao lado da sua esposa Selma Carneiro recebe amigos e familiares para Missa em A\u00e7\u00e3o de Gra\u00e7as na Igreja Sagrado Cora\u00e7\u00e3o de Jesus e em seguida os cumprimentos no Josu\u00e9 Buffet. Parab\u00e9ns!<\/em><\/p>\n\n\n\n<div class=\"wp-block-columns is-layout-flex wp-container-core-columns-is-layout-9d6595d7 wp-block-columns-is-layout-flex\">\n<div class=\"wp-block-column is-layout-flow wp-block-column-is-layout-flow\" style=\"flex-basis:100%\">\n<figure class=\"wp-block-image size-full\"><img decoding=\"async\" src=\"https:\/\/marilenepaiva.com\/wp-content\/uploads\/2024\/08\/f2-lisboa.jpg\" alt=\"\" class=\"wp-image-3298\"\/><\/figure>\n<\/div>\n<\/div>\n\n\n\n<p><em>Todos os caminhos nos levam para a Festa dos Destaques do amigo colunista e professor Lisboa Batista, hoje, nos sal\u00f5es alinhados da AABB, em Pau dos Ferros. At\u00e9 la!<\/em><\/p>\n\n\n\n<div class=\"wp-block-columns is-layout-flex wp-container-core-columns-is-layout-9d6595d7 wp-block-columns-is-layout-flex\">\n<div class=\"wp-block-column is-layout-flow wp-block-column-is-layout-flow\" style=\"flex-basis:100%\">\n<figure class=\"wp-block-image size-large\"><img decoding=\"async\" src=\"https:\/\/marilenepaiva.com\/wp-content\/uploads\/2024\/08\/f3-evandro-e-koisa-nossa-848x1024.jpeg\" alt=\"\" class=\"wp-image-3299\"\/><\/figure>\n<\/div>\n<\/div>\n\n\n\n<p><em>Hoje \u00e9 dia de sess\u00e3o bolo confeitado para o querido Evandro Segundo diretor do Programa As Feras, com Saudade Azevedo e S\u00e9rgio Chaves. \u00a0No clique, como produtor dos maravilhosos da Banda Koisa Nossa: Kaio Leite, Marc\u00edlio Brapha, Jackson Tavernard, Jefferson Sena e Jefferson Tavernard. Parab\u00e9ns, sa\u00fade e paz.<\/em><\/p>\n\n\n\n<div class=\"wp-block-columns is-layout-flex wp-container-core-columns-is-layout-9d6595d7 wp-block-columns-is-layout-flex\">\n<div class=\"wp-block-column is-layout-flow wp-block-column-is-layout-flow\" style=\"flex-basis:100%\">\n<figure class=\"wp-block-image size-full\"><img decoding=\"async\" src=\"https:\/\/marilenepaiva.com\/wp-content\/uploads\/2024\/08\/F4-LUCIENELUCIVAM.jpg\" alt=\"\" class=\"wp-image-3300\"\/><\/figure>\n<\/div>\n<\/div>\n\n\n\n<p><em>A festa de 15 anos de La\u00eds Fontes reuniu amigos queridos. Com a sua m\u00e3e Luciene, a aniversariante ganhou o carinho do casal Desembargador Corn\u00e9lio Alves e sua amada esposa Lucivam Fontes.<\/em><\/p>\n\n\n\n<div class=\"wp-block-columns is-layout-flex wp-container-core-columns-is-layout-9d6595d7 wp-block-columns-is-layout-flex\">\n<div class=\"wp-block-column is-layout-flow wp-block-column-is-layout-flow\" style=\"flex-basis:100%\">\n<figure class=\"wp-block-image size-full\"><img decoding=\"async\" src=\"https:\/\/marilenepaiva.com\/wp-content\/uploads\/2024\/08\/F5-LUCIENE-E-FAMILIA.jpg\" alt=\"\" class=\"wp-image-3301\"\/><\/figure>\n<\/div>\n<\/div>\n\n\n\n<p><em>A debutante La\u00eds Fontes com a sua mamis Luciene recebendo o abra\u00e7o dos primos Allison Fontes \/Marina, Joao H\u00e9lio, Arthur Fontes, da av\u00f3 Zuila Fontes\u00a0 e da tia Lenira Fontes .<\/em><\/p>\n\n\n\n<div class=\"wp-block-columns is-layout-flex wp-container-core-columns-is-layout-9d6595d7 wp-block-columns-is-layout-flex\">\n<div class=\"wp-block-column is-layout-flow wp-block-column-is-layout-flow\" style=\"flex-basis:100%\">\n<figure class=\"wp-block-image size-large\"><img decoding=\"async\" src=\"https:\/\/marilenepaiva.com\/wp-content\/uploads\/2024\/08\/f6-luciene-lucivan-e-stephnie-690x1024.jpg\" alt=\"\" class=\"wp-image-3302\"\/><\/figure>\n<\/div>\n<\/div>\n\n\n\n<p><em>Album de fam\u00edlia. A imagem traduz o amor incondicional da av\u00f3 Zu\u00edla, da m\u00e3e Luciene, da prima\/irm\u00e3 Stephanie Fontes pela lind\u00edssima debutante La\u00eds Vit\u00f3ria Fontes. Deus aben\u00e7oe essa fam\u00edlia!<\/em><\/p>\n","protected":false},"excerpt":{"rendered":"<p>CHAMPANHE NO GELO Apagam velinhas hoje: &nbsp;Katharina Gurgel, Erika Pinheiro, A\u00edrton Paulo Torres, Myron Cristyan Costa, Segundo Nogueira, Cleodon Bezerra, Icary Cabral Arruda, Paulinho de Sin\u00e9zio,&nbsp; Marcelo Diniz, Eberton Martins, Danny Dutra, Paula Let\u00edcia, Paulla Sonally, Yara Christina C\u00e2mara, Dorginaldo Ernesto, Evandro Segundo, S\u00f4nia Sousa, Kattiuscia Alves, Gide\u00e3o Lemos, Barbara Azevedo, Junior Camara, Priscilla Paiva, [&hellip;]<\/p>\n","protected":false},"author":1,"featured_media":0,"comment_status":"open","ping_status":"open","sticky":true,"template":"","format":"standard","meta":{"footnotes":""},"categories":[3],"tags":[],"class_list":["post-3296","post","type-post","status-publish","format-standard","hentry","category-colunas"],"_links":{"self":[{"href":"https:\/\/marilenepaiva.com\/index.php?rest_route=\/wp\/v2\/posts\/3296","targetHints":{"allow":["GET"]}}],"collection":[{"href":"https:\/\/marilenepaiva.com\/index.php?rest_route=\/wp\/v2\/posts"}],"about":[{"href":"https:\/\/marilenepaiva.com\/index.php?rest_route=\/wp\/v2\/types\/post"}],"author":[{"embeddable":true,"href":"https:\/\/marilenepaiva.com\/index.php?rest_route=\/wp\/v2\/users\/1"}],"replies":[{"embeddable":true,"href":"https:\/\/marilenepaiva.com\/index.php?rest_route=%2Fwp%2Fv2%2Fcomments&post=3296"}],"version-history":[{"count":1,"href":"https:\/\/marilenepaiva.com\/index.php?rest_route=\/wp\/v2\/posts\/3296\/revisions"}],"predecessor-version":[{"id":3303,"href":"https:\/\/marilenepaiva.com\/index.php?rest_route=\/wp\/v2\/posts\/3296\/revisions\/3303"}],"wp:attachment":[{"href":"https:\/\/marilenepaiva.com\/index.php?rest_route=%2Fwp%2Fv2%2Fmedia&parent=3296"}],"wp:term":[{"taxonomy":"category","embeddable":true,"href":"https:\/\/marilenepaiva.com\/index.php?rest_route=%2Fwp%2Fv2%2Fcategories&post=3296"},{"taxonomy":"post_tag","embeddable":true,"href":"https:\/\/marilenepaiva.com\/index.php?rest_route=%2Fwp%2Fv2%2Ftags&post=3296"}],"curies":[{"name":"wp","href":"https:\/\/api.w.org\/{rel}","templated":true}]}}