{"id":3304,"date":"2024-08-06T02:11:27","date_gmt":"2024-08-06T02:11:27","guid":{"rendered":"https:\/\/marilenepaiva.com\/?p=3304"},"modified":"2024-08-06T02:11:27","modified_gmt":"2024-08-06T02:11:27","slug":"gente-de-fato-6-de-agosto-de-2024","status":"publish","type":"post","link":"https:\/\/marilenepaiva.com\/?p=3304","title":{"rendered":"GENTE DE FATO 6 DE AGOSTO DE 2024"},"content":{"rendered":"\n<p class=\"has-large-font-size\"><strong>VALENTINA SABOYA, A FESTA.<\/strong><\/p>\n\n\n\n<p class=\"has-black-color has-text-color has-link-color has-medium-font-size wp-elements-ca6c24c91df22d92db8ce75d77707fab\">A inspira\u00e7\u00e3o das rendas de bilro, percorre o caminho como as toalhas, que passaram cinco anos para serem confeccionadas pela rendeira Nasirene, os pain\u00e9is que ladeavam o sal\u00e3o nobre do hotel pir\u00e2mide, o bolo assinado por Isabela Suplicy e mais de 6 mil docinhos, bombons e biscoitos. Os doces tamb\u00e9m Isabela Suplicy e Ana Paula Berkenbrock assinou biscoitos rendados.De S\u00e3o Paulo tamb\u00e9m vieram as roupas de Dra. Keity e Valentina, por Sandro Barros.<\/p>\n\n\n\n<div class=\"wp-block-columns is-layout-flex wp-container-core-columns-is-layout-9d6595d7 wp-block-columns-is-layout-flex\">\n<div class=\"wp-block-column is-layout-flow wp-block-column-is-layout-flow\" style=\"flex-basis:100%\"><div class=\"wp-block-image\">\n<figure class=\"aligncenter size-large is-resized\"><img decoding=\"async\" src=\"https:\/\/marilenepaiva.com\/wp-content\/uploads\/2024\/07\/Imagem-do-WhatsApp-de-2024-04-04-as-08.53.06_7c569f46-1-1024x241.jpg\" alt=\"\" class=\"wp-image-3231\" style=\"width:399px;height:auto\"\/><\/figure>\n<\/div><\/div>\n<\/div>\n\n\n\n<p class=\"has-large-font-size\"><strong>VALENTINA SABOYA, A FESTA 2<\/strong><\/p>\n\n\n\n<p class=\"has-black-color has-text-color has-link-color has-medium-font-size wp-elements-dfe43ce7940eff1234a458e887967efe\">A noite de Valentina Saboya contou com o trabalho de muitos artistas potiguares. Marina Pantoja assinou todas as cer\u00e2micas, das formas de doces aos pratos da grande mesa de do\u00e7uras. &nbsp;Os pratos do servi\u00e7o todos desenhados por L\u00eddia Quaresma: mais de 800 entre pratos rasos e de sobremesa. L\u00eddia tamb\u00e9m assinou boleiras e baleiros Inspirados na arte de Salvador Dali. A festa teve o grande artista pl\u00e1stico Francisco Eduardo pintando telas ao vivo, e muito do trabalho de Cris Blondin. Luz magn\u00edfica Rocha Ilumina\u00e7\u00f5es, som perfeito 2M; Viveiro Marina assinou os jardins e JB, perfeito no cerimonial.Nick J\u00fanior deu show nas coreografias.<\/p>\n\n\n\n<div class=\"wp-block-columns is-layout-flex wp-container-core-columns-is-layout-9d6595d7 wp-block-columns-is-layout-flex\">\n<div class=\"wp-block-column is-layout-flow wp-block-column-is-layout-flow\" style=\"flex-basis:100%\"><div class=\"wp-block-image\">\n<figure class=\"aligncenter size-full is-resized\"><img decoding=\"async\" src=\"https:\/\/marilenepaiva.com\/wp-content\/uploads\/2024\/07\/royalface-1.jpg\" alt=\"\" class=\"wp-image-3232\" style=\"width:292px;height:auto\"\/><\/figure>\n<\/div><\/div>\n<\/div>\n\n\n\n<p class=\"has-large-font-size\"><strong>VALENTINA SABOYA, A FESTA 3<\/strong><\/p>\n\n\n\n<p class=\"has-black-color has-text-color has-link-color has-medium-font-size wp-elements-8e404856c5d76f808922f3100e5f00bb\">O momento da valsa de Valentina Saboya durou exatamente 18 minutos, teve aniversariante na a\u00e7\u00e3o, com seu av\u00f4, desembargador Expedito Ferreira. Seu irm\u00e3o \u00c9rico ferreira e seu tio Reno Vasconcelos. Mais o primo Ruan Vasconcelos, o padrinho Erick Pereira, o tio J\u00falio Oliveira, Sami Elali e seu irm\u00e3o Matheus. Homenagens rapidinhas, carinho, parab\u00e9ns! Card\u00e1pio espetacular, na unidade, assinado por Viana Rocha e F\u00e1tima Barros que tinha, inclusive, mesa destinada aos adolescentes e outros sem gl\u00faten e sem lactose. \u00a0Bar mega especial, Bar Service. Ali\u00e1s, que bar! Green Label 15 anos, vinho Zapata, champanhe e Perrier deram muito glamour \u00e0 festa. Tudo lindo, assinado pela Casa de Ideias do seu pai, Chrystian de Saboya.<\/p>\n\n\n\n<div class=\"wp-block-columns is-layout-flex wp-container-core-columns-is-layout-9d6595d7 wp-block-columns-is-layout-flex\">\n<div class=\"wp-block-column is-layout-flow wp-block-column-is-layout-flow\" style=\"flex-basis:100%\"><div class=\"wp-block-image\">\n<figure class=\"aligncenter size-full is-resized\"><img decoding=\"async\" src=\"https:\/\/marilenepaiva.com\/wp-content\/uploads\/2024\/07\/iate-1.jpg\" alt=\"\" class=\"wp-image-3230\" style=\"width:357px;height:auto\"\/><\/figure>\n<\/div><\/div>\n<\/div>\n\n\n\n<p class=\"has-large-font-size\"><strong>SAUDADES<\/strong><\/p>\n\n\n\n<p class=\"has-black-color has-text-color has-link-color has-medium-font-size wp-elements-0f35a8d82f480e4b18e5f75bcfca20f5\">No domingo, 4 de agosto, em Pau dos Ferros, foi celebrada missa pelo primeiro ano de Ordena\u00e7\u00e3o Presbiteral do Padre Philipe Villeneuve, considerado \u201cAp\u00f3stolo da Educa\u00e7\u00e3o Humanizadora\u201d, que nos deixou t\u00e3o precocemente em abril deste ano.<\/p>\n\n\n\n<div class=\"wp-block-columns is-layout-flex wp-container-core-columns-is-layout-9d6595d7 wp-block-columns-is-layout-flex\">\n<div class=\"wp-block-column is-layout-flow wp-block-column-is-layout-flow\" style=\"flex-basis:100%\"><div class=\"wp-block-image\">\n<figure class=\"aligncenter size-full is-resized\"><img decoding=\"async\" src=\"https:\/\/marilenepaiva.com\/wp-content\/uploads\/2024\/07\/trattoria-1.png\" alt=\"\" class=\"wp-image-3234\" style=\"width:304px;height:auto\"\/><\/figure>\n<\/div><\/div>\n<\/div>\n\n\n\n<p class=\"has-large-font-size\"><strong>PARA TODO MAL, A CURA!<\/strong><\/p>\n\n\n\n<p class=\"has-black-color has-text-color has-link-color has-medium-font-size wp-elements-33c083ba15478cd87ef89723d302d967\">Euzinha e Rafaella Costa aproveitamos o fim de semana para circular em eventos do Alto Oeste Potiguar e divulgar o nosso pr\u00f3ximo livro, a colet\u00e2nea \u201cPara todo mal, a cura\u201d, que ser\u00e1 lan\u00e7ado em outubro, com as hist\u00f3rias de m\u00e9dicas e m\u00e9dicos de Mossor\u00f3 e regi\u00e3o, os quais narram suas trajet\u00f3rias profissionais. Vai ser lindo, como todos os outros que j\u00e1 lan\u00e7amos.<\/p>\n\n\n\n<div class=\"wp-block-columns is-layout-flex wp-container-core-columns-is-layout-9d6595d7 wp-block-columns-is-layout-flex\">\n<div class=\"wp-block-column is-layout-flow wp-block-column-is-layout-flow\" style=\"flex-basis:100%\"><div class=\"wp-block-image\">\n<figure class=\"aligncenter size-full is-resized\"><img decoding=\"async\" src=\"https:\/\/marilenepaiva.com\/wp-content\/uploads\/2024\/07\/serraboi-1.png\" alt=\"\" class=\"wp-image-3233\" style=\"width:316px;height:auto\"\/><\/figure>\n<\/div><\/div>\n<\/div>\n\n\n\n<p class=\"has-large-font-size\"><strong>CHAMPANHE NO GELO<\/strong><\/p>\n\n\n\n<p class=\"has-black-color has-text-color has-link-color has-medium-font-size wp-elements-9dd652cd7f68d21aa13bdf491c2657d4\">Festejam idade nova hoje: &nbsp;Leo\u00adnar\u00addo Nunes do Rego, Ana Carolina de Medeiros Luz, Cl\u00e1udio Roberto, Francisco de Assis Neto, \u00cdcaro M\u00e1r\u00adcio, Ge\u00f3rgia Cibelle Silva, Sem\u00edrames Rodrigues Marques, Gomes Sobrinho, Nadja Bezerra, Pedro Duarte, Al\u00adber\u00adto Sig\u00adno\u00adret\u00adti, J\u00e9ssica Narraly Parab\u00e9ns!!!<\/p>\n\n\n\n<div class=\"wp-block-columns is-layout-flex wp-container-core-columns-is-layout-9d6595d7 wp-block-columns-is-layout-flex\">\n<div class=\"wp-block-column is-layout-flow wp-block-column-is-layout-flow\" style=\"flex-basis:100%\"><div class=\"wp-block-image\">\n<figure class=\"aligncenter size-full is-resized\"><img decoding=\"async\" src=\"https:\/\/marilenepaiva.com\/wp-content\/uploads\/2024\/07\/22-1.png\" alt=\"\" class=\"wp-image-3235\" style=\"width:332px;height:auto\"\/><\/figure>\n<\/div><\/div>\n<\/div>\n\n\n\n<div class=\"wp-block-columns is-layout-flex wp-container-core-columns-is-layout-9d6595d7 wp-block-columns-is-layout-flex\">\n<div class=\"wp-block-column is-layout-flow wp-block-column-is-layout-flow\" style=\"flex-basis:100%\"><div class=\"wp-block-image\">\n<figure class=\"aligncenter size-full is-resized\"><img decoding=\"async\" src=\"https:\/\/marilenepaiva.com\/wp-content\/uploads\/2024\/07\/Captura-de-tela-2024-02-19-222258-1.png\" alt=\"\" class=\"wp-image-3236\" style=\"width:311px;height:auto\"\/><\/figure>\n<\/div><\/div>\n<\/div>\n\n\n\n<div class=\"wp-block-columns is-layout-flex wp-container-core-columns-is-layout-9d6595d7 wp-block-columns-is-layout-flex\">\n<div class=\"wp-block-column is-layout-flow wp-block-column-is-layout-flow\" style=\"flex-basis:100%\">\n<figure class=\"wp-block-image size-large\"><img decoding=\"async\" src=\"https:\/\/marilenepaiva.com\/wp-content\/uploads\/2024\/08\/f1-Chrystian-e-Valentina1-1024x682.jpg\" alt=\"\" class=\"wp-image-3305\"\/><\/figure>\n<\/div>\n<\/div>\n\n\n\n<p class=\"has-black-color has-text-color has-link-color wp-elements-d301efadb5b7e1f833c725096f6a8139\"><em>E a gente vai colecionando os amores. O bem querer \u00e9 grande para a linda debutante Valentina Saboya e os seus pais Chrystian de Saboya e Keith Ferreira. Parab\u00e9ns! Vivas!<\/em><\/p>\n\n\n\n<div class=\"wp-block-columns is-layout-flex wp-container-core-columns-is-layout-9d6595d7 wp-block-columns-is-layout-flex\">\n<div class=\"wp-block-column is-layout-flow wp-block-column-is-layout-flow\" style=\"flex-basis:100%\">\n<figure class=\"wp-block-image size-large\"><img decoding=\"async\" src=\"https:\/\/marilenepaiva.com\/wp-content\/uploads\/2024\/08\/F2-SAMISANDRA-KEITH-E-TINA-917x1024.jpg\" alt=\"\" class=\"wp-image-3306\"\/><\/figure>\n<\/div>\n<\/div>\n\n\n\n<p class=\"has-black-color has-text-color has-link-color wp-elements-a80a5b7dd6d39752c7dd0e98d498bf23\"><em>Gosto de gostar. Do casal Empres\u00e1rio Sami Elali e sua esposa Magistrada Sandra Elali, abra\u00e7ando a aniversariante Valentina Saboya e sua m\u00e3e Magistrada Keith Ferreira de Saboya. Salve simpatias!<\/em><\/p>\n\n\n\n<div class=\"wp-block-columns is-layout-flex wp-container-core-columns-is-layout-9d6595d7 wp-block-columns-is-layout-flex\">\n<div class=\"wp-block-column is-layout-flow wp-block-column-is-layout-flow\" style=\"flex-basis:100%\">\n<figure class=\"wp-block-image size-large\"><img decoding=\"async\" src=\"https:\/\/marilenepaiva.com\/wp-content\/uploads\/2024\/08\/F3-LANA-E-DIEGO-1-1-683x1024.jpg\" alt=\"\" class=\"wp-image-3307\"\/><\/figure>\n<\/div>\n<\/div>\n\n\n\n<p><em>Eu vejo flores em voc\u00eas. Duas estrelas de primeir\u00edssima grandeza. Casal m\u00e9dicos Diego Ariel e Lana Lacerda s\u00e3o especiais. Ele, o prinspo, ganhou sess\u00e3o bolo confeitado no domingo, dia 04. Felicidades.<\/em><\/p>\n\n\n\n<div class=\"wp-block-columns is-layout-flex wp-container-core-columns-is-layout-9d6595d7 wp-block-columns-is-layout-flex\">\n<div class=\"wp-block-column is-layout-flow wp-block-column-is-layout-flow\" style=\"flex-basis:100%\">\n<figure class=\"wp-block-image size-full is-resized\"><img decoding=\"async\" src=\"https:\/\/marilenepaiva.com\/wp-content\/uploads\/2024\/08\/F4-CLAUDIO-ROBERTO-E-EDVANIA-SANTOS-1.jpg\" alt=\"\" class=\"wp-image-3308\" style=\"width:729px;height:auto\"\/><\/figure>\n<\/div>\n<\/div>\n\n\n\n<p class=\"has-black-color has-text-color has-link-color wp-elements-5960a3f64d074e714e1faa0416f89f4e\"><em>O todo bacana fot\u00f3grafo Claudio Roberto celebra idade nova hoje e ganha os mimos da sua querida esposa Ediv\u00e2nia Santos. Sa\u00fade, paz e bem!<\/em><\/p>\n\n\n\n<div class=\"wp-block-columns is-layout-flex wp-container-core-columns-is-layout-9d6595d7 wp-block-columns-is-layout-flex\">\n<div class=\"wp-block-column is-layout-flow wp-block-column-is-layout-flow\" style=\"flex-basis:100%\">\n<figure class=\"wp-block-image size-full\"><img decoding=\"async\" src=\"https:\/\/marilenepaiva.com\/wp-content\/uploads\/2024\/08\/F5-GUTO-FIRMINO.jpg\" alt=\"\" class=\"wp-image-3309\"\/><\/figure>\n<\/div>\n<\/div>\n\n\n\n<p class=\"has-black-color has-text-color has-link-color wp-elements-974a12e80bd89ac5eba0b2460f0094a6\"><em>O professor Gutemberg Fimino aniversaria hoje e comemora ao lado de amigos e familiares. De presente, Guto quer a vit\u00f3ria do sobrinho amado L\u00e1zaro Paiva Neto.Tudo de melhor Guto lindo!!!<\/em><\/p>\n","protected":false},"excerpt":{"rendered":"<p>VALENTINA SABOYA, A FESTA. A inspira\u00e7\u00e3o das rendas de bilro, percorre o caminho como as toalhas, que passaram cinco anos para serem confeccionadas pela rendeira Nasirene, os pain\u00e9is que ladeavam o sal\u00e3o nobre do hotel pir\u00e2mide, o bolo assinado por Isabela Suplicy e mais de 6 mil docinhos, bombons e biscoitos. Os doces tamb\u00e9m Isabela [&hellip;]<\/p>\n","protected":false},"author":1,"featured_media":0,"comment_status":"open","ping_status":"open","sticky":true,"template":"","format":"standard","meta":{"footnotes":""},"categories":[3],"tags":[],"class_list":["post-3304","post","type-post","status-publish","format-standard","hentry","category-colunas"],"_links":{"self":[{"href":"https:\/\/marilenepaiva.com\/index.php?rest_route=\/wp\/v2\/posts\/3304","targetHints":{"allow":["GET"]}}],"collection":[{"href":"https:\/\/marilenepaiva.com\/index.php?rest_route=\/wp\/v2\/posts"}],"about":[{"href":"https:\/\/marilenepaiva.com\/index.php?rest_route=\/wp\/v2\/types\/post"}],"author":[{"embeddable":true,"href":"https:\/\/marilenepaiva.com\/index.php?rest_route=\/wp\/v2\/users\/1"}],"replies":[{"embeddable":true,"href":"https:\/\/marilenepaiva.com\/index.php?rest_route=%2Fwp%2Fv2%2Fcomments&post=3304"}],"version-history":[{"count":1,"href":"https:\/\/marilenepaiva.com\/index.php?rest_route=\/wp\/v2\/posts\/3304\/revisions"}],"predecessor-version":[{"id":3310,"href":"https:\/\/marilenepaiva.com\/index.php?rest_route=\/wp\/v2\/posts\/3304\/revisions\/3310"}],"wp:attachment":[{"href":"https:\/\/marilenepaiva.com\/index.php?rest_route=%2Fwp%2Fv2%2Fmedia&parent=3304"}],"wp:term":[{"taxonomy":"category","embeddable":true,"href":"https:\/\/marilenepaiva.com\/index.php?rest_route=%2Fwp%2Fv2%2Fcategories&post=3304"},{"taxonomy":"post_tag","embeddable":true,"href":"https:\/\/marilenepaiva.com\/index.php?rest_route=%2Fwp%2Fv2%2Ftags&post=3304"}],"curies":[{"name":"wp","href":"https:\/\/api.w.org\/{rel}","templated":true}]}}