{"id":3311,"date":"2024-08-07T01:09:05","date_gmt":"2024-08-07T01:09:05","guid":{"rendered":"https:\/\/marilenepaiva.com\/?p=3311"},"modified":"2024-08-07T01:09:06","modified_gmt":"2024-08-07T01:09:06","slug":"gente-de-fato-7-de-agosto-de-2024","status":"publish","type":"post","link":"https:\/\/marilenepaiva.com\/?p=3311","title":{"rendered":"GENTE DE FATO 7 DE AGOSTO DE 2024"},"content":{"rendered":"\n<blockquote class=\"wp-block-quote is-layout-flow wp-block-quote-is-layout-flow\">\n<p class=\"has-large-font-size\"><strong>ORPHEU<\/strong><\/p>\n\n\n\n<p class=\"has-black-color has-text-color has-link-color has-medium-font-size wp-elements-7131224138bdedd3a6af65623ffb9cb8\">Come\u00e7o a conhecer-me. N\u00e3o existo.\u00a0<br>Sou o intervalo entre o que desejo ser e os outros me fizeram,\u00a0\u00a0<br>ou metade desse intervalo, porque tamb\u00e9m h\u00e1 vida &#8230;\u00a0<br>Sou isso, enfim &#8230;\u00a0\u00a0<br>Apague a luz, feche a porta e deixe de ter barulhos de chinelos no corredor.\u00a0<br>Fique eu no quarto s\u00f3 com o grande sossego de mim mesmo.\u00a0\u00a0<br>\u00c9 um universo barato<strong>.<\/strong><\/p>\n\n\n\n<p class=\"has-black-color has-text-color has-link-color wp-elements-e84a6ee3eb03dc5955943fe9475fb19e\">Fernando Pessoa<\/p>\n<\/blockquote>\n\n\n\n<div class=\"wp-block-columns is-layout-flex wp-container-core-columns-is-layout-9d6595d7 wp-block-columns-is-layout-flex\">\n<div class=\"wp-block-column is-layout-flow wp-block-column-is-layout-flow\" style=\"flex-basis:100%\"><div class=\"wp-block-image\">\n<figure class=\"aligncenter size-full is-resized\"><img decoding=\"async\" src=\"https:\/\/marilenepaiva.com\/wp-content\/uploads\/2024\/07\/royalface-1.jpg\" alt=\"\" class=\"wp-image-3232\" style=\"width:292px;height:auto\"\/><\/figure>\n<\/div><\/div>\n<\/div>\n\n\n\n<p class=\"has-large-font-size\"><strong>DESTAQUES<\/strong><\/p>\n\n\n\n<p class=\"has-black-color has-text-color has-link-color has-medium-font-size wp-elements-e0e9cfb790880c2084bacb356bbfea52\">Ele recebeu a alcunha de \u201clord\u201d alguns anos atr\u00e1s, e n\u00f3s acatamos, pois \u00e9 um t\u00edtulo que ele realmente merece&#8230; meu amigo de longa data, meu colega de profiss\u00e3o e do mesmo Jornal de Fato\u00a0h\u00e1 22 anos, Lisboa Batista. A sua Festa dos Destaques chegou a 22\u00aa edi\u00e7\u00e3o e Pau dos Ferros, assim como o Alto Oeste Potiguar e o Rio Grande do Norte abra\u00e7am sua promo\u00e7\u00e3o, n\u00e3o por acaso, a cada edi\u00e7\u00e3o, os espa\u00e7os da AABB est\u00e3o preenchidos por destaques das mais diversas \u00e1reas de atua\u00e7\u00e3o. Foram 27 destaques profissionais e 17 empresariais. Esse ano, o trof\u00e9u destaque recebeu o nome do Sr. Francisco Lobo Maia, que estava presente no evento no alto dos seus 102 anos.<\/p>\n\n\n\n<div class=\"wp-block-columns is-layout-flex wp-container-core-columns-is-layout-9d6595d7 wp-block-columns-is-layout-flex\">\n<div class=\"wp-block-column is-layout-flow wp-block-column-is-layout-flow\" style=\"flex-basis:100%\"><div class=\"wp-block-image\">\n<figure class=\"aligncenter size-full is-resized\"><img decoding=\"async\" src=\"https:\/\/marilenepaiva.com\/wp-content\/uploads\/2024\/07\/iate-1.jpg\" alt=\"\" class=\"wp-image-3230\" style=\"width:372px;height:auto\"\/><\/figure>\n<\/div><\/div>\n<\/div>\n\n\n\n<p class=\"has-large-font-size\"><strong>NOS M\u00cdNIMOS DETALHES<\/strong><\/p>\n\n\n\n<p class=\"has-black-color has-text-color has-link-color has-medium-font-size wp-elements-d514a23640523654e1a9134206f5e265\">Lisboa Batista pensa em tudo e por isso a Festa dos Destaques \u00e9 t\u00e3o elogiada e ganha novos adeptos ao longo de sua exist\u00eancia. A decora\u00e7\u00e3o teve assinatura da Comemore Decor, de Jarismar Almeida, os comes e bebes, grifados por Manuelle Cez\u00e1rio; Cl\u00e9cio Pontes, de Marcelino Vieira, recebeu os convidados com apresenta\u00e7\u00e3o de voz e viol\u00e3o; e a atra\u00e7\u00e3o principal: a banda Frequ\u00eancia 2, sempre dando show&#8230; tudo, tudinho mesmo \u00e9 escolhido pensando nos seus convidados, que s\u00e3o muito seletos e exigentes.<\/p>\n\n\n\n<div class=\"wp-block-columns is-layout-flex wp-container-core-columns-is-layout-9d6595d7 wp-block-columns-is-layout-flex\">\n<div class=\"wp-block-column is-layout-flow wp-block-column-is-layout-flow\" style=\"flex-basis:100%\"><div class=\"wp-block-image\">\n<figure class=\"aligncenter size-large is-resized\"><img decoding=\"async\" src=\"https:\/\/marilenepaiva.com\/wp-content\/uploads\/2024\/07\/Imagem-do-WhatsApp-de-2024-04-04-as-08.53.06_7c569f46-1-1024x241.jpg\" alt=\"\" class=\"wp-image-3231\" style=\"width:391px;height:auto\"\/><\/figure>\n<\/div><\/div>\n<\/div>\n\n\n\n<p class=\"has-large-font-size\"><strong>OUVINDO O CANTO DOS P\u00c1SSAROS<\/strong><\/p>\n\n\n\n<p class=\"has-black-color has-text-color has-link-color has-medium-font-size wp-elements-40feee1a3f3240316d8cf5f7b6eb8ad5\">Em Pau dos Ferros, fim de semana passado, fomos h\u00f3spedes do Hotel Jatob\u00e1. Sempre nos recebendo com honras e circunst\u00e2ncias, Doralice Medeiros faz tudo exatamente do jeitinho que a gente gosta, tornando o ambiente uma extens\u00e3o da nossa casa. Ali\u00e1s, bem receber, com sorriso no rosto e abra\u00e7o sincero \u00e9 marca registrada de Doralice, que vem ano ap\u00f3s ano cuidando muit\u00edssimo bem do seu empreendimento. Adoramos!<\/p>\n\n\n\n<div class=\"wp-block-columns is-layout-flex wp-container-core-columns-is-layout-9d6595d7 wp-block-columns-is-layout-flex\">\n<div class=\"wp-block-column is-layout-flow wp-block-column-is-layout-flow\" style=\"flex-basis:100%\"><div class=\"wp-block-image\">\n<figure class=\"aligncenter size-full is-resized\"><img decoding=\"async\" src=\"https:\/\/marilenepaiva.com\/wp-content\/uploads\/2024\/07\/serraboi-1.png\" alt=\"\" class=\"wp-image-3233\" style=\"width:276px;height:auto\"\/><\/figure>\n<\/div><\/div>\n<\/div>\n\n\n\n<p class=\"has-large-font-size\"><strong>PREMIADA<\/strong><\/p>\n\n\n\n<p class=\"has-black-color has-text-color has-link-color has-medium-font-size wp-elements-5f41714bc4e35b891ced8c5376143569\">Profissional de excel\u00eancia em Pau dos Ferros e regi\u00e3o, J\u00e2nea Bessa foi uma das homenageadas na Festa dos Destaques. O trof\u00e9u vem somar com os in\u00fameros elogios recebidos e certifica\u00e7\u00f5es cinco estrelas do seu trabalho. J\u00e2nea e equipe fazem o sal\u00e3o que leva seu nome ser coroado por in\u00fameros motivos, primeiro, pelo profissionalismo incontest\u00e1vel em exaltar a beleza de cada pessoa que adere aos seus servi\u00e7os, depois, pelo conjunto da obra: espa\u00e7o f\u00edsico, conforto, produtos de primeira linha e a satisfa\u00e7\u00e3o de sempre sa\u00edmos de l\u00e1 renovados. \u00c9 cinco estrelas sim!<\/p>\n\n\n\n<div class=\"wp-block-columns is-layout-flex wp-container-core-columns-is-layout-9d6595d7 wp-block-columns-is-layout-flex\">\n<div class=\"wp-block-column is-layout-flow wp-block-column-is-layout-flow\" style=\"flex-basis:100%\"><div class=\"wp-block-image\">\n<figure class=\"aligncenter size-full is-resized\"><img decoding=\"async\" src=\"https:\/\/marilenepaiva.com\/wp-content\/uploads\/2024\/07\/trattoria-1.png\" alt=\"\" class=\"wp-image-3234\" style=\"width:318px;height:auto\"\/><\/figure>\n<\/div><\/div>\n<\/div>\n\n\n\n<p class=\"has-large-font-size\"><strong>BEM VESTIR<\/strong><\/p>\n\n\n\n<p class=\"has-black-color has-text-color has-link-color has-medium-font-size wp-elements-09bf974caf87208d3d2ac515752b25bf\">Para todos os gostos e corpos, de todas as cores e texturas, roupas, cal\u00e7ados e acess\u00f3rios\u2026 homens e mulheres\u2026 a loja Marluce Elegance faz sucesso quando o assunto \u00e9 evento, seja um baile de formatura ou de debutantes, um casamento, uma Festa dos Destaques\u2026 n\u00f3s amamos e indicamos sempre, pelas op\u00e7\u00f5es variadas e pelo atendimento. A empres\u00e1ria Marluce Bezerra preza muito pelo bom gosto.<\/p>\n\n\n\n<div class=\"wp-block-columns is-layout-flex wp-container-core-columns-is-layout-9d6595d7 wp-block-columns-is-layout-flex\">\n<div class=\"wp-block-column is-layout-flow wp-block-column-is-layout-flow\" style=\"flex-basis:100%\"><div class=\"wp-block-image\">\n<figure class=\"aligncenter size-full is-resized\"><img decoding=\"async\" src=\"https:\/\/marilenepaiva.com\/wp-content\/uploads\/2024\/07\/Captura-de-tela-2024-02-19-222258-1.png\" alt=\"\" class=\"wp-image-3236\" style=\"width:289px;height:auto\"\/><\/figure>\n<\/div><\/div>\n<\/div>\n\n\n\n<p class=\"has-large-font-size\"><strong>CHAMPANHE NO GELO<\/strong><\/p>\n\n\n\n<p class=\"has-black-color has-text-color has-link-color has-medium-font-size wp-elements-040cfe825ead16ba81e4889c0ad047e3\">Apagam velinhas hoje:&nbsp; Thiago Silveira, Debora Carioca, Laine Thereza, Ildone Barros, Pedro Junior, Paulo Junior, Kiev Sidney, Segundo Torres, Claudio Dias, Arenildo Firmino, Isadora Dantas de Souza, Albertina Maria, Domingos Neto, Cleano da Rocha Barreto, Delano H\u00e9lio de Vasconcelos Freire, Cleidinete Thukka, Messias Rodrigues. Parab\u00e9ns!<\/p>\n\n\n\n<div class=\"wp-block-columns is-layout-flex wp-container-core-columns-is-layout-9d6595d7 wp-block-columns-is-layout-flex\">\n<div class=\"wp-block-column is-layout-flow wp-block-column-is-layout-flow\" style=\"flex-basis:100%\"><div class=\"wp-block-image\">\n<figure class=\"aligncenter size-full is-resized\"><img decoding=\"async\" src=\"https:\/\/marilenepaiva.com\/wp-content\/uploads\/2024\/07\/22-1.png\" alt=\"\" class=\"wp-image-3235\" style=\"width:292px;height:auto\"\/><\/figure>\n<\/div><\/div>\n<\/div>\n\n\n\n<p class=\"has-large-font-size\"><strong>FRANCISCO FERREIRA SOUTO FILHO<\/strong><\/p>\n\n\n\n<p class=\"has-black-color has-text-color has-link-color has-medium-font-size wp-elements-0d6f6fb6dbf462f7de8e1cb6fcb36aba\">Nasceu num 7 de agosto. Exatamente 7 de agosto de 1926. Estaria completando 98 anos hoje. Saudades de Soutinho, o amor da vida de Edith.<\/p>\n\n\n\n<div class=\"wp-block-columns is-layout-flex wp-container-core-columns-is-layout-9d6595d7 wp-block-columns-is-layout-flex\">\n<div class=\"wp-block-column is-layout-flow wp-block-column-is-layout-flow\" style=\"flex-basis:100%\">\n<figure class=\"wp-block-image size-full\"><img decoding=\"async\" src=\"https:\/\/marilenepaiva.com\/wp-content\/uploads\/2024\/08\/F1-LISBOA-E-NAVILAMARI.jpeg\" alt=\"\" class=\"wp-image-3312\"\/><\/figure>\n<\/div>\n<\/div>\n\n\n\n<p><em>O anfitri\u00e3o colunista Lisboa Batista recebendo a prefeita de Pau dos Ferros, Marianna Almeida e o casal oftalmologista Tiano Vasconcelos e sua bela esposa empres\u00e1ria \u00d3tica Salinas, N\u00e1vila Vasconcelos, na Noite dos Destaques 2024.<\/em><\/p>\n\n\n\n<div class=\"wp-block-columns is-layout-flex wp-container-core-columns-is-layout-9d6595d7 wp-block-columns-is-layout-flex\">\n<div class=\"wp-block-column is-layout-flow wp-block-column-is-layout-flow\" style=\"flex-basis:100%\">\n<figure class=\"wp-block-image size-large\"><img decoding=\"async\" src=\"https:\/\/marilenepaiva.com\/wp-content\/uploads\/2024\/08\/F2-EUTICA-E-RAFA-787x1024.jpeg\" alt=\"\" class=\"wp-image-3313\"\/><\/figure>\n<\/div>\n<\/div>\n\n\n\n<p><em>Ao lado de Tica Soares e Rafaella Costa, abra\u00e7amos o Sr Francisco Lobo Maia, que deu nome ao trof\u00e9u da Festa dos Destaques.<\/em><\/p>\n\n\n\n<div class=\"wp-block-columns is-layout-flex wp-container-core-columns-is-layout-9d6595d7 wp-block-columns-is-layout-flex\">\n<div class=\"wp-block-column is-layout-flow wp-block-column-is-layout-flow\" style=\"flex-basis:100%\">\n<figure class=\"wp-block-image size-full is-resized\"><img decoding=\"async\" src=\"https:\/\/marilenepaiva.com\/wp-content\/uploads\/2024\/08\/F3-EUJENISSONLISBOA.jpeg\" alt=\"\" class=\"wp-image-3314\" style=\"width:763px;height:auto\"\/><\/figure>\n<\/div>\n<\/div>\n\n\n\n<p><em>O\u00a0Lord Lisboa Batista,\u00a0 ao lado das suas bel\u00edssimas sobrinhas Ana Beatriz\u00a0 Pontes Nunes e Priscila Ver\u00edssimo Nunes, fazendo uma homenagem aos seus amigos Jennison Villa\u00e7a, Cl\u00edstenes Carlos, Jornalista C\u00e9sar Santos e essa que vos escreve. Gratid\u00e3o.<\/em><\/p>\n\n\n\n<div class=\"wp-block-columns is-layout-flex wp-container-core-columns-is-layout-9d6595d7 wp-block-columns-is-layout-flex\">\n<div class=\"wp-block-column is-layout-flow wp-block-column-is-layout-flow\" style=\"flex-basis:100%\">\n<figure class=\"wp-block-image size-full\"><img decoding=\"async\" src=\"https:\/\/marilenepaiva.com\/wp-content\/uploads\/2024\/08\/F4-inavan.jpeg\" alt=\"\" class=\"wp-image-3315\"\/><\/figure>\n<\/div>\n<\/div>\n\n\n\n<p><em>Dr. Inavan Silveira \u00e9 um gentleman! Al\u00e9m de profissional competent\u00edssimo, sua agenda comprova o que estamos falando, ele \u00e9 um ser humano incrivelmente atencioso, educado e boa gente. Somos f\u00e3s. Essa estrela \u00e9 uma das presen\u00e7as de peso, confirmadas no Congresso Celebrar.<\/em><\/p>\n","protected":false},"excerpt":{"rendered":"<p>ORPHEU Come\u00e7o a conhecer-me. N\u00e3o existo.\u00a0Sou o intervalo entre o que desejo ser e os outros me fizeram,\u00a0\u00a0ou metade desse intervalo, porque tamb\u00e9m h\u00e1 vida &#8230;\u00a0Sou isso, enfim &#8230;\u00a0\u00a0Apague a luz, feche a porta e deixe de ter barulhos de chinelos no corredor.\u00a0Fique eu no quarto s\u00f3 com o grande sossego de mim mesmo.\u00a0\u00a0\u00c9 um [&hellip;]<\/p>\n","protected":false},"author":1,"featured_media":0,"comment_status":"open","ping_status":"open","sticky":true,"template":"","format":"standard","meta":{"footnotes":""},"categories":[3],"tags":[],"class_list":["post-3311","post","type-post","status-publish","format-standard","hentry","category-colunas"],"_links":{"self":[{"href":"https:\/\/marilenepaiva.com\/index.php?rest_route=\/wp\/v2\/posts\/3311","targetHints":{"allow":["GET"]}}],"collection":[{"href":"https:\/\/marilenepaiva.com\/index.php?rest_route=\/wp\/v2\/posts"}],"about":[{"href":"https:\/\/marilenepaiva.com\/index.php?rest_route=\/wp\/v2\/types\/post"}],"author":[{"embeddable":true,"href":"https:\/\/marilenepaiva.com\/index.php?rest_route=\/wp\/v2\/users\/1"}],"replies":[{"embeddable":true,"href":"https:\/\/marilenepaiva.com\/index.php?rest_route=%2Fwp%2Fv2%2Fcomments&post=3311"}],"version-history":[{"count":1,"href":"https:\/\/marilenepaiva.com\/index.php?rest_route=\/wp\/v2\/posts\/3311\/revisions"}],"predecessor-version":[{"id":3316,"href":"https:\/\/marilenepaiva.com\/index.php?rest_route=\/wp\/v2\/posts\/3311\/revisions\/3316"}],"wp:attachment":[{"href":"https:\/\/marilenepaiva.com\/index.php?rest_route=%2Fwp%2Fv2%2Fmedia&parent=3311"}],"wp:term":[{"taxonomy":"category","embeddable":true,"href":"https:\/\/marilenepaiva.com\/index.php?rest_route=%2Fwp%2Fv2%2Fcategories&post=3311"},{"taxonomy":"post_tag","embeddable":true,"href":"https:\/\/marilenepaiva.com\/index.php?rest_route=%2Fwp%2Fv2%2Ftags&post=3311"}],"curies":[{"name":"wp","href":"https:\/\/api.w.org\/{rel}","templated":true}]}}