{"id":3318,"date":"2024-08-08T09:39:31","date_gmt":"2024-08-08T09:39:31","guid":{"rendered":"https:\/\/marilenepaiva.com\/?p=3318"},"modified":"2024-08-08T09:39:32","modified_gmt":"2024-08-08T09:39:32","slug":"gente-de-fato-8-de-agosto-de-2024","status":"publish","type":"post","link":"https:\/\/marilenepaiva.com\/?p=3318","title":{"rendered":"GENTE DE FATO 8 DE AGOSTO DE 2024"},"content":{"rendered":"\n<p class=\"has-large-font-size\"><strong>AO MESTRE COM CARINHO<\/strong><\/p>\n\n\n\n<p class=\"has-black-color has-text-color has-link-color has-medium-font-size wp-elements-a79af2cb43c42803f977c5eb91a3a97b\">Nesta sexta, 9 de agosto, \u00e0s 17h, na Unicat\u00f3lica do RN, acontece a Cerim\u00f4nia de Inaugura\u00e7\u00e3o das Instala\u00e7\u00f5es F\u00edsicas do Edif\u00edcio Administrativo Padre S\u00e1tiro Cavalcanti Dantas. O grande mestre Padre S\u00e1tiro Cavalcanti e o querido Dom Mariano ser\u00e3o homenageados. Haver\u00e1 ainda a apresenta\u00e7\u00e3o da nova Organiza\u00e7\u00e3o Institucional da UniCat\u00f3lica, com a presen\u00e7a de autoridades de todo o estado e&nbsp; do Cardeal Leonardo Steiner (Manaus\/AM).<\/p>\n\n\n\n<div class=\"wp-block-columns is-layout-flex wp-container-core-columns-is-layout-9d6595d7 wp-block-columns-is-layout-flex\">\n<div class=\"wp-block-column is-layout-flow wp-block-column-is-layout-flow\" style=\"flex-basis:100%\"><div class=\"wp-block-image\">\n<figure class=\"aligncenter size-full is-resized\"><img decoding=\"async\" src=\"https:\/\/marilenepaiva.com\/wp-content\/uploads\/2024\/07\/iate-1.jpg\" alt=\"\" class=\"wp-image-3230\" style=\"width:405px;height:auto\"\/><\/figure>\n<\/div><\/div>\n<\/div>\n\n\n\n<p class=\"has-large-font-size\"><strong>SORORIDADE OL\u00cdMPICA<\/strong><\/p>\n\n\n\n<p class=\"has-black-color has-text-color has-link-color has-medium-font-size wp-elements-1afe74229db5bdeb8f5fdbcec7b1c75c\">Advers\u00e1rias sim, inimigas jamais&#8230; recado dado e de forma bem clara na final individual do solo nas Olimp\u00edadas de Paris, quando a nossa Medalhista de ouro, Rebeca Andrade, foi reverenciada no p\u00f3dio pelas ginastas norte-americanas Simone Biles e Jordan Chiles, medalha de prata e bronze respectivamente, na final individual do solo nas Olimp\u00edadas de Paris.<\/p>\n\n\n\n<div class=\"wp-block-columns is-layout-flex wp-container-core-columns-is-layout-9d6595d7 wp-block-columns-is-layout-flex\">\n<div class=\"wp-block-column is-layout-flow wp-block-column-is-layout-flow\" style=\"flex-basis:100%\"><div class=\"wp-block-image\">\n<figure class=\"aligncenter size-large is-resized\"><img decoding=\"async\" src=\"https:\/\/marilenepaiva.com\/wp-content\/uploads\/2024\/07\/Imagem-do-WhatsApp-de-2024-04-04-as-08.53.06_7c569f46-1-1024x241.jpg\" alt=\"\" class=\"wp-image-3231\" style=\"width:442px;height:auto\"\/><\/figure>\n<\/div><\/div>\n<\/div>\n\n\n\n<p class=\"has-large-font-size\"><strong>CHAMPANHE NO GELO<\/strong><\/p>\n\n\n\n<p class=\"has-black-color has-text-color has-link-color has-medium-font-size wp-elements-1f69ac1b2f26611ae9591059bdf83790\">Celebram idade nova hoje: Gen\u00e1rio Lopes, Aclelson Pereira, Jose Aldo Santos Junior, Janilde Dantas,Yure de Sousa Paula, Vinicius Leite, Shirlianny Duarte, Magaly Cristina,Arivaldo Silva de Oliveira. Clar\u00e9nt Sep\u00falveda Salom\u00e3o, Ricardo Ant\u00f4nio de Medeiros Luz, Rodrigo Andrade, Neusa Lopes. Felicidades!<\/p>\n\n\n\n<div class=\"wp-block-columns is-layout-flex wp-container-core-columns-is-layout-9d6595d7 wp-block-columns-is-layout-flex\">\n<div class=\"wp-block-column is-layout-flow wp-block-column-is-layout-flow\" style=\"flex-basis:100%\"><div class=\"wp-block-image\">\n<figure class=\"aligncenter size-full is-resized\"><img decoding=\"async\" src=\"https:\/\/marilenepaiva.com\/wp-content\/uploads\/2024\/07\/royalface-1.jpg\" alt=\"\" class=\"wp-image-3232\" style=\"width:282px;height:auto\"\/><\/figure>\n<\/div><\/div>\n<\/div>\n\n\n\n<p class=\"has-large-font-size\"><strong>MALBEC ICON<\/strong><\/p>\n\n\n\n<p class=\"has-black-color has-text-color has-link-color has-medium-font-size wp-elements-8a70cca6d8a9c160f22ba1f1c1b3ed97\">Comemorado no segundo domingo de agosto, o&nbsp;<strong>Dia dos Pais&nbsp;<\/strong>\u00e9 a oportunidade perfeita para expressar gratid\u00e3o por todo o amor e cuidado. Neste ano,&nbsp;<strong>O Botic\u00e1rio<\/strong>, reconhecida como a l\u00edder na categoria de presente\u00e1veis*, preparou uma sele\u00e7\u00e3o exclusiva com 27 kits e combos cuidadosamente elaborados, variando com itens, acess\u00f3rios e embalagens especiais ou curadoria de produtos que, juntos, formam presentes ideais pensados para agradar todos os perfis de pais, dos cl\u00e1ssicos at\u00e9 os mais modernos. Com o incentivo ao gesto de presentear como forma de afeto, a marca busca proporcionar momentos e mem\u00f3rias inesquec\u00edveis, al\u00e9m de refor\u00e7ar os la\u00e7os afetivos e familiares. As mamis adoram cheirar os papais de Malbec.<\/p>\n\n\n\n<div class=\"wp-block-columns is-layout-flex wp-container-core-columns-is-layout-9d6595d7 wp-block-columns-is-layout-flex\">\n<div class=\"wp-block-column is-layout-flow wp-block-column-is-layout-flow\" style=\"flex-basis:100%\"><div class=\"wp-block-image\">\n<figure class=\"aligncenter size-full is-resized\"><img decoding=\"async\" src=\"https:\/\/marilenepaiva.com\/wp-content\/uploads\/2024\/07\/trattoria-1.png\" alt=\"\" class=\"wp-image-3234\" style=\"width:276px;height:auto\"\/><\/figure>\n<\/div><\/div>\n<\/div>\n\n\n\n<p class=\"has-large-font-size\"><strong>EU CREIO, EU TOMO POSSE!<\/strong><\/p>\n\n\n\n<p class=\"has-black-color has-text-color has-link-color has-medium-font-size wp-elements-de46e304d9b022da823092938d6d4c76\">&#8220;O segredo \u00e9 n\u00e3o correr atr\u00e1s das borboletas&#8230; \u00c9 cuidar do jardim para que elas venham at\u00e9 voc\u00ea&#8217;. M\u00e1rio Quintana.&nbsp; Acredito firmemente.<\/p>\n\n\n\n<div class=\"wp-block-columns is-layout-flex wp-container-core-columns-is-layout-9d6595d7 wp-block-columns-is-layout-flex\">\n<div class=\"wp-block-column is-layout-flow wp-block-column-is-layout-flow\" style=\"flex-basis:100%\"><\/div>\n<\/div>\n\n\n\n<figure class=\"wp-block-gallery has-nested-images columns-default is-cropped wp-block-gallery-1 is-layout-flex wp-block-gallery-is-layout-flex\">\n<figure class=\"wp-block-image size-large\"><img decoding=\"async\" data-id=\"3233\" src=\"https:\/\/marilenepaiva.com\/wp-content\/uploads\/2024\/07\/serraboi-1.png\" alt=\"\" class=\"wp-image-3233\"\/><\/figure>\n\n\n\n<figure class=\"wp-block-image size-large\"><img decoding=\"async\" data-id=\"3236\" src=\"https:\/\/marilenepaiva.com\/wp-content\/uploads\/2024\/07\/Captura-de-tela-2024-02-19-222258-1.png\" alt=\"\" class=\"wp-image-3236\"\/><\/figure>\n\n\n\n<figure class=\"wp-block-image size-large\"><img decoding=\"async\" data-id=\"3235\" src=\"https:\/\/marilenepaiva.com\/wp-content\/uploads\/2024\/07\/22-1.png\" alt=\"\" class=\"wp-image-3235\"\/><\/figure>\n<\/figure>\n\n\n\n<div class=\"wp-block-columns is-layout-flex wp-container-core-columns-is-layout-9d6595d7 wp-block-columns-is-layout-flex\">\n<div class=\"wp-block-column is-layout-flow wp-block-column-is-layout-flow\" style=\"flex-basis:100%\">\n<figure class=\"wp-block-image size-large\"><img decoding=\"async\" src=\"https:\/\/marilenepaiva.com\/wp-content\/uploads\/2024\/08\/F1-DOM-LEONARDO-683x1024.png\" alt=\"\" class=\"wp-image-3319\"\/><\/figure>\n<\/div>\n<\/div>\n\n\n\n<p><em>Sua Emin\u00eancia, o Cardeal Dom Leonardo Ulrich Steiner, Arcebispo Metropolitano de Manaus, chega hoje a Mossor\u00f3.\u00a0 Este encontro \u00e9 um marco significativo para a\u00a0 Diocese de Santa Luzia\u00a0 e para a UniCat\u00f3lica do Rio Grande do Norte, que receber\u00e1 a b\u00ean\u00e7\u00e3o das novas instala\u00e7\u00f5es do Edif\u00edcio Administrativo Padre S\u00e1tiro Cavalcanti, designa\u00e7\u00e3o dada em homenagem ao Diretor Fundador da Institui\u00e7\u00e3o<\/em><\/p>\n\n\n\n<div class=\"wp-block-columns is-layout-flex wp-container-core-columns-is-layout-9d6595d7 wp-block-columns-is-layout-flex\">\n<div class=\"wp-block-column is-layout-flow wp-block-column-is-layout-flow\" style=\"flex-basis:100%\">\n<figure class=\"wp-block-image size-large\"><img decoding=\"async\" src=\"https:\/\/marilenepaiva.com\/wp-content\/uploads\/2024\/08\/f2-ney-e-jussier-996x1024.jpg\" alt=\"\" class=\"wp-image-3320\"\/><\/figure>\n<\/div>\n<\/div>\n\n\n\n<p><em>O odont\u00f3logo e empres\u00e1rio Ney Robson recebendo o querido Jussier Ramalho que abre o Congresso Celebrar, hoje, \u00e0s 20h, no Thermas Hall e ministra a palestra magna com o tema Mudan\u00e7a ou Muda ou Dan\u00e7a. Vamos sim!<\/em><\/p>\n\n\n\n<div class=\"wp-block-columns is-layout-flex wp-container-core-columns-is-layout-9d6595d7 wp-block-columns-is-layout-flex\">\n<div class=\"wp-block-column is-layout-flow wp-block-column-is-layout-flow\" style=\"flex-basis:100%\">\n<figure class=\"wp-block-image size-large\"><img decoding=\"async\" src=\"https:\/\/marilenepaiva.com\/wp-content\/uploads\/2024\/08\/F3-PAULINHO-E-DIRETORA-1024x913.jpg\" alt=\"\" class=\"wp-image-3321\"\/><\/figure>\n<\/div>\n<\/div>\n\n\n\n<p><em>Em r\u00e1pida passagem por Natal, a gerente do Museu do Louvre em Abu-Dhabi, Sabrina Moura, e o jornalista Paulinho Ara\u00fajo. Ela \u00e9 nosso orgulho potiguar.<\/em><\/p>\n\n\n\n<div class=\"wp-block-columns is-layout-flex wp-container-core-columns-is-layout-9d6595d7 wp-block-columns-is-layout-flex\">\n<div class=\"wp-block-column is-layout-flow wp-block-column-is-layout-flow\" style=\"flex-basis:100%\">\n<figure class=\"wp-block-image size-large\"><img decoding=\"async\" src=\"https:\/\/marilenepaiva.com\/wp-content\/uploads\/2024\/08\/F4-GISLANE-E-GABRIELA-558x1024.jpg\" alt=\"\" class=\"wp-image-3322\"\/><\/figure>\n<\/div>\n<\/div>\n\n\n\n<p><em>Tal m\u00e3e, tal filha. Aniversariantes de agosto. Com muito gosto pela vida e pela fam\u00edlia. Parab\u00e9ns Gislane e Gabriela J\u00e1come.<\/em><\/p>\n\n\n\n<div class=\"wp-block-columns is-layout-flex wp-container-core-columns-is-layout-9d6595d7 wp-block-columns-is-layout-flex\">\n<div class=\"wp-block-column is-layout-flow wp-block-column-is-layout-flow\" style=\"flex-basis:100%\">\n<figure class=\"wp-block-image size-large\"><img decoding=\"async\" src=\"https:\/\/marilenepaiva.com\/wp-content\/uploads\/2024\/08\/F5-JANILDE-772x1024.jpg\" alt=\"\" class=\"wp-image-3323\"\/><\/figure>\n<\/div>\n<\/div>\n\n\n\n<p><em>A \u00a0muito querida empres\u00e1ria Janilde Dantas festeja idade nova hoje, ganha o abra\u00e7o do marido Leomberg e da fam\u00edlia \u00d3tica Impacto.Tintin!<\/em><\/p>\n\n\n\n<div class=\"wp-block-columns is-layout-flex wp-container-core-columns-is-layout-9d6595d7 wp-block-columns-is-layout-flex\">\n<div class=\"wp-block-column is-layout-flow wp-block-column-is-layout-flow\" style=\"flex-basis:100%\">\n<figure class=\"wp-block-image size-large\"><img decoding=\"async\" src=\"https:\/\/marilenepaiva.com\/wp-content\/uploads\/2024\/08\/F6-NEIRE-500x1024.jpg\" alt=\"\" class=\"wp-image-3324\"\/><\/figure>\n<\/div>\n<\/div>\n\n\n\n<p><em>Ela n\u00e3o anda, ela desfila&#8230;.Ela \u00e9 capa de revista. Ela \u00e9 a empres\u00e1ria de bem com a vida, Neire Dias, fotografada por Paulo Edu, em Angra dos Reis. Beijinho no ombro!<\/em><\/p>\n\n\n\n<p><\/p>\n","protected":false},"excerpt":{"rendered":"<p>AO MESTRE COM CARINHO Nesta sexta, 9 de agosto, \u00e0s 17h, na Unicat\u00f3lica do RN, acontece a Cerim\u00f4nia de Inaugura\u00e7\u00e3o das Instala\u00e7\u00f5es F\u00edsicas do Edif\u00edcio Administrativo Padre S\u00e1tiro Cavalcanti Dantas. O grande mestre Padre S\u00e1tiro Cavalcanti e o querido Dom Mariano ser\u00e3o homenageados. Haver\u00e1 ainda a apresenta\u00e7\u00e3o da nova Organiza\u00e7\u00e3o Institucional da UniCat\u00f3lica, com a [&hellip;]<\/p>\n","protected":false},"author":1,"featured_media":0,"comment_status":"open","ping_status":"open","sticky":true,"template":"","format":"standard","meta":{"footnotes":""},"categories":[3],"tags":[],"class_list":["post-3318","post","type-post","status-publish","format-standard","hentry","category-colunas"],"_links":{"self":[{"href":"https:\/\/marilenepaiva.com\/index.php?rest_route=\/wp\/v2\/posts\/3318","targetHints":{"allow":["GET"]}}],"collection":[{"href":"https:\/\/marilenepaiva.com\/index.php?rest_route=\/wp\/v2\/posts"}],"about":[{"href":"https:\/\/marilenepaiva.com\/index.php?rest_route=\/wp\/v2\/types\/post"}],"author":[{"embeddable":true,"href":"https:\/\/marilenepaiva.com\/index.php?rest_route=\/wp\/v2\/users\/1"}],"replies":[{"embeddable":true,"href":"https:\/\/marilenepaiva.com\/index.php?rest_route=%2Fwp%2Fv2%2Fcomments&post=3318"}],"version-history":[{"count":1,"href":"https:\/\/marilenepaiva.com\/index.php?rest_route=\/wp\/v2\/posts\/3318\/revisions"}],"predecessor-version":[{"id":3325,"href":"https:\/\/marilenepaiva.com\/index.php?rest_route=\/wp\/v2\/posts\/3318\/revisions\/3325"}],"wp:attachment":[{"href":"https:\/\/marilenepaiva.com\/index.php?rest_route=%2Fwp%2Fv2%2Fmedia&parent=3318"}],"wp:term":[{"taxonomy":"category","embeddable":true,"href":"https:\/\/marilenepaiva.com\/index.php?rest_route=%2Fwp%2Fv2%2Fcategories&post=3318"},{"taxonomy":"post_tag","embeddable":true,"href":"https:\/\/marilenepaiva.com\/index.php?rest_route=%2Fwp%2Fv2%2Ftags&post=3318"}],"curies":[{"name":"wp","href":"https:\/\/api.w.org\/{rel}","templated":true}]}}