{"id":3326,"date":"2024-08-08T16:53:44","date_gmt":"2024-08-08T16:53:44","guid":{"rendered":"https:\/\/marilenepaiva.com\/?p=3326"},"modified":"2024-08-08T16:53:45","modified_gmt":"2024-08-08T16:53:45","slug":"gente-de-fato-9-de-agosto-de-2024","status":"publish","type":"post","link":"https:\/\/marilenepaiva.com\/?p=3326","title":{"rendered":"GENTE DE FATO 9 DE AGOSTO DE 2024"},"content":{"rendered":"\n<p class=\"has-large-font-size\"><strong>90 ANOS DE JOS\u00c9 BELARMINO, A CELEBRA\u00c7\u00c3O<\/strong><\/p>\n\n\n\n<p class=\"has-black-color has-text-color has-link-color has-medium-font-size wp-elements-24165223e1ef5cca29f2ccbf778c1031\">Jos\u00e9 Belarmino de Azevedo com a bela esposa Selma Carneiro, recebeu convidados ao lado de sua fam\u00edlia , filho, nora, filhas e genros : Virg\u00ednia e Ricardo Freire, Andr\u00e9a e Ciro Menezes, Anna Karla e Alb\u00e9rico Brito, Suzana e Harlan Fernandes, Belarmino Jr e Laura Cristina. Os netos lindos: Bianca Menezes, Gabriel Brito, Vin\u00edcius Menezes, Harlan Fernandes, Daniel Brito, V\u00edvian Azevedo, Bernardo Azevedo e Luara Azevedo. Uma festa impec\u00e1vel nos sal\u00f5es de Josu\u00e9 Buffet.<\/p>\n\n\n\n<div class=\"wp-block-columns is-layout-flex wp-container-core-columns-is-layout-9d6595d7 wp-block-columns-is-layout-flex\">\n<div class=\"wp-block-column is-layout-flow wp-block-column-is-layout-flow\" style=\"flex-basis:100%\"><div class=\"wp-block-image\">\n<figure class=\"aligncenter size-large is-resized\"><img decoding=\"async\" src=\"https:\/\/marilenepaiva.com\/wp-content\/uploads\/2024\/07\/Imagem-do-WhatsApp-de-2024-04-04-as-08.53.06_7c569f46-1-1024x241.jpg\" alt=\"\" class=\"wp-image-3231\" style=\"width:408px;height:auto\"\/><\/figure>\n<\/div><\/div>\n<\/div>\n\n\n\n<p class=\"has-large-font-size\"><strong>TETECA, CELEBRA\u00c7\u00c3O DE UMA VIDA<\/strong><\/p>\n\n\n\n<p class=\"has-black-color has-text-color has-link-color has-medium-font-size wp-elements-fc8e051ac74153035ae84b24976b0fe7\">A filha do casal Selma e Teteca, Doutora Suzana Carneiro de Azevedo Fernandes escreveu um livro onde narra a hist\u00f3ria de Teteca. E \u00e9 como Suzana diz: \u201cesta obra \u00e9 mais do que um registro cronol\u00f3gico de eventos; \u00e9 um tributo caloroso a um homem, cuja vida tem sido inspira\u00e7\u00e3o para todos ao seu redor. Um homem que a vida \u00e9 um legado de amor e generosidade.\u201d Os convidados ganharam o livro. Obrigada. E os mimos n\u00e3o ficaram por a\u00ed&#8230;Os meninos foram presenteados com chap\u00e9us (estilo Panam\u00e1) e as meninas foram agraciadas com uma rosa&nbsp; branca linda em organza produzida pela matriarca Selma Carneiro.<\/p>\n\n\n\n<div class=\"wp-block-columns is-layout-flex wp-container-core-columns-is-layout-9d6595d7 wp-block-columns-is-layout-flex\">\n<div class=\"wp-block-column is-layout-flow wp-block-column-is-layout-flow\" style=\"flex-basis:100%\"><div class=\"wp-block-image\">\n<figure class=\"aligncenter size-full is-resized\"><img decoding=\"async\" src=\"https:\/\/marilenepaiva.com\/wp-content\/uploads\/2024\/07\/royalface-1.jpg\" alt=\"\" class=\"wp-image-3232\" style=\"width:276px;height:auto\"\/><\/figure>\n<\/div><\/div>\n<\/div>\n\n\n\n<p class=\"has-large-font-size\"><strong>\u00a0TETECA, A FESTA.<\/strong><\/p>\n\n\n\n<p class=\"has-black-color has-text-color has-link-color has-medium-font-size wp-elements-7c10e8233c74e8582e04ce52fc3308e4\">Os 90 anos de Teteca foi uma noite inesquec\u00edvel. &nbsp;A missa lind\u00edssima, na Igreja do Sagrado Cora\u00e7\u00e3o de Jesus com a emocionante homilia do Padre Fl\u00e1vio Augusto Forte de Melo. Na recep\u00e7\u00e3o, Josu\u00e9 Balbino assinou as del\u00edciasdo seu buffet.. Kaio Dias , o bolo celebrativo.&nbsp; Gildo Porto, a decora\u00e7\u00e3o. Paula Dutra, os doces. O Casar\u00e3o arrasou com a cabine de fotos. E Allan Jones animou os convidados. F\u00e1tima Matos grifou com eleg\u00e2ncia e maestria o cerimonial.<\/p>\n\n\n\n<div class=\"wp-block-columns is-layout-flex wp-container-core-columns-is-layout-9d6595d7 wp-block-columns-is-layout-flex\">\n<div class=\"wp-block-column is-layout-flow wp-block-column-is-layout-flow\" style=\"flex-basis:100%\"><div class=\"wp-block-image\">\n<figure class=\"aligncenter size-full is-resized\"><img decoding=\"async\" src=\"https:\/\/marilenepaiva.com\/wp-content\/uploads\/2024\/07\/iate-1.jpg\" alt=\"\" class=\"wp-image-3230\" style=\"width:338px;height:auto\"\/><\/figure>\n<\/div><\/div>\n<\/div>\n\n\n\n<figure class=\"wp-block-gallery has-nested-images columns-2 is-cropped wp-block-gallery-1 is-layout-flex wp-block-gallery-is-layout-flex\">\n<figure class=\"wp-block-image size-large\"><img decoding=\"async\" data-id=\"3234\" src=\"https:\/\/marilenepaiva.com\/wp-content\/uploads\/2024\/07\/trattoria-1.png\" alt=\"\" class=\"wp-image-3234\"\/><\/figure>\n\n\n\n<figure class=\"wp-block-image size-large\"><img decoding=\"async\" data-id=\"3233\" src=\"https:\/\/marilenepaiva.com\/wp-content\/uploads\/2024\/07\/serraboi-1.png\" alt=\"\" class=\"wp-image-3233\"\/><\/figure>\n\n\n\n<figure class=\"wp-block-image size-large\"><img decoding=\"async\" data-id=\"3235\" src=\"https:\/\/marilenepaiva.com\/wp-content\/uploads\/2024\/07\/22-1.png\" alt=\"\" class=\"wp-image-3235\"\/><\/figure>\n\n\n\n<figure class=\"wp-block-image size-large\"><img decoding=\"async\" data-id=\"3236\" src=\"https:\/\/marilenepaiva.com\/wp-content\/uploads\/2024\/07\/Captura-de-tela-2024-02-19-222258-1.png\" alt=\"\" class=\"wp-image-3236\"\/><\/figure>\n<\/figure>\n\n\n\n<p><\/p>\n\n\n\n<div class=\"wp-block-columns is-layout-flex wp-container-core-columns-is-layout-9d6595d7 wp-block-columns-is-layout-flex\">\n<div class=\"wp-block-column is-layout-flow wp-block-column-is-layout-flow\" style=\"flex-basis:100%\">\n<figure class=\"wp-block-image size-large\"><img decoding=\"async\" src=\"https:\/\/marilenepaiva.com\/wp-content\/uploads\/2024\/08\/f1-selma-e-teteca-1024x682.jpeg\" alt=\"\" class=\"wp-image-3327\"\/><\/figure>\n<\/div>\n<\/div>\n\n\n\n<p><em>Foto de milh\u00f5es. De milh\u00f5es de afetos. Dos seus 90 anos de vida, Teteca divide 59 de muito amor com a esposa Selma Carneiro. Vivas!<\/em><\/p>\n\n\n\n<div class=\"wp-block-columns is-layout-flex wp-container-core-columns-is-layout-9d6595d7 wp-block-columns-is-layout-flex\">\n<div class=\"wp-block-column is-layout-flow wp-block-column-is-layout-flow\" style=\"flex-basis:100%\">\n<figure class=\"wp-block-image size-full\"><img decoding=\"async\" src=\"https:\/\/marilenepaiva.com\/wp-content\/uploads\/2024\/08\/f2-teteca-selma-padre-flavio-e-filhos.jpeg\" alt=\"\" class=\"wp-image-3328\"\/><\/figure>\n<\/div>\n<\/div>\n\n\n\n<p><em>No altar da igreja do Sagrado Cora\u00e7\u00e3o de Jesus, recebendo as b\u00ean\u00e7\u00e3os do Padre Fl\u00e1vio Augusto Forte Melo,\u00a0 o casal Jos\u00e9 Belarmino\u00a0 e Selma Carneiro com os filhos, Andr\u00e9a , Suzana, Jos\u00e9 Belarmino , Virg\u00ednia Rose,\u00a0 Anna Karla Azevedo e Belarmino Jr.<\/em><\/p>\n\n\n\n<div class=\"wp-block-columns is-layout-flex wp-container-core-columns-is-layout-9d6595d7 wp-block-columns-is-layout-flex\">\n<div class=\"wp-block-column is-layout-flow wp-block-column-is-layout-flow\" style=\"flex-basis:100%\">\n<figure class=\"wp-block-image size-large\"><img decoding=\"async\" src=\"https:\/\/marilenepaiva.com\/wp-content\/uploads\/2024\/08\/F3-teteca-selma-e-NETOS2-1024x888.jpeg\" alt=\"\" class=\"wp-image-3329\"\/><\/figure>\n<\/div>\n<\/div>\n\n\n\n<p><em>O aniversariante Teteca Belarmino com a esposa Selma e os netos lindos: Bianca Menezes, Gabriel Brito, Vin\u00edcius Menezes, Harlan Fernandes, Daniel Brito, V\u00edvian Azevedo, Bernardo Azevedo e\u00a0 Luara Azevedo.<\/em><\/p>\n\n\n\n<div class=\"wp-block-columns is-layout-flex wp-container-core-columns-is-layout-9d6595d7 wp-block-columns-is-layout-flex\">\n<div class=\"wp-block-column is-layout-flow wp-block-column-is-layout-flow\" style=\"flex-basis:100%\">\n<figure class=\"wp-block-image size-large\"><img decoding=\"async\" src=\"https:\/\/marilenepaiva.com\/wp-content\/uploads\/2024\/08\/F4-teteca-selma-e-amigos-1-1024x1024.jpeg\" alt=\"\" class=\"wp-image-3330\"\/><\/figure>\n<\/div>\n<\/div>\n\n\n\n<p><em>Casal Teteca e Selma ganhando o abra\u00e7o dos amigos: Sebasti\u00e3o Felipe Bastos e Vera Mendon\u00e7a, Helio Vieira e Telma Andrade.<\/em><\/p>\n\n\n\n<div class=\"wp-block-columns is-layout-flex wp-container-core-columns-is-layout-9d6595d7 wp-block-columns-is-layout-flex\">\n<div class=\"wp-block-column is-layout-flow wp-block-column-is-layout-flow\" style=\"flex-basis:100%\">\n<figure class=\"wp-block-image size-full\"><img decoding=\"async\" src=\"https:\/\/marilenepaiva.com\/wp-content\/uploads\/2024\/08\/f5-as-tetecas-com-fatima-matos.jpg\" alt=\"\" class=\"wp-image-3331\"\/><\/figure>\n<\/div>\n<\/div>\n\n\n\n<p><em>A cerimonialista F\u00e1tima Mattos recebendo o carinho e gratid\u00e3o das filhas do aniversariante Teteca Belarmino, Anna Karla, Suzana e Andrea Carneiro.<\/em><\/p>\n\n\n\n<div class=\"wp-block-columns is-layout-flex wp-container-core-columns-is-layout-9d6595d7 wp-block-columns-is-layout-flex\">\n<div class=\"wp-block-column is-layout-flow wp-block-column-is-layout-flow\" style=\"flex-basis:100%\">\n<figure class=\"wp-block-image size-large\"><img decoding=\"async\" src=\"https:\/\/marilenepaiva.com\/wp-content\/uploads\/2024\/08\/f6-com-crhystian-1020x1024.jpeg\" alt=\"\" class=\"wp-image-3332\"\/><\/figure>\n<\/div>\n<\/div>\n\n\n\n<p><em>Salve, salve simpatias.\u00a0 Chrystian De Saboya, amigo do filho Belarmino Jr e das\u00a0 Tetecas Suzana, Andrea, Anna Karla e Virginia Rose , prestigiando o anivers\u00e1rio de\u00a0 90 anos Jos\u00e9 Belarmino.<\/em><\/p>\n\n\n\n<div class=\"wp-block-columns is-layout-flex wp-container-core-columns-is-layout-9d6595d7 wp-block-columns-is-layout-flex\">\n<div class=\"wp-block-column is-layout-flow wp-block-column-is-layout-flow\" style=\"flex-basis:100%\">\n<figure class=\"wp-block-image size-large\"><img decoding=\"async\" src=\"https:\/\/marilenepaiva.com\/wp-content\/uploads\/2024\/08\/f7-teteca-e-a-autora-613x1024.jpeg\" alt=\"\" class=\"wp-image-3333\"\/><\/figure>\n<\/div>\n<\/div>\n\n\n\n<p><em>Momento de muita emo\u00e7\u00e3o, o aniversariante Jos\u00e9 Belarmino de Azevedo recebendo a sua biografia escrita pela filha Doutora Suzana Carneiro de Azevedo Fernandes.<\/em><\/p>\n","protected":false},"excerpt":{"rendered":"<p>90 ANOS DE JOS\u00c9 BELARMINO, A CELEBRA\u00c7\u00c3O Jos\u00e9 Belarmino de Azevedo com a bela esposa Selma Carneiro, recebeu convidados ao lado de sua fam\u00edlia , filho, nora, filhas e genros : Virg\u00ednia e Ricardo Freire, Andr\u00e9a e Ciro Menezes, Anna Karla e Alb\u00e9rico Brito, Suzana e Harlan Fernandes, Belarmino Jr e Laura Cristina. Os netos [&hellip;]<\/p>\n","protected":false},"author":1,"featured_media":0,"comment_status":"open","ping_status":"open","sticky":true,"template":"","format":"standard","meta":{"footnotes":""},"categories":[3],"tags":[],"class_list":["post-3326","post","type-post","status-publish","format-standard","hentry","category-colunas"],"_links":{"self":[{"href":"https:\/\/marilenepaiva.com\/index.php?rest_route=\/wp\/v2\/posts\/3326","targetHints":{"allow":["GET"]}}],"collection":[{"href":"https:\/\/marilenepaiva.com\/index.php?rest_route=\/wp\/v2\/posts"}],"about":[{"href":"https:\/\/marilenepaiva.com\/index.php?rest_route=\/wp\/v2\/types\/post"}],"author":[{"embeddable":true,"href":"https:\/\/marilenepaiva.com\/index.php?rest_route=\/wp\/v2\/users\/1"}],"replies":[{"embeddable":true,"href":"https:\/\/marilenepaiva.com\/index.php?rest_route=%2Fwp%2Fv2%2Fcomments&post=3326"}],"version-history":[{"count":1,"href":"https:\/\/marilenepaiva.com\/index.php?rest_route=\/wp\/v2\/posts\/3326\/revisions"}],"predecessor-version":[{"id":3334,"href":"https:\/\/marilenepaiva.com\/index.php?rest_route=\/wp\/v2\/posts\/3326\/revisions\/3334"}],"wp:attachment":[{"href":"https:\/\/marilenepaiva.com\/index.php?rest_route=%2Fwp%2Fv2%2Fmedia&parent=3326"}],"wp:term":[{"taxonomy":"category","embeddable":true,"href":"https:\/\/marilenepaiva.com\/index.php?rest_route=%2Fwp%2Fv2%2Fcategories&post=3326"},{"taxonomy":"post_tag","embeddable":true,"href":"https:\/\/marilenepaiva.com\/index.php?rest_route=%2Fwp%2Fv2%2Ftags&post=3326"}],"curies":[{"name":"wp","href":"https:\/\/api.w.org\/{rel}","templated":true}]}}