{"id":3335,"date":"2024-08-09T22:56:49","date_gmt":"2024-08-09T22:56:49","guid":{"rendered":"https:\/\/marilenepaiva.com\/?p=3335"},"modified":"2024-08-09T22:56:50","modified_gmt":"2024-08-09T22:56:50","slug":"gente-de-fato-10-de-agosto-de-2024","status":"publish","type":"post","link":"https:\/\/marilenepaiva.com\/?p=3335","title":{"rendered":"GENTE DE FATO 10 DE AGOSTO DE 2024"},"content":{"rendered":"\n<p class=\"has-large-font-size\"><strong>BELZINHO DE A\u00c7\u00daCAR<\/strong><\/p>\n\n\n\n<p class=\"has-black-color has-text-color has-link-color has-medium-font-size wp-elements-83ced1b9570386a8624faa33ba4a39c0\">Pra te encontrar&#8230;Eu dou a volta no seu mundo&#8230;Eu pulo seu muro. Sim&#8230;chegou o dia 10 de agosto. Hoje tem show com o baiano maravilhoso Bel Marques fechando com chave de ouro&nbsp; o Congresso Celebrar. No Thermas Hall com a superestrutura da CYM by Thiego Casado. Alex do Acordeon abre a festa. Meia noite Bel canta e depois o bacana Nuzio Medeiros entrega tudo e encerra a noite.<\/p>\n\n\n\n<div class=\"wp-block-columns is-layout-flex wp-container-core-columns-is-layout-9d6595d7 wp-block-columns-is-layout-flex\">\n<div class=\"wp-block-column is-layout-flow wp-block-column-is-layout-flow\" style=\"flex-basis:100%\"><div class=\"wp-block-image\">\n<figure class=\"aligncenter size-full is-resized\"><img decoding=\"async\" src=\"https:\/\/marilenepaiva.com\/wp-content\/uploads\/2024\/07\/royalface-1.jpg\" alt=\"\" class=\"wp-image-3232\" style=\"width:280px;height:auto\"\/><\/figure>\n<\/div><\/div>\n<\/div>\n\n\n\n<p class=\"has-large-font-size\"><strong>VIVA SANTA CLARA!!!<\/strong><\/p>\n\n\n\n<p class=\"has-black-color has-text-color has-link-color has-medium-font-size wp-elements-a2d5b929d55222e2f629dd1742ddd0e9\">Jesus Cristo \u00e9 a porta aberta para a miseric\u00f3rdia de Deus. Amanh\u00e3, dia 11 de agosto \u00e9 o dia consagrada a Clara de Assis. Padroeira da televis\u00e3o e do meu bairro Dom Jaime C\u00e2mara. No Santu\u00e1rio, a partir de meio dia teremos o momento do Ter\u00e7o da Divina Provid\u00eancia e ,\u00e0s 17h, prociss\u00e3o e missa solene presidida pelo bispo em\u00e9rito de Mossor\u00f3, Dom Francisco Sales. Flavinho T\u00e1cito prepara com todo carinho o andor de Clara. Vamos todos.<\/p>\n\n\n\n<div class=\"wp-block-columns is-layout-flex wp-container-core-columns-is-layout-9d6595d7 wp-block-columns-is-layout-flex\">\n<div class=\"wp-block-column is-layout-flow wp-block-column-is-layout-flow\" style=\"flex-basis:100%\"><div class=\"wp-block-image\">\n<figure class=\"aligncenter size-full is-resized\"><img decoding=\"async\" src=\"https:\/\/marilenepaiva.com\/wp-content\/uploads\/2024\/07\/iate-1.jpg\" alt=\"\" class=\"wp-image-3230\" style=\"width:333px;height:auto\"\/><\/figure>\n<\/div><\/div>\n<\/div>\n\n\n\n<p class=\"has-large-font-size\"><strong>CHAMPANHE NO GELO<\/strong><\/p>\n\n\n\n<p class=\"has-black-color has-text-color has-link-color has-medium-font-size wp-elements-13674d5b5892139b37a9912ab4c9e8bc\">&nbsp;Feliz anivers\u00e1rio : &nbsp;Neide Lopes, Fl\u00e1vio Gurgel, Alexandre Capistrano, Apoena Barros, Erida Fernandes, Maria Lucineide, Katiucia Carmo, Genildo Junior, Francielle Costa, Marlize Sarmento, Margo Maia, Marquinhos Silva, Mariano Almir, Maderson de Andrade, Carina Silva, Francisco Carlos Carvalho de Melo, Richardson Castro, Vald\u00e9cia Dantas &nbsp;&nbsp;e Lorena Walter Rosado de S\u00e1 .Antecipamos os votos de felicidades para os aniversariantes da segunda, dia 12: Celebram idade nova hoje: Socorro Estrela, Junior Felix, Adriano Medeiros, Delmira Freire Costa, Alcimar Almeida, Rodrigo Rodrigues de G\u00f3is J\u00fanior, Leandro Gibson, Leopoldo Dantas Couto, Geovana Bezerra, Lucia Batista, Salete Targino de Medeiros, L\u00eddia Guedes Bezerra, Gabrielle Cristine R\u00eago, Antonia Edna de Paula, Deylton Santos, Antonio Queir\u00f3z da Fons\u00eaca, Tars\u00edcio Paiva, Djalma de Castro Medeiros, Samila Castro e Lucas Alves Pereira Neto. Parab\u00e9ns, meus amores!!!<\/p>\n\n\n\n<div class=\"wp-block-columns is-layout-flex wp-container-core-columns-is-layout-9d6595d7 wp-block-columns-is-layout-flex\">\n<div class=\"wp-block-column is-layout-flow wp-block-column-is-layout-flow\" style=\"flex-basis:100%\"><div class=\"wp-block-image\">\n<figure class=\"aligncenter size-large is-resized\"><img decoding=\"async\" src=\"https:\/\/marilenepaiva.com\/wp-content\/uploads\/2024\/07\/Imagem-do-WhatsApp-de-2024-04-04-as-08.53.06_7c569f46-1-1024x241.jpg\" alt=\"\" class=\"wp-image-3231\" style=\"width:408px;height:auto\"\/><\/figure>\n<\/div><\/div>\n<\/div>\n\n\n\n<p class=\"has-large-font-size\"><strong>ESTETOSC\u00d3PIO<\/strong><\/p>\n\n\n\n<p class=\"has-black-color has-text-color has-link-color has-medium-font-size wp-elements-623143e79da2a915640292b84e38d334\">A cada nova colet\u00e2nea, novos aprendizados. O livro \u201cPara todo mal, a cura\u201d est\u00e1 sendo organizado por esta colunista que vos escreve e a nossa s\u00f3cia no projeto de colet\u00e2neas, Rafaella Costa. M\u00e9dicos e m\u00e9dicas falam de suas ren\u00fancias, escolhas, dificuldades e \u00eaxitos, at\u00e9 chegar onde est\u00e3o. Muitos profissionais est\u00e3o aderindo ao projeto e n\u00f3s, superfelizes \u00e0 frente desse livro. \u00c9 o quarto livro do nosso portf\u00f3lio.<\/p>\n\n\n\n<div class=\"wp-block-columns is-layout-flex wp-container-core-columns-is-layout-9d6595d7 wp-block-columns-is-layout-flex\">\n<div class=\"wp-block-column is-layout-flow wp-block-column-is-layout-flow\" style=\"flex-basis:100%\"><div class=\"wp-block-image\">\n<figure class=\"aligncenter size-full is-resized\"><img decoding=\"async\" src=\"https:\/\/marilenepaiva.com\/wp-content\/uploads\/2024\/07\/serraboi-1.png\" alt=\"\" class=\"wp-image-3233\" style=\"width:292px;height:auto\"\/><\/figure>\n<\/div><\/div>\n<\/div>\n\n\n\n<p class=\"has-large-font-size\"><strong>PRIMAVERA, VER\u00c3O&#8230;<\/strong><\/p>\n\n\n\n<p class=\"has-black-color has-text-color has-link-color has-medium-font-size wp-elements-0be6cb1e6669e2c3e0ccea3eba57595b\">59 anos de vida bem vivida. Essa \u00e9 a idade que celebramos esse ano e por isso decidimos dividir a data com 59 amigas em jantar intimista no Restaurante Trattoria, pr\u00f3ximo dia 15 de agosto, \u00e0s 19h. Os convites est\u00e3o circulando.<\/p>\n\n\n\n<div class=\"wp-block-columns is-layout-flex wp-container-core-columns-is-layout-9d6595d7 wp-block-columns-is-layout-flex\">\n<div class=\"wp-block-column is-layout-flow wp-block-column-is-layout-flow\" style=\"flex-basis:100%\"><div class=\"wp-block-image\">\n<figure class=\"aligncenter size-full is-resized\"><img decoding=\"async\" src=\"https:\/\/marilenepaiva.com\/wp-content\/uploads\/2024\/07\/trattoria-1.png\" alt=\"\" class=\"wp-image-3234\" style=\"width:282px;height:auto\"\/><\/figure>\n<\/div><\/div>\n<\/div>\n\n\n\n<p class=\"has-large-font-size\"><strong>TORREMOFEST<\/strong><\/p>\n\n\n\n<p class=\"has-black-color has-text-color has-link-color has-medium-font-size wp-elements-68f582e086a1c8f31206cca78d851f1f\">&nbsp;Chega pela primeira vez a Mossor\u00f3 trazendo gastronomia, m\u00fasica ao vivo e lazer para toda a fam\u00edlia.<strong>&nbsp;O evento acontecer\u00e1 de 15 a 18 de agosto, das 12h \u00e0s 22h, no estacionamento do Partage Mossor\u00f3, com entrada gratuita.<\/strong> O festival conta com uma estrutura de 4.500 m\u00b2 em uma \u00e1rea ampla e aberta com mesas e cadeiras, palco, \u00e1rea kids sob tendas com barracas proporcionando comodidade para os presentes.<\/p>\n\n\n\n<div class=\"wp-block-columns is-layout-flex wp-container-core-columns-is-layout-9d6595d7 wp-block-columns-is-layout-flex\">\n<div class=\"wp-block-column is-layout-flow wp-block-column-is-layout-flow\" style=\"flex-basis:100%\"><div class=\"wp-block-image\">\n<figure class=\"aligncenter size-full is-resized\"><img decoding=\"async\" src=\"https:\/\/marilenepaiva.com\/wp-content\/uploads\/2024\/07\/22-1.png\" alt=\"\" class=\"wp-image-3235\" style=\"width:258px;height:auto\"\/><\/figure>\n<\/div><\/div>\n<\/div>\n\n\n\n<p class=\"has-large-font-size\"><strong>DOUTORES DA LEI<\/strong><\/p>\n\n\n\n<p class=\"has-black-color has-text-color has-link-color has-medium-font-size wp-elements-77ccfae7059791839f66db286d7ec929\">Amanh\u00e3, dia 11 de agosto \u00e9 o Dia do Advogado. Parabenizo os amigos e amigas do Direito em nome de: Marcos Ara\u00fajo, Dion\u00edsio Melo, Andr\u00e9 Luiz, Welma Menezes, Mythelly Paiva, Ev\u00e2nio Ara\u00fajo, Lena Rocha, Carla Portela, Hudson Paiva Melo, Evans Ara\u00fajo, Samoa, Naerton Soares, Andr\u00e9 Henrique Martins Pinheiro, Lindocastro Nogueira, L\u00e1zaro Paiva Neto, Hanna Diniz, Anna Isabel Cruz, Ana Clarice Arruda, F\u00e1tima Soares e&nbsp; Daniela Rosado. Paz e bem meus amores.<\/p>\n\n\n\n<div class=\"wp-block-columns is-layout-flex wp-container-core-columns-is-layout-9d6595d7 wp-block-columns-is-layout-flex\">\n<div class=\"wp-block-column is-layout-flow wp-block-column-is-layout-flow\" style=\"flex-basis:100%\"><div class=\"wp-block-image\">\n<figure class=\"aligncenter size-full is-resized\"><img decoding=\"async\" src=\"https:\/\/marilenepaiva.com\/wp-content\/uploads\/2024\/07\/Captura-de-tela-2024-02-19-222258-1.png\" alt=\"\" class=\"wp-image-3236\" style=\"width:285px;height:auto\"\/><\/figure>\n<\/div><\/div>\n<\/div>\n\n\n\n<p class=\"has-large-font-size\"><strong>EST\u00c1 BUSCANDO O PRESENTE IDEAL PARA SURPREENDER NESSE DIA DOS PAIS?<\/strong><\/p>\n\n\n\n<p class=\"has-black-color has-text-color has-link-color has-medium-font-size wp-elements-f7468b72f439ba2f754b27662e59fb7a\">Aposte nos kits de O Botic\u00e1rio. Escolhemos os melhores kits de presentes para fazer o dia 12 de agosto de 2024 ser uma data inesquec\u00edvel. E cheirosa. Perfumosa. Os nossos queridinhos: Kits, Malbec, Portinari, Coffee, Zaad, Uomini, Egeo Original e Quasar. J\u00e1 escolhi o do pai dos meus filhos e do sogro. Malbec Icon.<\/p>\n\n\n\n<div class=\"wp-block-columns is-layout-flex wp-container-core-columns-is-layout-9d6595d7 wp-block-columns-is-layout-flex\">\n<div class=\"wp-block-column is-layout-flow wp-block-column-is-layout-flow\" style=\"flex-basis:100%\">\n<figure class=\"wp-block-image size-full\"><img decoding=\"async\" src=\"https:\/\/marilenepaiva.com\/wp-content\/uploads\/2024\/08\/F1-celebrar.jpg\" alt=\"\" class=\"wp-image-3336\"\/><\/figure>\n<\/div>\n<\/div>\n\n\n\n<p><em>Na solenidade de abertura do Congresso Celebrar de Medicina e Odontologia, ao lado do casal anfitri\u00e3o Ney Robson e K\u00e1tia Maia, os amados: cirurgi\u00e3o bucomaxilo facial Jarbas Mariano, empres\u00e1rio Jonas Filho e Roberta Rosado, cardiologista Bernardo Am\u00e9rico Rosado e Betinha, cardiologista Itamar Ribeiro e o Administrador do Hospital Wilson Rosado, Marcos Moura. Foto Emily M\u00eddia<\/em><\/p>\n\n\n\n<div class=\"wp-block-columns is-layout-flex wp-container-core-columns-is-layout-9d6595d7 wp-block-columns-is-layout-flex\">\n<div class=\"wp-block-column is-layout-flow wp-block-column-is-layout-flow\" style=\"flex-basis:100%\">\n<figure class=\"wp-block-image size-full\"><img decoding=\"async\" src=\"https:\/\/marilenepaiva.com\/wp-content\/uploads\/2024\/08\/F2-FATIMA-SOARES-3-1.jpg\" alt=\"\" class=\"wp-image-3337\"\/><\/figure>\n<\/div>\n<\/div>\n\n\n\n<p><em>Todos os vivas para a Magistrada do bem F\u00e1tima Soares e do nosso bem querer pleno, F\u00e1tima Soares que apaga velinhas e ganha os mimos do marido Jo\u00e3o Batista. Deus os aben\u00e7oe. Parab\u00e9ns!<\/em><\/p>\n\n\n\n<div class=\"wp-block-columns is-layout-flex wp-container-core-columns-is-layout-9d6595d7 wp-block-columns-is-layout-flex\">\n<div class=\"wp-block-column is-layout-flow wp-block-column-is-layout-flow\" style=\"flex-basis:100%\">\n<figure class=\"wp-block-image size-full\"><img decoding=\"async\" src=\"https:\/\/marilenepaiva.com\/wp-content\/uploads\/2024\/08\/f3-francisco-carlos-2-1-1.jpg\" alt=\"\" class=\"wp-image-3338\"\/><\/figure>\n<\/div>\n<\/div>\n\n\n\n<p><em>O Vereador professor Francisco Carlos apaga velinhas hoje, ganha os mimos da esposa Geilma Linhares. Sa\u00fade e alegrias.\u00a0 Feliz anivers\u00e1rio meu querido!!!<\/em><\/p>\n\n\n\n<div class=\"wp-block-columns is-layout-flex wp-container-core-columns-is-layout-9d6595d7 wp-block-columns-is-layout-flex\">\n<div class=\"wp-block-column is-layout-flow wp-block-column-is-layout-flow\" style=\"flex-basis:100%\">\n<figure class=\"wp-block-image size-full\"><img decoding=\"async\" src=\"https:\/\/marilenepaiva.com\/wp-content\/uploads\/2024\/08\/f4-socorro-estrela.jpg\" alt=\"\" class=\"wp-image-3339\"\/><\/figure>\n<\/div>\n<\/div>\n\n\n\n<p><em>Cabelos ao vento. Ela sabe viver a vida e agradecer os momentos. Ela me emociona. Pelo carinho e responsabilidade com as nossas crian\u00e7as. \u00c9 uma estrela de primeir\u00edssima grandeza Todos os vivas a aniversariante de hoje, pediatra Socorro Estrela. Tintin!!<\/em><\/p>\n\n\n\n<div class=\"wp-block-columns is-layout-flex wp-container-core-columns-is-layout-9d6595d7 wp-block-columns-is-layout-flex\">\n<div class=\"wp-block-column is-layout-flow wp-block-column-is-layout-flow\" style=\"flex-basis:100%\">\n<figure class=\"wp-block-image size-full\"><img decoding=\"async\" src=\"https:\/\/marilenepaiva.com\/wp-content\/uploads\/2024\/08\/F5-VAGNER-GOMES-LUCIANA-E-JOSE-ALDEMAR-2.jpg\" alt=\"\" class=\"wp-image-3340\"\/><\/figure>\n<\/div>\n<\/div>\n\n\n\n<p><em>Todos os vivas para o querido Wagner Gomes, que prepara a melhor galinha com pir\u00e3o do planeta. Ganha bolo confeitado da esposa Luciana Pinheiro e do filho Jos\u00e9 Aldemar. Parab\u00e9ns, sa\u00fade e paz.<\/em><\/p>\n","protected":false},"excerpt":{"rendered":"<p>BELZINHO DE A\u00c7\u00daCAR Pra te encontrar&#8230;Eu dou a volta no seu mundo&#8230;Eu pulo seu muro. Sim&#8230;chegou o dia 10 de agosto. Hoje tem show com o baiano maravilhoso Bel Marques fechando com chave de ouro&nbsp; o Congresso Celebrar. No Thermas Hall com a superestrutura da CYM by Thiego Casado. Alex do Acordeon abre a festa. [&hellip;]<\/p>\n","protected":false},"author":1,"featured_media":0,"comment_status":"open","ping_status":"open","sticky":true,"template":"","format":"standard","meta":{"footnotes":""},"categories":[3],"tags":[],"class_list":["post-3335","post","type-post","status-publish","format-standard","hentry","category-colunas"],"_links":{"self":[{"href":"https:\/\/marilenepaiva.com\/index.php?rest_route=\/wp\/v2\/posts\/3335","targetHints":{"allow":["GET"]}}],"collection":[{"href":"https:\/\/marilenepaiva.com\/index.php?rest_route=\/wp\/v2\/posts"}],"about":[{"href":"https:\/\/marilenepaiva.com\/index.php?rest_route=\/wp\/v2\/types\/post"}],"author":[{"embeddable":true,"href":"https:\/\/marilenepaiva.com\/index.php?rest_route=\/wp\/v2\/users\/1"}],"replies":[{"embeddable":true,"href":"https:\/\/marilenepaiva.com\/index.php?rest_route=%2Fwp%2Fv2%2Fcomments&post=3335"}],"version-history":[{"count":1,"href":"https:\/\/marilenepaiva.com\/index.php?rest_route=\/wp\/v2\/posts\/3335\/revisions"}],"predecessor-version":[{"id":3341,"href":"https:\/\/marilenepaiva.com\/index.php?rest_route=\/wp\/v2\/posts\/3335\/revisions\/3341"}],"wp:attachment":[{"href":"https:\/\/marilenepaiva.com\/index.php?rest_route=%2Fwp%2Fv2%2Fmedia&parent=3335"}],"wp:term":[{"taxonomy":"category","embeddable":true,"href":"https:\/\/marilenepaiva.com\/index.php?rest_route=%2Fwp%2Fv2%2Fcategories&post=3335"},{"taxonomy":"post_tag","embeddable":true,"href":"https:\/\/marilenepaiva.com\/index.php?rest_route=%2Fwp%2Fv2%2Ftags&post=3335"}],"curies":[{"name":"wp","href":"https:\/\/api.w.org\/{rel}","templated":true}]}}