{"id":3342,"date":"2024-08-12T23:20:03","date_gmt":"2024-08-12T23:20:03","guid":{"rendered":"https:\/\/marilenepaiva.com\/?p=3342"},"modified":"2024-08-12T23:22:20","modified_gmt":"2024-08-12T23:22:20","slug":"gente-de-fato-12-de-agosto-de-2024","status":"publish","type":"post","link":"https:\/\/marilenepaiva.com\/?p=3342","title":{"rendered":"GENTE DE FATO 13 DE AGOSTO DE 2024"},"content":{"rendered":"\n<p class=\"has-large-font-size\"><strong>ALECRIM DOURADO<\/strong><\/p>\n\n\n\n<p class=\"has-black-color has-text-color has-link-color has-medium-font-size wp-elements-bd5d8695a54b64452212a6d68b4305c2\">\u201cAssim, o respeito pelo outro \u00e9 fundamental para uma conviv\u00eancia \u00e9tica. O eu do outro \u00e9 diferente do meu eu. Somos diferentes. Todos n\u00f3s temos uma hist\u00f3ria, tivemos uma forma\u00e7\u00e3o espec\u00edfica e, assim, somos convidados a conviver de maneira espec\u00edfica, procurando respeitar e sermos respeitados.\u201d (Minutos de Reflex\u00e3o, p\u00e1g. 10)<\/p>\n\n\n\n<div class=\"wp-block-columns is-layout-flex wp-container-core-columns-is-layout-9d6595d7 wp-block-columns-is-layout-flex\">\n<div class=\"wp-block-column is-layout-flow wp-block-column-is-layout-flow\" style=\"flex-basis:100%\"><div class=\"wp-block-image\">\n<figure class=\"aligncenter size-full is-resized\"><img decoding=\"async\" src=\"https:\/\/marilenepaiva.com\/wp-content\/uploads\/2024\/07\/iate-1.jpg\" alt=\"\" class=\"wp-image-3230\" style=\"width:424px;height:auto\"\/><\/figure>\n<\/div><\/div>\n<\/div>\n\n\n\n<p class=\"has-large-font-size\"><strong>BELL MY LOVE<\/strong><\/p>\n\n\n\n<p class=\"has-black-color has-text-color has-link-color has-medium-font-size wp-elements-91fc7f562e40cfa8d8ba2aec585a7c12\">Por que eu gosto tanto de Bell Marques? Andaram me perguntando &#8230; Vamos l\u00e1. N\u00f3s gostamos de pessoas que nos fazem bem. Ponto primeiro. Ser tiete do Chiclete com Banana, em tempos idos, era um fato bem natural para as meninas da minha idade. Sou casada h\u00e1 mais de tr\u00eas d\u00e9cadas com o Engenheiro Charles Paiva, que por muitos anos foi \u201co cara da mesa de som\u2019, dos trios el\u00e9tricos Lazar\u00e3o. Vivenciei momentos felizes em cima do trio. Ora no Carnatal, ora no Fortal e nos carnavais da vida. E Bell sempre foi o \u00edcone desse barulho todo. Ponto segundo. E tem mais&#8230;\u00e9 um m\u00fasico generoso. Admiro a sua garra, aos 71 anos, com uma agenda super cheia, toca, canta e encanta segurando o show inteiro s\u00f3 com a sua voz e sua banda maravilhosa. E tem carisma. E a gente segue amando e desejando que sua carreira seja longa e feliz. Ponto final.<\/p>\n\n\n\n<div class=\"wp-block-columns is-layout-flex wp-container-core-columns-is-layout-9d6595d7 wp-block-columns-is-layout-flex\">\n<div class=\"wp-block-column is-layout-flow wp-block-column-is-layout-flow\" style=\"flex-basis:100%\"><div class=\"wp-block-image\">\n<figure class=\"aligncenter size-large is-resized\"><img decoding=\"async\" src=\"https:\/\/marilenepaiva.com\/wp-content\/uploads\/2024\/07\/Imagem-do-WhatsApp-de-2024-04-04-as-08.53.06_7c569f46-1-1024x241.jpg\" alt=\"\" class=\"wp-image-3231\" style=\"width:433px;height:auto\"\/><\/figure>\n<\/div><\/div>\n<\/div>\n\n\n\n<p class=\"has-large-font-size\"><strong>UNICAT\u00d3LICA DO RIO GRANDE DO NORTE<\/strong><\/p>\n\n\n\n<p class=\"has-black-color has-text-color has-link-color has-medium-font-size wp-elements-3f8b6655e500a9b6999269188c31c66e\">A UniCat\u00f3lica do Rio Grande do Norte est\u00e1 entusiasmada em anunciar a autoriza\u00e7\u00e3o do novo curso de Enfermagem pelo Minist\u00e9rio da Educa\u00e7\u00e3o (MEC) com nota m\u00e1xima. Com in\u00edcio previsto para o semestre 2024.2, o curso j\u00e1 est\u00e1 com vagas abertas, destacando-se como uma das melhores op\u00e7\u00f5es de forma\u00e7\u00e3o na \u00e1rea da sa\u00fade no estado. Desde sua funda\u00e7\u00e3o como Faculdade Diocesana de Mossor\u00f3, a institui\u00e7\u00e3o tem se dedicado a oferecer um ensino superior de qualidade. Salve o Magn\u00edfico Reitor Padre Charles Lamartine. Salve a mem\u00f3ria do GRANDE educador Padre S\u00e1tiro Cavalcante Dantas!<\/p>\n\n\n\n<div class=\"wp-block-columns is-layout-flex wp-container-core-columns-is-layout-9d6595d7 wp-block-columns-is-layout-flex\">\n<div class=\"wp-block-column is-layout-flow wp-block-column-is-layout-flow\" style=\"flex-basis:100%\"><div class=\"wp-block-image\">\n<figure class=\"aligncenter size-full is-resized\"><img decoding=\"async\" src=\"https:\/\/marilenepaiva.com\/wp-content\/uploads\/2024\/07\/royalface-1.jpg\" alt=\"\" class=\"wp-image-3232\" style=\"width:310px;height:auto\"\/><\/figure>\n<\/div><\/div>\n<\/div>\n\n\n\n<p class=\"has-large-font-size\"><strong>CHAMPANHE NO GELO<\/strong><\/p>\n\n\n\n<p class=\"has-black-color has-text-color has-link-color has-medium-font-size wp-elements-c909042e2a3ed44a9d9752c9e1a9ba10\">Apagam velinhas hoje: Jos\u00e9 Mairton Figueiredo de Fran\u00e7a, Ana Raquel Pinto Lima, Saulo Vin\u00edcius Galdino de Souza, Br\u00e1ulia Pedrosa Rocha, Jo\u00e3o Victor Mariano, Marlini Rosado, Jorge Luiz Lima e Florina Esc\u00f3ssia. Parab\u00e9ns!<\/p>\n\n\n\n<div class=\"wp-block-columns is-layout-flex wp-container-core-columns-is-layout-9d6595d7 wp-block-columns-is-layout-flex\">\n<div class=\"wp-block-column is-layout-flow wp-block-column-is-layout-flow\" style=\"flex-basis:100%\"><div class=\"wp-block-image\">\n<figure class=\"aligncenter size-full is-resized\"><img decoding=\"async\" src=\"https:\/\/marilenepaiva.com\/wp-content\/uploads\/2024\/07\/serraboi-1.png\" alt=\"\" class=\"wp-image-3233\" style=\"width:346px;height:auto\"\/><\/figure>\n<\/div><\/div>\n<\/div>\n\n\n\n<p class=\"has-large-font-size\"><strong>SANTA CLARA CLAREOU!<\/strong><\/p>\n\n\n\n<p class=\"has-black-color has-text-color has-link-color has-medium-font-size wp-elements-819bbec41890c9155a1bcc3629527df3\">O Mosteiro Fraternidade completou 25 anos. A festa de Santa Clara encerrou com a missa solene, no \u00faltimo dia 11.O nosso Bispo Diocesano Dom Francisco de Sales celebrou ao lado do padre Demetrio&nbsp; . A Comunidade Dom Jaime C\u00e2mara saudou sua padroeira, que percorreu suas ruas em carro aberto. Das autoridades pol\u00edticas presentes. A TCM e a TV Cidade do Oeste transmitiram a Festa de Santa Clara.<\/p>\n\n\n\n<div class=\"wp-block-columns is-layout-flex wp-container-core-columns-is-layout-9d6595d7 wp-block-columns-is-layout-flex\">\n<div class=\"wp-block-column is-layout-flow wp-block-column-is-layout-flow\" style=\"flex-basis:100%\"><div class=\"wp-block-image\">\n<figure class=\"aligncenter size-full is-resized\"><img decoding=\"async\" src=\"https:\/\/marilenepaiva.com\/wp-content\/uploads\/2024\/07\/trattoria-1.png\" alt=\"\" class=\"wp-image-3234\" style=\"width:302px;height:auto\"\/><\/figure>\n<\/div><\/div>\n<\/div>\n\n\n\n<p class=\"has-large-font-size\"><strong>SAMM<\/strong><\/p>\n\n\n\n<p class=\"has-black-color has-text-color has-link-color has-medium-font-size wp-elements-8d6a5a17b1db002959b02648ee11178c\">O Grupo HGK, entre outros projetos e apresenta\u00e7\u00f5es, realiza o maior Festival de Cultura Pop do Oeste Potiguar conhecido como SAMM (Sociedade de Anime e Mang\u00e1 de Mossor\u00f3). O Festival ser\u00e1 realizado nas \u00e1reas de lazer e eventos do Hotel Villa Oeste no dia 17 de agosto, das 13h \u00e0s 20h.&nbsp;Nesta proposta o Festival apresenta diversos segmentos da cultura pop tais como cinema, s\u00e9ries, jogos eletr\u00f4nicos, jogos l\u00fadicos, anima\u00e7\u00f5es, hist\u00f3rias em quadrinhos, m\u00fasica, dan\u00e7a e diversas outras \u00e1reas ligadas ao entretenimento.<\/p>\n\n\n\n<div class=\"wp-block-columns is-layout-flex wp-container-core-columns-is-layout-9d6595d7 wp-block-columns-is-layout-flex\">\n<div class=\"wp-block-column is-layout-flow wp-block-column-is-layout-flow\" style=\"flex-basis:100%\"><div class=\"wp-block-image\">\n<figure class=\"aligncenter size-full is-resized\"><img decoding=\"async\" src=\"https:\/\/marilenepaiva.com\/wp-content\/uploads\/2024\/07\/Captura-de-tela-2024-02-19-222258-1.png\" alt=\"\" class=\"wp-image-3236\" style=\"width:301px;height:auto\"\/><\/figure>\n<\/div><\/div>\n<\/div>\n\n\n\n<div class=\"wp-block-columns is-layout-flex wp-container-core-columns-is-layout-9d6595d7 wp-block-columns-is-layout-flex\">\n<div class=\"wp-block-column is-layout-flow wp-block-column-is-layout-flow\" style=\"flex-basis:100%\"><div class=\"wp-block-image\">\n<figure class=\"aligncenter size-full is-resized\"><img decoding=\"async\" src=\"https:\/\/marilenepaiva.com\/wp-content\/uploads\/2024\/07\/22-1.png\" alt=\"\" class=\"wp-image-3235\" style=\"width:304px;height:auto\"\/><\/figure>\n<\/div><\/div>\n<\/div>\n\n\n\n<p><\/p>\n\n\n\n<div class=\"wp-block-columns is-layout-flex wp-container-core-columns-is-layout-9d6595d7 wp-block-columns-is-layout-flex\">\n<div class=\"wp-block-column is-layout-flow wp-block-column-is-layout-flow\" style=\"flex-basis:100%\">\n<div class=\"wp-block-columns is-layout-flex wp-container-core-columns-is-layout-9d6595d7 wp-block-columns-is-layout-flex\">\n<div class=\"wp-block-column is-layout-flow wp-block-column-is-layout-flow\" style=\"flex-basis:100%\">\n<figure class=\"wp-block-image size-large\"><img decoding=\"async\" src=\"https:\/\/marilenepaiva.com\/wp-content\/uploads\/2024\/08\/F1-YASMINE-E-RAI-1-1024x735.jpg\" alt=\"\" class=\"wp-image-3347\"\/><\/figure>\n<\/div>\n<\/div>\n<\/div>\n<\/div>\n\n\n\n<p><em>A bela Yasminne Menezes, musa absoluta do cantor Ra\u00ed Soares, Ra\u00ed do Saia Rodada, iniciou a semana ganhando sess\u00e3o bolo confeitado dos filhos Francisco Neto e Ryan Soares. Parab\u00e9ns, sa\u00fade, felicidades e alegrias!<\/em><\/p>\n\n\n\n<div class=\"wp-block-columns is-layout-flex wp-container-core-columns-is-layout-9d6595d7 wp-block-columns-is-layout-flex\">\n<div class=\"wp-block-column is-layout-flow wp-block-column-is-layout-flow\" style=\"flex-basis:100%\">\n<figure class=\"wp-block-image size-large\"><img decoding=\"async\" src=\"https:\/\/marilenepaiva.com\/wp-content\/uploads\/2024\/08\/F2-ZULAILDE-ANINHA-LEILENE-1-868x1024.jpg\" alt=\"\" class=\"wp-image-3346\"\/><\/figure>\n<\/div>\n<\/div>\n\n\n\n<p><em>No camarote vip\u00edssimo do Thermas Hall, curtindo o show de Bell Marques as amadas Zulailde Gadelha, Aninha Fagundes, Mariana Conrado e Leilene Carolino.<\/em><\/p>\n\n\n\n<div class=\"wp-block-columns is-layout-flex wp-container-core-columns-is-layout-9d6595d7 wp-block-columns-is-layout-flex\">\n<div class=\"wp-block-column is-layout-flow wp-block-column-is-layout-flow\" style=\"flex-basis:100%\"><\/div>\n<\/div>\n\n\n\n<div class=\"wp-block-columns is-layout-flex wp-container-core-columns-is-layout-9d6595d7 wp-block-columns-is-layout-flex\">\n<div class=\"wp-block-column is-layout-flow wp-block-column-is-layout-flow\" style=\"flex-basis:100%\">\n<figure class=\"wp-block-image size-full\"><img decoding=\"async\" src=\"https:\/\/marilenepaiva.com\/wp-content\/uploads\/2024\/08\/f3-eu-e-bel.jpg\" alt=\"\" class=\"wp-image-3348\"\/><\/figure>\n<\/div>\n<\/div>\n\n\n\n<p><em>Eu digo que valeu. Sempre vale a pena encontrar, ouvir e dan\u00e7ar com Belzinho de A\u00e7\u00facar. Obrigada meu querido, voc\u00ea entregou tudo no show de encerramento do Congresso Celebrar, o Bell Marques Premium!<\/em><\/p>\n\n\n\n<div class=\"wp-block-columns is-layout-flex wp-container-core-columns-is-layout-9d6595d7 wp-block-columns-is-layout-flex\">\n<div class=\"wp-block-column is-layout-flow wp-block-column-is-layout-flow\" style=\"flex-basis:100%\">\n<figure class=\"wp-block-image size-full\"><img decoding=\"async\" src=\"https:\/\/marilenepaiva.com\/wp-content\/uploads\/2024\/08\/F-4-MAIRTON-silvio-1.jpg\" alt=\"\" class=\"wp-image-3349\"\/><\/figure>\n<\/div>\n<\/div>\n\n\n\n<p><em>O todo bacana Doutor Mairton Fran\u00e7a apaga velinhas hoje\u00a0 e ganha mimos de Silvio Freire e da amiga Uyliana Lima. Parab\u00e9ns amado. Cheers!<\/em><\/p>\n\n\n\n<div class=\"wp-block-columns is-layout-flex wp-container-core-columns-is-layout-9d6595d7 wp-block-columns-is-layout-flex\">\n<div class=\"wp-block-column is-layout-flow wp-block-column-is-layout-flow\" style=\"flex-basis:100%\">\n<figure class=\"wp-block-image size-full\"><img decoding=\"async\" src=\"https:\/\/marilenepaiva.com\/wp-content\/uploads\/2024\/08\/F5-LORNAYATAMURAPASCALLE-E-RENAN.jpg\" alt=\"\" class=\"wp-image-3350\"\/><\/figure>\n<\/div>\n<\/div>\n\n\n\n<p><em>Antecipamos os votos de feliz anivers\u00e1rio para Yatamura Falc\u00e3o, uma das tantas queridas que apagam velinhas na quinta, dia 15. Mura ganha bolo confeitado dos filhos Renan, Pascalle e Lorna Falc\u00e3o. Sa\u00fade e paz.<\/em><\/p>\n\n\n\n<div class=\"wp-block-columns is-layout-flex wp-container-core-columns-is-layout-9d6595d7 wp-block-columns-is-layout-flex\">\n<div class=\"wp-block-column is-layout-flow wp-block-column-is-layout-flow\" style=\"flex-basis:100%\">\n<figure class=\"wp-block-image size-full\"><img decoding=\"async\" src=\"https:\/\/marilenepaiva.com\/wp-content\/uploads\/2024\/08\/F6-DELMIRA-E-JOSAFA-1-4.jpg\" alt=\"\" class=\"wp-image-3351\"\/><\/figure>\n<\/div>\n<\/div>\n\n\n\n<p><em>A esposa muito amada do professor Josaf\u00e1 In\u00e1cio, Delmira Costa, abriu a semana celebrando idade nova. Sa\u00fade e paz.<\/em><\/p>\n","protected":false},"excerpt":{"rendered":"<p>ALECRIM DOURADO \u201cAssim, o respeito pelo outro \u00e9 fundamental para uma conviv\u00eancia \u00e9tica. O eu do outro \u00e9 diferente do meu eu. Somos diferentes. Todos n\u00f3s temos uma hist\u00f3ria, tivemos uma forma\u00e7\u00e3o espec\u00edfica e, assim, somos convidados a conviver de maneira espec\u00edfica, procurando respeitar e sermos respeitados.\u201d (Minutos de Reflex\u00e3o, p\u00e1g. 10) BELL MY LOVE [&hellip;]<\/p>\n","protected":false},"author":1,"featured_media":0,"comment_status":"open","ping_status":"open","sticky":true,"template":"","format":"standard","meta":{"footnotes":""},"categories":[3],"tags":[],"class_list":["post-3342","post","type-post","status-publish","format-standard","hentry","category-colunas"],"_links":{"self":[{"href":"https:\/\/marilenepaiva.com\/index.php?rest_route=\/wp\/v2\/posts\/3342","targetHints":{"allow":["GET"]}}],"collection":[{"href":"https:\/\/marilenepaiva.com\/index.php?rest_route=\/wp\/v2\/posts"}],"about":[{"href":"https:\/\/marilenepaiva.com\/index.php?rest_route=\/wp\/v2\/types\/post"}],"author":[{"embeddable":true,"href":"https:\/\/marilenepaiva.com\/index.php?rest_route=\/wp\/v2\/users\/1"}],"replies":[{"embeddable":true,"href":"https:\/\/marilenepaiva.com\/index.php?rest_route=%2Fwp%2Fv2%2Fcomments&post=3342"}],"version-history":[{"count":2,"href":"https:\/\/marilenepaiva.com\/index.php?rest_route=\/wp\/v2\/posts\/3342\/revisions"}],"predecessor-version":[{"id":3353,"href":"https:\/\/marilenepaiva.com\/index.php?rest_route=\/wp\/v2\/posts\/3342\/revisions\/3353"}],"wp:attachment":[{"href":"https:\/\/marilenepaiva.com\/index.php?rest_route=%2Fwp%2Fv2%2Fmedia&parent=3342"}],"wp:term":[{"taxonomy":"category","embeddable":true,"href":"https:\/\/marilenepaiva.com\/index.php?rest_route=%2Fwp%2Fv2%2Fcategories&post=3342"},{"taxonomy":"post_tag","embeddable":true,"href":"https:\/\/marilenepaiva.com\/index.php?rest_route=%2Fwp%2Fv2%2Ftags&post=3342"}],"curies":[{"name":"wp","href":"https:\/\/api.w.org\/{rel}","templated":true}]}}