{"id":3354,"date":"2024-08-13T18:35:39","date_gmt":"2024-08-13T18:35:39","guid":{"rendered":"https:\/\/marilenepaiva.com\/?p=3354"},"modified":"2024-08-13T18:35:40","modified_gmt":"2024-08-13T18:35:40","slug":"gente-de-fato-14-de-agosto-de-2024","status":"publish","type":"post","link":"https:\/\/marilenepaiva.com\/?p=3354","title":{"rendered":"GENTE DE FATO 14 DE AGOSTO DE 2024"},"content":{"rendered":"\n<p class=\"has-large-font-size\"><strong>PAPAR &amp; PAPEAR<\/strong><\/p>\n\n\n\n<p class=\"has-black-color has-text-color has-link-color has-medium-font-size wp-elements-d9610e9b8215e0ad47b0f3e97621e405\">Do chef Lourival J\u00fanior chega o convite para participarmos do lan\u00e7amento do novo card\u00e1pio e nova carta de vinhos do Restaurante Papar &amp; Papear, na Serra de S\u00e3o Miguel. Dia 17, \u00e0s 19h. Na ocasi\u00e3o, Gilvan Passos, Consultor Internacional de Vinhos apresentar\u00e1 r\u00f3tulos selecionados da Adega Degustare.<\/p>\n\n\n\n<div class=\"wp-block-columns is-layout-flex wp-container-core-columns-is-layout-9d6595d7 wp-block-columns-is-layout-flex\">\n<div class=\"wp-block-column is-layout-flow wp-block-column-is-layout-flow\" style=\"flex-basis:100%\"><div class=\"wp-block-image\">\n<figure class=\"aligncenter size-large is-resized\"><img decoding=\"async\" src=\"https:\/\/marilenepaiva.com\/wp-content\/uploads\/2024\/08\/Imagem-do-WhatsApp-de-2024-04-04-as-08.53.06_7c569f46-1024x241.jpg\" alt=\"\" class=\"wp-image-3358\" style=\"width:501px;height:auto\"\/><\/figure>\n<\/div><\/div>\n<\/div>\n\n\n\n<p class=\"has-large-font-size\"><strong>REDE SEM FRONTEIRAS<\/strong><\/p>\n\n\n\n<p class=\"has-black-color has-text-color has-link-color has-medium-font-size wp-elements-b5e96e169eda64faf90b16221e490b1e\">A Rede Sem Fronteiras, com sede em Lisboa, e a Academia de Ci\u00eancias J\u00faridicas e Sociais de Mossor\u00f3 convidam para a Conven\u00e7\u00e3o Internacional Cultural, dia 20 de agosto, \u00e0s 19h, no audit\u00f3rio da Unicat\u00f3lica do Rio Grande do Norte. Participa\u00e7\u00e3o especial do Grupo Incanto e da Casa do Piano. Vamos sim!<\/p>\n\n\n\n<div class=\"wp-block-columns is-layout-flex wp-container-core-columns-is-layout-9d6595d7 wp-block-columns-is-layout-flex\">\n<div class=\"wp-block-column is-layout-flow wp-block-column-is-layout-flow\" style=\"flex-basis:100%\"><div class=\"wp-block-image\">\n<figure class=\"aligncenter size-full is-resized\"><img decoding=\"async\" src=\"https:\/\/marilenepaiva.com\/wp-content\/uploads\/2024\/08\/royalface.jpg\" alt=\"\" class=\"wp-image-3359\" style=\"width:296px;height:auto\"\/><\/figure>\n<\/div><\/div>\n<\/div>\n\n\n\n<p class=\"has-large-font-size\"><strong>\u00a0PARAB\u00c9NS PARA VOC\u00caS<\/strong><\/p>\n\n\n\n<p class=\"has-black-color has-text-color has-link-color has-medium-font-size wp-elements-c15e9eb8ab0cec74fc4e3aea77c94e1a\">Todos os vivas para os aniversariantes de hoje: Gilberto Loia, Keliane Aline, Norma Azevedo, Segundo Gurgel, Sheila Oliveira, Tamires Caroline, M\u00f4nica Andressa, Elizandra Carlos, Gracinha R\u00eago e Glenda Negreiros. E, amanh\u00e3, domingo 15, dividem o bolo conosco: F\u00e1tima Carlos, Jos\u00e9 Walter Fonseca, Jo\u00e3o Alfredo Brasil, Ivonz\u00e9lito&nbsp; Leite Nunes, Yasmim Santos, Jos\u00e9 Maltez Benjamin, Minerva Martins, Iatamura Falc\u00e3o, Lenilce Fernandes Moreira, Ana Claudia Esc\u00f3rcio, Yasmin Santos, Carlos Galdino de Souza Junior, Maria Salete Fernandes Queiroz, Lurdes Bernadete Falc\u00e3o, Regina Celly Assis de Melo Nogueira, Georgia Valdes, W\u00eania Fernanda Brasil, Anne Shirley Freire, Soraya Diniz, Andr\u00e9 Melo, Socorro Goes, Janilce da Silva Falc\u00e3o, Wagner Aquino e Priscila Da Costa Oliveira. Harmonia, sa\u00fade, paz e muito sucesso meus amores!<\/p>\n\n\n\n<div class=\"wp-block-columns is-layout-flex wp-container-core-columns-is-layout-9d6595d7 wp-block-columns-is-layout-flex\">\n<div class=\"wp-block-column is-layout-flow wp-block-column-is-layout-flow\" style=\"flex-basis:100%\"><div class=\"wp-block-image\">\n<figure class=\"aligncenter size-full is-resized\"><img decoding=\"async\" src=\"https:\/\/marilenepaiva.com\/wp-content\/uploads\/2024\/08\/iate.jpg\" alt=\"\" class=\"wp-image-3357\" style=\"width:434px;height:auto\"\/><\/figure>\n<\/div><\/div>\n<\/div>\n\n\n\n<p><\/p>\n\n\n\n<figure class=\"wp-block-gallery has-nested-images columns-2 is-cropped wp-block-gallery-1 is-layout-flex wp-block-gallery-is-layout-flex\">\n<figure class=\"wp-block-image size-large\"><img decoding=\"async\" data-id=\"3361\" src=\"https:\/\/marilenepaiva.com\/wp-content\/uploads\/2024\/08\/trattoria.png\" alt=\"\" class=\"wp-image-3361\"\/><\/figure>\n\n\n\n<figure class=\"wp-block-image size-large\"><img decoding=\"async\" data-id=\"3360\" src=\"https:\/\/marilenepaiva.com\/wp-content\/uploads\/2024\/08\/serraboi.png\" alt=\"\" class=\"wp-image-3360\"\/><\/figure>\n\n\n\n<figure class=\"wp-block-image size-large\"><img decoding=\"async\" data-id=\"3356\" src=\"https:\/\/marilenepaiva.com\/wp-content\/uploads\/2024\/08\/Captura-de-tela-2024-02-19-222258.png\" alt=\"\" class=\"wp-image-3356\"\/><\/figure>\n\n\n\n<figure class=\"wp-block-image size-large\"><img decoding=\"async\" data-id=\"3355\" src=\"https:\/\/marilenepaiva.com\/wp-content\/uploads\/2024\/08\/22.png\" alt=\"\" class=\"wp-image-3355\"\/><\/figure>\n<\/figure>\n\n\n\n<p><\/p>\n\n\n\n<div class=\"wp-block-columns is-layout-flex wp-container-core-columns-is-layout-9d6595d7 wp-block-columns-is-layout-flex\">\n<div class=\"wp-block-column is-layout-flow wp-block-column-is-layout-flow\" style=\"flex-basis:100%\">\n<figure class=\"wp-block-image size-full\"><img decoding=\"async\" src=\"https:\/\/marilenepaiva.com\/wp-content\/uploads\/2024\/08\/f1-glenda-tinho-e-filhos.jpg\" alt=\"\" class=\"wp-image-3362\"\/><\/figure>\n<\/div>\n<\/div>\n\n\n\n<p><em>A toda querida Glenda Negreiros celebra hoje idade nova. Ganha mimos do marid\u00e3o Toinho Pit\u00e9u e de seus filhos, filha, noras e neto amados. Desejamos o melhor que houver nessa vida. Parab\u00e9ns!<\/em><\/p>\n\n\n\n<div class=\"wp-block-columns is-layout-flex wp-container-core-columns-is-layout-9d6595d7 wp-block-columns-is-layout-flex\">\n<div class=\"wp-block-column is-layout-flow wp-block-column-is-layout-flow\" style=\"flex-basis:100%\">\n<figure class=\"wp-block-image size-large\"><img decoding=\"async\" src=\"https:\/\/marilenepaiva.com\/wp-content\/uploads\/2024\/08\/F2-FATIMA-727x1024.jpg\" alt=\"\" class=\"wp-image-3363\"\/><\/figure>\n<\/div>\n<\/div>\n\n\n\n<p><em>Amanh\u00e3 \u00e9 dia 15 de agosto, dia da Assun\u00e7\u00e3o de Nossa Senhora. Dia de cantar parab\u00e9ns para a muito amada estilista potiguar F\u00e1tima Carlos. Ganha o dia inteirinho de mimos do marido Evandro Barbosa, filhos e familiares. Tintin!<\/em><\/p>\n\n\n\n<div class=\"wp-block-columns is-layout-flex wp-container-core-columns-is-layout-9d6595d7 wp-block-columns-is-layout-flex\">\n<div class=\"wp-block-column is-layout-flow wp-block-column-is-layout-flow\" style=\"flex-basis:100%\">\n<figure class=\"wp-block-image size-large\"><img decoding=\"async\" src=\"https:\/\/marilenepaiva.com\/wp-content\/uploads\/2024\/08\/F3-Jose-Maltez-e-Antonio-Maltez-Benjamim-2-1024x817.jpg\" alt=\"\" class=\"wp-image-3364\"\/><\/figure>\n<\/div>\n<\/div>\n\n\n\n<p><em>Al\u00e9m de lindo, inteligente e muito querido, o aniversariante de amanh\u00e3 15, Jos\u00e9 Maltez Benjamim, divide o amor pela oftalmologia com o irm\u00e3o Ant\u00f4nio Malt\u00eaz. Parab\u00e9ns!<\/em><\/p>\n\n\n\n<div class=\"wp-block-columns is-layout-flex wp-container-core-columns-is-layout-9d6595d7 wp-block-columns-is-layout-flex\">\n<div class=\"wp-block-column is-layout-flow wp-block-column-is-layout-flow\" style=\"flex-basis:100%\">\n<figure class=\"wp-block-image size-full\"><img decoding=\"async\" src=\"https:\/\/marilenepaiva.com\/wp-content\/uploads\/2024\/08\/F4-Walter-Fonseca-1.jpg\" alt=\"\" class=\"wp-image-3365\"\/><\/figure>\n<\/div>\n<\/div>\n\n\n\n<p><em>O meu eterno Magn\u00edfico, Walter Fonseca, festeja mais um ano de vida neste festivo dia 15. Renovamos os votos de felicidades, sa\u00fade e muito amor em sua vida, querido amigo!<\/em><\/p>\n\n\n\n<div class=\"wp-block-columns is-layout-flex wp-container-core-columns-is-layout-9d6595d7 wp-block-columns-is-layout-flex\">\n<div class=\"wp-block-column is-layout-flow wp-block-column-is-layout-flow\" style=\"flex-basis:100%\">\n<figure class=\"wp-block-image size-full\"><img decoding=\"async\" src=\"https:\/\/marilenepaiva.com\/wp-content\/uploads\/2024\/08\/F5-BEBETE-FALCAO-2.jpg\" alt=\"\" class=\"wp-image-3366\"\/><\/figure>\n<\/div>\n<\/div>\n\n\n\n<p><em>Mais uma leonina bacana que celebra idade nova dia 15, a contadora Bebete Falc\u00e3o que ganha mimos do marido Reginaldo. Feliz anivers\u00e1rio!<\/em><\/p>\n\n\n\n<div class=\"wp-block-columns is-layout-flex wp-container-core-columns-is-layout-9d6595d7 wp-block-columns-is-layout-flex\">\n<div class=\"wp-block-column is-layout-flow wp-block-column-is-layout-flow\" style=\"flex-basis:100%\">\n<figure class=\"wp-block-image size-large\"><img decoding=\"async\" src=\"https:\/\/marilenepaiva.com\/wp-content\/uploads\/2024\/08\/f6-yasminyanegui-e-otavio-1-943x1024.jpg\" alt=\"\" class=\"wp-image-3367\"\/><\/figure>\n<\/div>\n<\/div>\n\n\n\n<p><em>Ela \u00e9 a princesinha de Ot\u00e1vio Domingos e Aguida Yanne. Irm\u00e3 de Guilherme. Neta de Edvaldo e Glorinha Santos. Ganha bolo confeitado amanh\u00e3, 15. Parab\u00e9ns, Miss Yasmin!<\/em><\/p>\n\n\n\n<div class=\"wp-block-columns is-layout-flex wp-container-core-columns-is-layout-9d6595d7 wp-block-columns-is-layout-flex\">\n<div class=\"wp-block-column is-layout-flow wp-block-column-is-layout-flow\" style=\"flex-basis:100%\">\n<figure class=\"wp-block-image size-large\"><img decoding=\"async\" src=\"https:\/\/marilenepaiva.com\/wp-content\/uploads\/2024\/08\/F7-zileneclaudinhaceicao-720x1024.jpg\" alt=\"\" class=\"wp-image-3368\"\/><\/figure>\n<\/div>\n<\/div>\n\n\n\n<p><em>Do meu cora\u00e7\u00e3o, curtindo o Bell Marques Premium no Thermas Hall: casal Dias Filho com Claudinha Vieira e as elegant\u00e9rrimas Zilene Medeiros e Cei\u00e7\u00e3o Souza. Salve simpatias!<\/em><\/p>\n\n\n\n<div class=\"wp-block-columns is-layout-flex wp-container-core-columns-is-layout-9d6595d7 wp-block-columns-is-layout-flex\">\n<div class=\"wp-block-column is-layout-flow wp-block-column-is-layout-flow\" style=\"flex-basis:100%\">\n<figure class=\"wp-block-image size-large\"><img decoding=\"async\" src=\"https:\/\/marilenepaiva.com\/wp-content\/uploads\/2024\/08\/F8-minerva-martins-1-1-660x1024.jpg\" alt=\"\" class=\"wp-image-3369\"\/><\/figure>\n<\/div>\n<\/div>\n\n\n\n<p><em>A professora Minerva Martins \u00e9 como vinho, o tempo passa e ela vai ficando cada vez melhor. Um abra\u00e7o antecipado de anivers\u00e1rio amiga, amanh\u00e3 15, hoje e sempre. Digo e repito. Felicidades!<\/em><\/p>\n\n\n\n<div class=\"wp-block-columns is-layout-flex wp-container-core-columns-is-layout-9d6595d7 wp-block-columns-is-layout-flex\">\n<div class=\"wp-block-column is-layout-flow wp-block-column-is-layout-flow\" style=\"flex-basis:100%\">\n<figure class=\"wp-block-image size-full\"><img decoding=\"async\" src=\"https:\/\/marilenepaiva.com\/wp-content\/uploads\/2024\/08\/F9-WAGNER-AQUINO-1.jpg\" alt=\"\" class=\"wp-image-3370\"\/><\/figure>\n<\/div>\n<\/div>\n\n\n\n<p><em>O empres\u00e1rio\u00a0\u00a0 Wagner Aquino \u00e9 um leonino super festejado do dia 15 .Recebe o amor da esposa linda Virg\u00edlia. Tintin meus amores!<\/em><\/p>\n\n\n\n<div class=\"wp-block-columns is-layout-flex wp-container-core-columns-is-layout-9d6595d7 wp-block-columns-is-layout-flex\">\n<div class=\"wp-block-column is-layout-flow wp-block-column-is-layout-flow\" style=\"flex-basis:100%\">\n<figure class=\"wp-block-image size-full\"><img decoding=\"async\" src=\"https:\/\/marilenepaiva.com\/wp-content\/uploads\/2024\/08\/f10-ivonzeliton-leite-nunes-2.jpg\" alt=\"\" class=\"wp-image-3371\"\/><\/figure>\n<\/div>\n<\/div>\n\n\n\n<p><em>Um querido! Gentil, am\u00e1vel, generoso. Mais um aniversariante de amanh\u00e3, 15 de agosto. Padre Ivonzeliton Nunes. Nossa Senhora te cubra com o seu manto sagrado. Parab\u00e9ns!<\/em><\/p>\n\n\n\n<p><\/p>\n","protected":false},"excerpt":{"rendered":"<p>PAPAR &amp; PAPEAR Do chef Lourival J\u00fanior chega o convite para participarmos do lan\u00e7amento do novo card\u00e1pio e nova carta de vinhos do Restaurante Papar &amp; Papear, na Serra de S\u00e3o Miguel. Dia 17, \u00e0s 19h. Na ocasi\u00e3o, Gilvan Passos, Consultor Internacional de Vinhos apresentar\u00e1 r\u00f3tulos selecionados da Adega Degustare. REDE SEM FRONTEIRAS A Rede [&hellip;]<\/p>\n","protected":false},"author":1,"featured_media":0,"comment_status":"open","ping_status":"open","sticky":true,"template":"","format":"standard","meta":{"footnotes":""},"categories":[3],"tags":[],"class_list":["post-3354","post","type-post","status-publish","format-standard","hentry","category-colunas"],"_links":{"self":[{"href":"https:\/\/marilenepaiva.com\/index.php?rest_route=\/wp\/v2\/posts\/3354","targetHints":{"allow":["GET"]}}],"collection":[{"href":"https:\/\/marilenepaiva.com\/index.php?rest_route=\/wp\/v2\/posts"}],"about":[{"href":"https:\/\/marilenepaiva.com\/index.php?rest_route=\/wp\/v2\/types\/post"}],"author":[{"embeddable":true,"href":"https:\/\/marilenepaiva.com\/index.php?rest_route=\/wp\/v2\/users\/1"}],"replies":[{"embeddable":true,"href":"https:\/\/marilenepaiva.com\/index.php?rest_route=%2Fwp%2Fv2%2Fcomments&post=3354"}],"version-history":[{"count":1,"href":"https:\/\/marilenepaiva.com\/index.php?rest_route=\/wp\/v2\/posts\/3354\/revisions"}],"predecessor-version":[{"id":3372,"href":"https:\/\/marilenepaiva.com\/index.php?rest_route=\/wp\/v2\/posts\/3354\/revisions\/3372"}],"wp:attachment":[{"href":"https:\/\/marilenepaiva.com\/index.php?rest_route=%2Fwp%2Fv2%2Fmedia&parent=3354"}],"wp:term":[{"taxonomy":"category","embeddable":true,"href":"https:\/\/marilenepaiva.com\/index.php?rest_route=%2Fwp%2Fv2%2Fcategories&post=3354"},{"taxonomy":"post_tag","embeddable":true,"href":"https:\/\/marilenepaiva.com\/index.php?rest_route=%2Fwp%2Fv2%2Ftags&post=3354"}],"curies":[{"name":"wp","href":"https:\/\/api.w.org\/{rel}","templated":true}]}}