{"id":3373,"date":"2024-08-14T16:26:42","date_gmt":"2024-08-14T16:26:42","guid":{"rendered":"https:\/\/marilenepaiva.com\/?p=3373"},"modified":"2024-08-15T10:47:36","modified_gmt":"2024-08-15T10:47:36","slug":"gente-de-fato-15-de-agosto-de-2024","status":"publish","type":"post","link":"https:\/\/marilenepaiva.com\/?p=3373","title":{"rendered":"GENTE DE FATO 15 DE AGOSTO DE 2024"},"content":{"rendered":"\n<p class=\"has-large-font-size\"><strong>QUINZE DE AGOSTO<\/strong><\/p>\n\n\n\n<p class=\"has-black-color has-text-color has-link-color has-medium-font-size wp-elements-f203b02de46dadd18b141fd08f2f6645\">Segundo a astrologia, os leoninos nascidos em 15 de agosto tem a personalidade de Touro. S\u00e3o de sentimentos profundos e apaixonados. Quando amam, amam de fato e de modo contundente. Costumam viver grandes paix\u00f5es e \u00e9 dif\u00edcil manterem controle de seus sentimentos. Nesta data de 15 de agosto, comemora-se a Assun\u00e7\u00e3o de Maria. Um dogma da Igreja Cat\u00f3lica, segundo o qual Maria, m\u00e3e de Jesus, foi elevada aos c\u00e9us de corpo e alma por Deus. Hoje tamb\u00e9m \u00e9 dia de Nossa Senhora da Boa Viagem e Nossa Senhora dos Navegantes. Outra curiosidade sobre o dia 15 de agosto \u00e9 que, nesta data se comemora, em todo o Brasil, o Dia dos Solteiros.<\/p>\n\n\n\n<div class=\"wp-block-columns is-layout-flex wp-container-core-columns-is-layout-9d6595d7 wp-block-columns-is-layout-flex\">\n<div class=\"wp-block-column is-layout-flow wp-block-column-is-layout-flow\" style=\"flex-basis:100%\"><div class=\"wp-block-image\">\n<figure class=\"aligncenter size-full is-resized\"><img decoding=\"async\" src=\"https:\/\/marilenepaiva.com\/wp-content\/uploads\/2024\/08\/royalface.jpg\" alt=\"\" class=\"wp-image-3359\" style=\"width:282px;height:auto\"\/><\/figure>\n<\/div><\/div>\n<\/div>\n\n\n\n<p class=\"has-large-font-size\"><strong>MARILENE PAIVA 5.9<\/strong><\/p>\n\n\n\n<p class=\"has-black-color has-text-color has-link-color has-medium-font-size wp-elements-1a4f08916c61b56cbb4442bc372400e3\">Esta colunista, nascida aos 15 de agosto de 1965, celebra hoje, 59 anos de vida, muito bem vividos por sinal, numa quinta-feira para l\u00e1 de feliz, no Restaurante Trattoria, a partir das 19h, ao lado de 59 amigas. Estou festejando as esta\u00e7\u00f5es, brindando as conquistas, os desafios superados, toda uma hist\u00f3ria constru\u00edda at\u00e9 aqui.<\/p>\n\n\n\n<div class=\"wp-block-columns is-layout-flex wp-container-core-columns-is-layout-9d6595d7 wp-block-columns-is-layout-flex\">\n<div class=\"wp-block-column is-layout-flow wp-block-column-is-layout-flow\" style=\"flex-basis:100%\"><div class=\"wp-block-image\">\n<figure class=\"aligncenter size-full is-resized\"><img decoding=\"async\" src=\"https:\/\/marilenepaiva.com\/wp-content\/uploads\/2024\/08\/iate.jpg\" alt=\"\" class=\"wp-image-3357\" style=\"width:415px;height:auto\"\/><\/figure>\n<\/div><\/div>\n<\/div>\n\n\n\n<p class=\"has-large-font-size\"><strong>MARILENE PAIVA 5.9 II<\/strong><\/p>\n\n\n\n<p class=\"has-black-color has-text-color has-link-color has-medium-font-size wp-elements-357157772646d9d89c5aa35bfe4781d6\">M\u00e3e, filha, esposa, tia, irm\u00e3, madrinha, professora, colunista social, comunicadora, organizadora de livros, o curr\u00edculo cresce no decorrer dos anos, o sorriso fica mais largo e o cora\u00e7\u00e3o vai ganhando espa\u00e7o para as muitas amizades que florescem nos canteiros do benquerer. Motivos para comemorar n\u00e3o faltam.<\/p>\n\n\n\n<div class=\"wp-block-columns is-layout-flex wp-container-core-columns-is-layout-9d6595d7 wp-block-columns-is-layout-flex\">\n<div class=\"wp-block-column is-layout-flow wp-block-column-is-layout-flow\" style=\"flex-basis:100%\"><div class=\"wp-block-image\">\n<figure class=\"aligncenter size-large is-resized\"><img decoding=\"async\" src=\"https:\/\/marilenepaiva.com\/wp-content\/uploads\/2024\/08\/Imagem-do-WhatsApp-de-2024-04-04-as-08.53.06_7c569f46-1024x241.jpg\" alt=\"\" class=\"wp-image-3358\" style=\"width:425px;height:auto\"\/><\/figure>\n<\/div><\/div>\n<\/div>\n\n\n\n<p class=\"has-large-font-size\"><strong>MARILENE PAIVA 5.9 III<\/strong><\/p>\n\n\n\n<p class=\"has-black-color has-text-color has-link-color has-medium-font-size wp-elements-ef4ea02660865b3cf8ee9b78dcad0eb0\">O Restaurante Trattoria, dos amigos Cleciano e Sheila, ter\u00e1 um espa\u00e7o reservado na noite de hoje para as nossas convidadas, decorado pelo magn\u00edfico \u00c9lio D\u2019angelis; um card\u00e1pio muito especial foi montado exclusivamente para esse momento pela chef Karine Pereira; os doces de Gilly e Doce Lara, Ana Brownie grifa os maravilhosos brownies. o bolo tem a grife impec\u00e1vel de Sheila Fran\u00e7a e flores Criss Anne. F\u00e1tima Matos \u00e9 uma querida que muito colabora conosco, ora com sua voz suave e pacificadora, ora no cerimonial. E Rafaella Costa? Essa pessoa que \u00e9 a minha pessoa. Uma filha fora da barriga, do sangue. Um orgulho em integridade. Muit\u00edssimo grata! Em tudo e por tudo.<\/p>\n\n\n\n<div class=\"wp-block-columns is-layout-flex wp-container-core-columns-is-layout-9d6595d7 wp-block-columns-is-layout-flex\">\n<div class=\"wp-block-column is-layout-flow wp-block-column-is-layout-flow\" style=\"flex-basis:100%\"><div class=\"wp-block-image\">\n<figure class=\"aligncenter size-full is-resized\"><img decoding=\"async\" src=\"https:\/\/marilenepaiva.com\/wp-content\/uploads\/2024\/08\/trattoria.png\" alt=\"\" class=\"wp-image-3361\" style=\"width:316px;height:auto\"\/><\/figure>\n<\/div><\/div>\n<\/div>\n\n\n\n<div class=\"wp-block-columns is-layout-flex wp-container-core-columns-is-layout-9d6595d7 wp-block-columns-is-layout-flex\">\n<div class=\"wp-block-column is-layout-flow wp-block-column-is-layout-flow\" style=\"flex-basis:100%\"><div class=\"wp-block-image\">\n<figure class=\"aligncenter size-full is-resized\"><img decoding=\"async\" src=\"https:\/\/marilenepaiva.com\/wp-content\/uploads\/2024\/08\/serraboi.png\" alt=\"\" class=\"wp-image-3360\" style=\"width:316px;height:auto\"\/><\/figure>\n<\/div><\/div>\n<\/div>\n\n\n\n<div class=\"wp-block-columns is-layout-flex wp-container-core-columns-is-layout-9d6595d7 wp-block-columns-is-layout-flex\">\n<div class=\"wp-block-column is-layout-flow wp-block-column-is-layout-flow\" style=\"flex-basis:100%\"><div class=\"wp-block-image\">\n<figure class=\"aligncenter size-full is-resized\"><img decoding=\"async\" src=\"https:\/\/marilenepaiva.com\/wp-content\/uploads\/2024\/08\/22.png\" alt=\"\" class=\"wp-image-3355\" style=\"width:282px;height:auto\"\/><\/figure>\n<\/div><\/div>\n<\/div>\n\n\n\n<div class=\"wp-block-columns is-layout-flex wp-container-core-columns-is-layout-9d6595d7 wp-block-columns-is-layout-flex\">\n<div class=\"wp-block-column is-layout-flow wp-block-column-is-layout-flow\" style=\"flex-basis:100%\"><div class=\"wp-block-image\">\n<figure class=\"aligncenter size-full is-resized\"><img decoding=\"async\" src=\"https:\/\/marilenepaiva.com\/wp-content\/uploads\/2024\/08\/Captura-de-tela-2024-02-19-222258.png\" alt=\"\" class=\"wp-image-3356\" style=\"width:323px;height:auto\"\/><\/figure>\n<\/div><\/div>\n<\/div>\n\n\n\n<p><\/p>\n\n\n\n<p><\/p>\n\n\n\n<div class=\"wp-block-columns is-layout-flex wp-container-core-columns-is-layout-9d6595d7 wp-block-columns-is-layout-flex\">\n<div class=\"wp-block-column is-layout-flow wp-block-column-is-layout-flow\" style=\"flex-basis:100%\">\n<figure class=\"wp-block-image size-large is-resized\"><img loading=\"lazy\" decoding=\"async\" width=\"687\" height=\"1024\" src=\"https:\/\/marilenepaiva.com\/wp-content\/uploads\/2024\/08\/f1-marilene-paiva-687x1024.jpg\" alt=\"\" class=\"wp-image-3374\" style=\"width:757px;height:auto\" srcset=\"https:\/\/marilenepaiva.com\/wp-content\/uploads\/2024\/08\/f1-marilene-paiva-687x1024.jpg 687w, https:\/\/marilenepaiva.com\/wp-content\/uploads\/2024\/08\/f1-marilene-paiva-201x300.jpg 201w, https:\/\/marilenepaiva.com\/wp-content\/uploads\/2024\/08\/f1-marilene-paiva-768x1144.jpg 768w, https:\/\/marilenepaiva.com\/wp-content\/uploads\/2024\/08\/f1-marilene-paiva-1031x1536.jpg 1031w, https:\/\/marilenepaiva.com\/wp-content\/uploads\/2024\/08\/f1-marilene-paiva.jpg 1074w\" sizes=\"auto, (max-width: 687px) 100vw, 687px\" \/><\/figure>\n<\/div>\n<\/div>\n\n\n\n<p><strong><em>Orgulhosa. Sou sim. Da minha f\u00e9 crist\u00e3. Da minha fam\u00edlia. Dos meus amigos e amigas que abra\u00e7arei hoje, a partir das 19h, no Restaurante Trattoria. At\u00e9 os 60. Na gra\u00e7a de Deus. A palavra do dia e de sempre: Gratid\u00e3o! Foto :Tuca Viegas.<\/em><\/strong><\/p>\n","protected":false},"excerpt":{"rendered":"<p>QUINZE DE AGOSTO Segundo a astrologia, os leoninos nascidos em 15 de agosto tem a personalidade de Touro. S\u00e3o de sentimentos profundos e apaixonados. Quando amam, amam de fato e de modo contundente. Costumam viver grandes paix\u00f5es e \u00e9 dif\u00edcil manterem controle de seus sentimentos. Nesta data de 15 de agosto, comemora-se a Assun\u00e7\u00e3o de [&hellip;]<\/p>\n","protected":false},"author":1,"featured_media":0,"comment_status":"open","ping_status":"open","sticky":true,"template":"","format":"standard","meta":{"footnotes":""},"categories":[3],"tags":[],"class_list":["post-3373","post","type-post","status-publish","format-standard","hentry","category-colunas"],"_links":{"self":[{"href":"https:\/\/marilenepaiva.com\/index.php?rest_route=\/wp\/v2\/posts\/3373","targetHints":{"allow":["GET"]}}],"collection":[{"href":"https:\/\/marilenepaiva.com\/index.php?rest_route=\/wp\/v2\/posts"}],"about":[{"href":"https:\/\/marilenepaiva.com\/index.php?rest_route=\/wp\/v2\/types\/post"}],"author":[{"embeddable":true,"href":"https:\/\/marilenepaiva.com\/index.php?rest_route=\/wp\/v2\/users\/1"}],"replies":[{"embeddable":true,"href":"https:\/\/marilenepaiva.com\/index.php?rest_route=%2Fwp%2Fv2%2Fcomments&post=3373"}],"version-history":[{"count":2,"href":"https:\/\/marilenepaiva.com\/index.php?rest_route=\/wp\/v2\/posts\/3373\/revisions"}],"predecessor-version":[{"id":3377,"href":"https:\/\/marilenepaiva.com\/index.php?rest_route=\/wp\/v2\/posts\/3373\/revisions\/3377"}],"wp:attachment":[{"href":"https:\/\/marilenepaiva.com\/index.php?rest_route=%2Fwp%2Fv2%2Fmedia&parent=3373"}],"wp:term":[{"taxonomy":"category","embeddable":true,"href":"https:\/\/marilenepaiva.com\/index.php?rest_route=%2Fwp%2Fv2%2Fcategories&post=3373"},{"taxonomy":"post_tag","embeddable":true,"href":"https:\/\/marilenepaiva.com\/index.php?rest_route=%2Fwp%2Fv2%2Ftags&post=3373"}],"curies":[{"name":"wp","href":"https:\/\/api.w.org\/{rel}","templated":true}]}}