{"id":3378,"date":"2024-08-15T21:58:50","date_gmt":"2024-08-15T21:58:50","guid":{"rendered":"https:\/\/marilenepaiva.com\/?p=3378"},"modified":"2024-08-15T21:58:51","modified_gmt":"2024-08-15T21:58:51","slug":"gente-de-fato-16-de-agosto-de-2024","status":"publish","type":"post","link":"https:\/\/marilenepaiva.com\/?p=3378","title":{"rendered":"GENTE DE FATO 16 DE AGOSTO DE 2024"},"content":{"rendered":"\n<blockquote class=\"wp-block-quote is-layout-flow wp-block-quote-is-layout-flow\">\n<p class=\"has-large-font-size\">ORPHEU<\/p>\n\n\n\n<p class=\"has-black-color has-text-color has-link-color has-medium-font-size wp-elements-e419f65f7fef535b510cc36de9317365\">&nbsp;&nbsp;&nbsp;&nbsp; O meu olhar azul como o c\u00e9u&nbsp;<\/p>\n\n\n\n<p class=\"has-black-color has-text-color has-link-color has-medium-font-size wp-elements-9428e68f6d8a9400292f8e1f328202ed\">&nbsp;&nbsp;&nbsp;&nbsp; \u00c9 calmo como a \u00e1gua ao sol.&nbsp;<\/p>\n\n\n\n<p class=\"has-black-color has-text-color has-link-color has-medium-font-size wp-elements-3f4a28fbb5365d4cb5c6d30e782ebe2c\">&nbsp;&nbsp;&nbsp;&nbsp; \u00c9 assim, azul e calmo,<\/p>\n\n\n\n<p class=\"has-black-color has-text-color has-link-color has-medium-font-size wp-elements-60bd8666c5d1c1d48cfb871b2f417c02\">&nbsp;&nbsp;&nbsp;&nbsp; Porque n\u00e3o interroga nem se espanta &#8230;<\/p>\n\n\n\n<p class=\"has-black-color has-text-color has-link-color has-medium-font-size wp-elements-91327cddf34e6d243146d4aa11ecdde2\">&nbsp;&nbsp;&nbsp;&nbsp; Se eu interrogasse e me espantasse<\/p>\n\n\n\n<p class=\"has-black-color has-text-color has-link-color has-medium-font-size wp-elements-c4b5779b5621509028b50fd972ef1893\">&nbsp;&nbsp;&nbsp;&nbsp; N\u00e3o nasciam flores novas nos prados<\/p>\n\n\n\n<p class=\"has-black-color has-text-color has-link-color has-medium-font-size wp-elements-6a917c05c4724fae9f10cd9166d6085e\">&nbsp;&nbsp;&nbsp;&nbsp; Nem mudaria qualquer cousa no sol de modo a ele ficar mais belo&#8230;&nbsp;<\/p>\n\n\n\n<p class=\"has-black-color has-text-color has-link-color has-medium-font-size wp-elements-7e3043e0d457b3d6ec7cd7d7c5108fff\">&nbsp;&nbsp;&nbsp;&nbsp; (Mesmo se nascessem flores novas no prado<\/p>\n\n\n\n<p class=\"has-black-color has-text-color has-link-color has-medium-font-size wp-elements-2b8a2445e1718c9d0232400ad8adb138\">&nbsp;&nbsp;&nbsp;&nbsp; E se o sol mudasse para mais belo,&nbsp;<\/p>\n\n\n\n<p class=\"has-black-color has-text-color has-link-color has-medium-font-size wp-elements-73154f34d37b3cce6b36bc678622cd75\">&nbsp;&nbsp;&nbsp;&nbsp; Eu sentiria menos flores no prado&nbsp;<\/p>\n\n\n\n<p class=\"has-black-color has-text-color has-link-color has-medium-font-size wp-elements-8c8479bb55ac3edc42e9488ca10b28b0\">&nbsp;&nbsp;&nbsp;&nbsp; E achava mais feio o sol &#8230;<\/p>\n\n\n\n<p class=\"has-black-color has-text-color has-link-color has-medium-font-size wp-elements-5d9e0cdf57d80b6229d8bfdb1cae3c4e\">&nbsp;&nbsp;&nbsp;&nbsp; Porque tudo \u00e9 como \u00e9 e assim \u00e9 que \u00e9,&nbsp;<\/p>\n\n\n\n<p class=\"has-black-color has-text-color has-link-color has-medium-font-size wp-elements-84338be260e32546041f8e0893ad1b92\">&nbsp;&nbsp;&nbsp;&nbsp; E eu aceito, e nem agrade\u00e7o,<\/p>\n\n\n\n<p class=\"has-black-color has-text-color has-link-color has-medium-font-size wp-elements-771bf4dfa44810dacaa784ce291072db\">&nbsp;&nbsp;&nbsp;&nbsp; Para n\u00e3o parecer que penso nisso&#8230;)<\/p>\n\n\n\n<p class=\"has-black-color has-text-color has-link-color wp-elements-e84a6ee3eb03dc5955943fe9475fb19e\">Fernando Pessoa<\/p>\n<\/blockquote>\n\n\n\n<div class=\"wp-block-columns is-layout-flex wp-container-core-columns-is-layout-9d6595d7 wp-block-columns-is-layout-flex\">\n<div class=\"wp-block-column is-layout-flow wp-block-column-is-layout-flow\" style=\"flex-basis:100%\"><div class=\"wp-block-image\">\n<figure class=\"aligncenter size-full is-resized\"><img decoding=\"async\" src=\"https:\/\/marilenepaiva.com\/wp-content\/uploads\/2024\/08\/iate.jpg\" alt=\"\" class=\"wp-image-3357\" style=\"width:448px;height:auto\"\/><\/figure>\n<\/div><\/div>\n<\/div>\n\n\n\n<p class=\"has-large-font-size\"><strong>MUITO OBRIGADA<\/strong><\/p>\n\n\n\n<p class=\"has-black-color has-text-color has-link-color has-medium-font-size wp-elements-a9448de3fc5641afe54d49a659a4fca5\">Estou feliz e grata pela quantidade de demonstra\u00e7\u00f5es de carinho que recebi, por ocasi\u00e3o do meu anivers\u00e1rio, s\u00e3o manifesta\u00e7\u00f5es de toda sorte: ora\u00e7\u00f5es, mensagens, liga\u00e7\u00f5es, presentes, flores, cestas, cart\u00f5es&#8230; todas as homenagens fizeram meu cora\u00e7\u00e3o renovar-se; agrade\u00e7o imensamente a cada um e a cada uma. At\u00e9 os 60!<\/p>\n\n\n\n<div class=\"wp-block-columns is-layout-flex wp-container-core-columns-is-layout-9d6595d7 wp-block-columns-is-layout-flex\">\n<div class=\"wp-block-column is-layout-flow wp-block-column-is-layout-flow\" style=\"flex-basis:100%\"><div class=\"wp-block-image\">\n<figure class=\"aligncenter size-large is-resized\"><img decoding=\"async\" src=\"https:\/\/marilenepaiva.com\/wp-content\/uploads\/2024\/08\/Imagem-do-WhatsApp-de-2024-04-04-as-08.53.06_7c569f46-1024x241.jpg\" alt=\"\" class=\"wp-image-3358\" style=\"width:408px;height:auto\"\/><\/figure>\n<\/div><\/div>\n<\/div>\n\n\n\n<p class=\"has-large-font-size\"><strong>N\u00c9?<\/strong><\/p>\n\n\n\n<p class=\"has-black-color has-text-color has-link-color has-medium-font-size wp-elements-eb0cb0ec1349a83da834ce99182959cf\">&#8220;Amar \u00e9 cansar-se de estar s\u00f3: \u00e9 uma covardia portanto, e uma trai\u00e7\u00e3o a n\u00f3s pr\u00f3prios.&#8221; Fernando Pessoa<\/p>\n\n\n\n<div class=\"wp-block-columns is-layout-flex wp-container-core-columns-is-layout-9d6595d7 wp-block-columns-is-layout-flex\">\n<div class=\"wp-block-column is-layout-flow wp-block-column-is-layout-flow\" style=\"flex-basis:100%\"><div class=\"wp-block-image\">\n<figure class=\"aligncenter size-full is-resized\"><img decoding=\"async\" src=\"https:\/\/marilenepaiva.com\/wp-content\/uploads\/2024\/08\/royalface.jpg\" alt=\"\" class=\"wp-image-3359\" style=\"width:296px;height:auto\"\/><\/figure>\n<\/div><\/div>\n<\/div>\n\n\n\n<p class=\"has-large-font-size\"><strong>ESPELHO, ESPELHO MEU<\/strong><\/p>\n\n\n\n<p class=\"has-black-color has-text-color has-link-color has-medium-font-size wp-elements-4eef8390d866ef6a14eac8372ab6b6f4\">Quem nos produziu ontem, foi o talentoso Marinaldo Rocha. Cabelo e maquiagem com zero defeitos e do jeitinho que n\u00f3s e as lulus do mundo todo amamos.<\/p>\n\n\n\n<div class=\"wp-block-columns is-layout-flex wp-container-core-columns-is-layout-9d6595d7 wp-block-columns-is-layout-flex\">\n<div class=\"wp-block-column is-layout-flow wp-block-column-is-layout-flow\" style=\"flex-basis:100%\"><div class=\"wp-block-image\">\n<figure class=\"aligncenter size-full is-resized\"><img decoding=\"async\" src=\"https:\/\/marilenepaiva.com\/wp-content\/uploads\/2024\/08\/trattoria.png\" alt=\"\" class=\"wp-image-3361\" style=\"width:288px;height:auto\"\/><\/figure>\n<\/div><\/div>\n<\/div>\n\n\n\n<p class=\"has-large-font-size\"><strong>TALENTOS<\/strong><\/p>\n\n\n\n<p class=\"has-black-color has-text-color has-link-color has-medium-font-size wp-elements-65a70b11433c5fc775d8b7153c2d8e0c\">Nosso portf\u00f3lio \u00e9 forte, e quem acredita nele, sai na frente, por isso, m\u00e9dicas e m\u00e9dicos aderem \u00e0 proposta do livro \u201cPara todo mal, a cura\u201d e come\u00e7am a escrever suas hist\u00f3rias para compor essa colet\u00e2nea bel\u00edssima, a quarta, que esta colunista, em parceria com Rafaella Costa, lan\u00e7a neste segundo semestre de 2024. Tem uma turma de renome que disse \u201csim\u201d e n\u00f3s estamos muito orgulhosas de t\u00ea-los conosco. Pr\u00f3xima semana come\u00e7aremos a divulgar. Ah, e j\u00e1 estamos pensando na noite de aut\u00f3grafos!<\/p>\n\n\n\n<div class=\"wp-block-columns is-layout-flex wp-container-core-columns-is-layout-9d6595d7 wp-block-columns-is-layout-flex\">\n<div class=\"wp-block-column is-layout-flow wp-block-column-is-layout-flow\" style=\"flex-basis:100%\"><div class=\"wp-block-image\">\n<figure class=\"aligncenter size-full is-resized\"><img decoding=\"async\" src=\"https:\/\/marilenepaiva.com\/wp-content\/uploads\/2024\/08\/serraboi.png\" alt=\"\" class=\"wp-image-3360\" style=\"width:320px;height:auto\"\/><\/figure>\n<\/div><\/div>\n<\/div>\n\n\n\n<p class=\"has-large-font-size\"><strong>CULTURA<\/strong><\/p>\n\n\n\n<p class=\"has-black-color has-text-color has-link-color has-medium-font-size wp-elements-08cb5f14cb6a9a2108dac2c343725877\">Ser\u00e1 inaugurada hoje, \u00e0s 19h, a Pinacoteca e Memorial (PIM) da Esam\/Ufersa, no pr\u00e9dio central, Ufersa Campus Oeste Mossor\u00f3. A exposi\u00e7\u00e3o \u201cTrilhas da Imagina\u00e7\u00e3o: uma viagem pela cole\u00e7\u00e3o Isaura Am\u00e9lia\u201d marca a estreia da PIM e tem curadoria do procurador do MPRN Manoel Onofre Neto. S\u00e3o 1.300 obras, doadas pela professora aposentada da Esam\/Ufersa Isaura Am\u00e9lia de Sousa Rosado Maia. A cole\u00e7\u00e3o faz parte do acervo pessoal da professora, respons\u00e1vel pelo processo de curadoria dessas pe\u00e7as ao longo de 30 anos. Os objetos est\u00e3o em perfeito estado e boa parte deles retrata as artes pl\u00e1sticas do Rio Grande do Norte e do Brasil, contendo artistas regionais e nacionais, com variadas t\u00e9cnicas como tinta \u00f3leo, aquarela, tape\u00e7aria e escultura.<\/p>\n\n\n\n<div class=\"wp-block-columns is-layout-flex wp-container-core-columns-is-layout-9d6595d7 wp-block-columns-is-layout-flex\">\n<div class=\"wp-block-column is-layout-flow wp-block-column-is-layout-flow\" style=\"flex-basis:100%\"><div class=\"wp-block-image\">\n<figure class=\"aligncenter size-full is-resized\"><img decoding=\"async\" src=\"https:\/\/marilenepaiva.com\/wp-content\/uploads\/2024\/08\/22.png\" alt=\"\" class=\"wp-image-3355\" style=\"width:304px;height:auto\"\/><\/figure>\n<\/div><\/div>\n<\/div>\n\n\n\n<div class=\"wp-block-columns is-layout-flex wp-container-core-columns-is-layout-9d6595d7 wp-block-columns-is-layout-flex\">\n<div class=\"wp-block-column is-layout-flow wp-block-column-is-layout-flow\" style=\"flex-basis:100%\"><div class=\"wp-block-image\">\n<figure class=\"aligncenter size-full is-resized\"><img decoding=\"async\" src=\"https:\/\/marilenepaiva.com\/wp-content\/uploads\/2024\/08\/Captura-de-tela-2024-02-19-222258.png\" alt=\"\" class=\"wp-image-3356\" style=\"width:323px;height:auto\"\/><\/figure>\n<\/div><\/div>\n<\/div>\n\n\n\n<p><\/p>\n\n\n\n<div class=\"wp-block-columns is-layout-flex wp-container-core-columns-is-layout-9d6595d7 wp-block-columns-is-layout-flex\">\n<div class=\"wp-block-column is-layout-flow wp-block-column-is-layout-flow\" style=\"flex-basis:100%\">\n<figure class=\"wp-block-image size-large\"><img decoding=\"async\" src=\"https:\/\/marilenepaiva.com\/wp-content\/uploads\/2024\/08\/F1-NEY-E-AMIGOS-1024x912.jpg\" alt=\"\" class=\"wp-image-3379\"\/><\/figure>\n<\/div>\n<\/div>\n\n\n\n<p><em>No camarote vip\u00edssimo do Bell Marques Premium, os amados Ney Robson e K\u00e1tia Maia, Jair Queiroz e Lucineide, Niltinho, Aninha e Nina. Todos os motivos para festejar o sucesso do Congresso Celebrar!<\/em><\/p>\n\n\n\n<div class=\"wp-block-columns is-layout-flex wp-container-core-columns-is-layout-9d6595d7 wp-block-columns-is-layout-flex\">\n<div class=\"wp-block-column is-layout-flow wp-block-column-is-layout-flow\" style=\"flex-basis:100%\">\n<figure class=\"wp-block-image size-full\"><img decoding=\"async\" src=\"https:\/\/marilenepaiva.com\/wp-content\/uploads\/2024\/08\/F2-EVERALDO-JUNIOR-E-AMIGOS.jpg\" alt=\"\" class=\"wp-image-3380\"\/><\/figure>\n<\/div>\n<\/div>\n\n\n\n<p><em>Curtindo o Bell Marques Premium, no Thermas Hall, os casais m\u00e9dicos Everaldo Rodrigues e Tet\u00ea, empres\u00e1rios Cleciano Galdino e Sheila Franco. Show!<\/em><\/p>\n\n\n\n<div class=\"wp-block-columns is-layout-flex wp-container-core-columns-is-layout-9d6595d7 wp-block-columns-is-layout-flex\">\n<div class=\"wp-block-column is-layout-flow wp-block-column-is-layout-flow\" style=\"flex-basis:100%\">\n<figure class=\"wp-block-image size-large\"><img decoding=\"async\" src=\"https:\/\/marilenepaiva.com\/wp-content\/uploads\/2024\/08\/f3-julio-maia-724x1024.jpg\" alt=\"\" class=\"wp-image-3381\"\/><\/figure>\n<\/div>\n<\/div>\n\n\n\n<p><em>De Fortaleza para San Diego. O empres\u00e1rio J\u00falio Maia curtindo dias de sol e mar, na Calif\u00f3rnia. Muito bem garoto<\/em><\/p>\n\n\n\n<div class=\"wp-block-columns is-layout-flex wp-container-core-columns-is-layout-9d6595d7 wp-block-columns-is-layout-flex\">\n<div class=\"wp-block-column is-layout-flow wp-block-column-is-layout-flow\" style=\"flex-basis:100%\">\n<figure class=\"wp-block-image size-full\"><img decoding=\"async\" src=\"https:\/\/marilenepaiva.com\/wp-content\/uploads\/2024\/08\/f4-karen-praxedes-1.jpg\" alt=\"\" class=\"wp-image-3382\"\/><\/figure>\n<\/div>\n<\/div>\n\n\n\n<p><em>Todos os vivas para a aniversariante de hoje, advogada, influencer Karen Praxedes. Sa\u00fade, paz e alegrias!<\/em><\/p>\n","protected":false},"excerpt":{"rendered":"<p>ORPHEU &nbsp;&nbsp;&nbsp;&nbsp; O meu olhar azul como o c\u00e9u&nbsp; &nbsp;&nbsp;&nbsp;&nbsp; \u00c9 calmo como a \u00e1gua ao sol.&nbsp; &nbsp;&nbsp;&nbsp;&nbsp; \u00c9 assim, azul e calmo, &nbsp;&nbsp;&nbsp;&nbsp; Porque n\u00e3o interroga nem se espanta &#8230; &nbsp;&nbsp;&nbsp;&nbsp; Se eu interrogasse e me espantasse &nbsp;&nbsp;&nbsp;&nbsp; N\u00e3o nasciam flores novas nos prados &nbsp;&nbsp;&nbsp;&nbsp; Nem mudaria qualquer cousa no sol de modo a [&hellip;]<\/p>\n","protected":false},"author":1,"featured_media":0,"comment_status":"open","ping_status":"open","sticky":false,"template":"","format":"standard","meta":{"footnotes":""},"categories":[3],"tags":[],"class_list":["post-3378","post","type-post","status-publish","format-standard","hentry","category-colunas"],"_links":{"self":[{"href":"https:\/\/marilenepaiva.com\/index.php?rest_route=\/wp\/v2\/posts\/3378","targetHints":{"allow":["GET"]}}],"collection":[{"href":"https:\/\/marilenepaiva.com\/index.php?rest_route=\/wp\/v2\/posts"}],"about":[{"href":"https:\/\/marilenepaiva.com\/index.php?rest_route=\/wp\/v2\/types\/post"}],"author":[{"embeddable":true,"href":"https:\/\/marilenepaiva.com\/index.php?rest_route=\/wp\/v2\/users\/1"}],"replies":[{"embeddable":true,"href":"https:\/\/marilenepaiva.com\/index.php?rest_route=%2Fwp%2Fv2%2Fcomments&post=3378"}],"version-history":[{"count":1,"href":"https:\/\/marilenepaiva.com\/index.php?rest_route=\/wp\/v2\/posts\/3378\/revisions"}],"predecessor-version":[{"id":3383,"href":"https:\/\/marilenepaiva.com\/index.php?rest_route=\/wp\/v2\/posts\/3378\/revisions\/3383"}],"wp:attachment":[{"href":"https:\/\/marilenepaiva.com\/index.php?rest_route=%2Fwp%2Fv2%2Fmedia&parent=3378"}],"wp:term":[{"taxonomy":"category","embeddable":true,"href":"https:\/\/marilenepaiva.com\/index.php?rest_route=%2Fwp%2Fv2%2Fcategories&post=3378"},{"taxonomy":"post_tag","embeddable":true,"href":"https:\/\/marilenepaiva.com\/index.php?rest_route=%2Fwp%2Fv2%2Ftags&post=3378"}],"curies":[{"name":"wp","href":"https:\/\/api.w.org\/{rel}","templated":true}]}}