{"id":3874,"date":"2024-08-16T22:26:00","date_gmt":"2024-08-16T22:26:00","guid":{"rendered":"https:\/\/marilenepaiva.com\/?p=3874"},"modified":"2024-08-16T22:26:01","modified_gmt":"2024-08-16T22:26:01","slug":"gente-de-fato-17-de-agosto-de-2024","status":"publish","type":"post","link":"https:\/\/marilenepaiva.com\/?p=3874","title":{"rendered":"GENTE DE FATO 17 DE AGOSTO DE 2024"},"content":{"rendered":"\n<p class=\"has-large-font-size\"><strong>ARY ARA\u00daJO, TR\u00caS ANOS DE SAUDADES&#8230;<\/strong><\/p>\n\n\n\n<p class=\"has-black-color has-text-color has-link-color has-medium-font-size wp-elements-7797d6f1b8182861ac508e88a69ac063\">E na \u00faltima quinta 15, dia da Assun\u00e7\u00e3o de Nossa Senhora, para os crist\u00e3os cat\u00f3licos, n\u00f3s nos irmanamos nas saudades de dois anos sem a presen\u00e7a f\u00edsica do Seu Ary Ara\u00fajo. Aos familiares, em especial Dona Clotilde, sua esposa de uma vida e aos filhos Marcos, Ev\u00e2nio, Maiza, Evans, Odinha, Ary Filho, L\u00facia, F\u00e1tima e Carlos recebam sempre o nosso carinho e abra\u00e7o solid\u00e1rio. Para quem teve a honra de conhecer seu Ary, saber da sua hist\u00f3ria, do seu legado, fica a lembran\u00e7a de um grande homem.<\/p>\n\n\n\n<div class=\"wp-block-columns is-layout-flex wp-container-core-columns-is-layout-9d6595d7 wp-block-columns-is-layout-flex\">\n<div class=\"wp-block-column is-layout-flow wp-block-column-is-layout-flow\" style=\"flex-basis:100%\"><div class=\"wp-block-image\">\n<figure class=\"aligncenter size-large is-resized\"><img decoding=\"async\" src=\"https:\/\/marilenepaiva.com\/wp-content\/uploads\/2024\/08\/Imagem-do-WhatsApp-de-2024-04-04-as-08.53.06_7c569f46-1-1024x241.jpg\" alt=\"\" class=\"wp-image-3878\" style=\"width:416px;height:auto\"\/><\/figure>\n<\/div><\/div>\n<\/div>\n\n\n\n<p class=\"has-large-font-size\"><strong>COLUNISTAS<\/strong><\/p>\n\n\n\n<p class=\"has-black-color has-text-color has-link-color has-medium-font-size wp-elements-0a64cdbb8e04c9e3bd7b47e293446827\">Prest\u00edgio \u00e9 mais que um chocolate. Prest\u00edgio \u00e9 receber o carinho dos amigos da Comunica\u00e7\u00e3o. Obrigada pelas mensagens, notinhas e fotos: Georgiano Azevedo, Lisboa Batista, Chris Alves, Lilian Martins, Tuca Viegas, Edielson Soares, Carlos Augusto, Josy Maia, Sergio Chaves, Egilson Fernandes, Ren\u00e9 Guida, Jean Custo, Wandilson Ramalho e Tica Soares. Quanta honra!<\/p>\n\n\n\n<div class=\"wp-block-columns is-layout-flex wp-container-core-columns-is-layout-9d6595d7 wp-block-columns-is-layout-flex\">\n<div class=\"wp-block-column is-layout-flow wp-block-column-is-layout-flow\" style=\"flex-basis:100%\"><div class=\"wp-block-image\">\n<figure class=\"aligncenter size-full is-resized\"><img decoding=\"async\" src=\"https:\/\/marilenepaiva.com\/wp-content\/uploads\/2024\/08\/royalface-1.jpg\" alt=\"\" class=\"wp-image-3879\" style=\"width:268px;height:auto\"\/><\/figure>\n<\/div><\/div>\n<\/div>\n\n\n\n<p class=\"has-large-font-size\"><strong>MUIT\u00cdSSIMO GRATA<\/strong><\/p>\n\n\n\n<p class=\"has-black-color has-text-color has-link-color has-medium-font-size wp-elements-c5a30148e51697fa92434285370ba779\">&nbsp;\u201cA amizade \u00e9 uma predisposi\u00e7\u00e3o rec\u00edproca que torna dois seres igualmente ciosos da felicidade um do outro. Estarei sempre atenta a sua felicidade.\u201d Quero aqui agradecer aos amigos e amigas que foram me abra\u00e7ar, aos que enviaram votos de feliz anivers\u00e1rio, desejos de sa\u00fade e paz. Estarei atenta aos meus e as minhas. Aos que tocam meu cora\u00e7\u00e3o e alma.<\/p>\n\n\n\n<div class=\"wp-block-columns is-layout-flex wp-container-core-columns-is-layout-9d6595d7 wp-block-columns-is-layout-flex\">\n<div class=\"wp-block-column is-layout-flow wp-block-column-is-layout-flow\" style=\"flex-basis:100%\"><div class=\"wp-block-image\">\n<figure class=\"aligncenter size-full is-resized\"><img decoding=\"async\" src=\"https:\/\/marilenepaiva.com\/wp-content\/uploads\/2024\/08\/iate-1.jpg\" alt=\"\" class=\"wp-image-3877\" style=\"width:391px;height:auto\"\/><\/figure>\n<\/div><\/div>\n<\/div>\n\n\n\n<p class=\"has-large-font-size\"><strong>CHAMPANHE NO GELO<\/strong><\/p>\n\n\n\n<p class=\"has-black-color has-text-color has-link-color has-medium-font-size wp-elements-9aebc66a0e447ab233c905842897a97d\">Apagam velinhas hoje: Adriana Machado, Maria Kalene, Susy Medeiros, Pollyana Witoria, Maria Betania Freitas, Alberto Lopes, Glorinha Fernandes T\u00e1vora, Carlos Alberto, Carlos Ant\u00f4nio Fernandes Lopes, Ednaldo Tib\u00farcio Gon\u00e7alo, Renato Castelo Branco, Neuminha Medeiros, Maria de Lourdes Morais de Oliveira, Klenio Pinheiro e Jamile Negreiros Di\u00f3genes. E amanh\u00e3, domingo 18, antecipamos os votos de feliz anivers\u00e1rio para: Cyrus Benavides, Maria das Dores Nogueira do Ros\u00e1rio, Karina Xavier, Cykena Dias Leite, Florinda Esc\u00f3ssia, Beto Guedes, Marcelo Pinto, Frederico Fernandes,Vicente Junior, Marcus Vinicius, Felipe Galdino, Maspolia Aquino, Ranubya Britto, Gil L Bezerra, Nat\u00e1lia Gon\u00e7alves , F\u00e1bio Praxedes, Rafael Rosado do Amaral Duarte, Lu\u00eds Fernandes de Ara\u00fajo Costa. Parab\u00e9ns!!!<\/p>\n\n\n\n<div class=\"wp-block-columns is-layout-flex wp-container-core-columns-is-layout-9d6595d7 wp-block-columns-is-layout-flex\">\n<div class=\"wp-block-column is-layout-flow wp-block-column-is-layout-flow\" style=\"flex-basis:100%\"><div class=\"wp-block-image\">\n<figure class=\"aligncenter size-full is-resized\"><img decoding=\"async\" src=\"https:\/\/marilenepaiva.com\/wp-content\/uploads\/2024\/08\/trattoria-1.png\" alt=\"\" class=\"wp-image-3881\" style=\"width:280px;height:auto\"\/><\/figure>\n<\/div><\/div>\n<\/div>\n\n\n\n<p class=\"has-large-font-size\"><strong>ASSIM&#8230;<\/strong><\/p>\n\n\n\n<p class=\"has-black-color has-text-color has-link-color has-medium-font-size wp-elements-81a983a4b404ff88d69692cc83f6a7ac\">&nbsp;A nossa felicidade ser\u00e1 naturalmente proporcional em rela\u00e7\u00e3o \u00e0 felicidade que fizermos para os outros. (Allan Kardec)<\/p>\n\n\n\n<div class=\"wp-block-columns is-layout-flex wp-container-core-columns-is-layout-9d6595d7 wp-block-columns-is-layout-flex\">\n<div class=\"wp-block-column is-layout-flow wp-block-column-is-layout-flow\" style=\"flex-basis:100%\"><div class=\"wp-block-image\">\n<figure class=\"aligncenter size-full is-resized\"><img decoding=\"async\" src=\"https:\/\/marilenepaiva.com\/wp-content\/uploads\/2024\/08\/serraboi-1.png\" alt=\"\" class=\"wp-image-3880\" style=\"width:276px;height:auto\"\/><\/figure>\n<\/div><\/div>\n<\/div>\n\n\n\n<div class=\"wp-block-columns is-layout-flex wp-container-core-columns-is-layout-9d6595d7 wp-block-columns-is-layout-flex\">\n<div class=\"wp-block-column is-layout-flow wp-block-column-is-layout-flow\" style=\"flex-basis:100%\"><div class=\"wp-block-image\">\n<figure class=\"aligncenter size-full is-resized\"><img decoding=\"async\" src=\"https:\/\/marilenepaiva.com\/wp-content\/uploads\/2024\/08\/Captura-de-tela-2024-02-19-222258-1.png\" alt=\"\" class=\"wp-image-3876\" style=\"width:252px;height:auto\"\/><\/figure>\n<\/div><\/div>\n<\/div>\n\n\n\n<div class=\"wp-block-columns is-layout-flex wp-container-core-columns-is-layout-9d6595d7 wp-block-columns-is-layout-flex\">\n<div class=\"wp-block-column is-layout-flow wp-block-column-is-layout-flow\" style=\"flex-basis:100%\"><div class=\"wp-block-image\">\n<figure class=\"aligncenter size-full is-resized\"><img decoding=\"async\" src=\"https:\/\/marilenepaiva.com\/wp-content\/uploads\/2024\/08\/22-1.png\" alt=\"\" class=\"wp-image-3875\" style=\"width:264px;height:auto\"\/><\/figure>\n<\/div><\/div>\n<\/div>\n\n\n\n<div class=\"wp-block-columns is-layout-flex wp-container-core-columns-is-layout-9d6595d7 wp-block-columns-is-layout-flex\">\n<div class=\"wp-block-column is-layout-flow wp-block-column-is-layout-flow\" style=\"flex-basis:100%\">\n<figure class=\"wp-block-image size-large\"><img decoding=\"async\" src=\"https:\/\/marilenepaiva.com\/wp-content\/uploads\/2024\/08\/f1-eu-e-fatima-677x1024.jpg\" alt=\"\" class=\"wp-image-3882\"\/><\/figure>\n<\/div>\n<\/div>\n\n\n\n<p><em>Existem valores que v\u00e3o al\u00e9m da excel\u00eancia. E existe a querida cerimonialista F\u00e1tima Matos. Muito grata!<\/em><\/p>\n\n\n\n<div class=\"wp-block-columns is-layout-flex wp-container-core-columns-is-layout-9d6595d7 wp-block-columns-is-layout-flex\">\n<div class=\"wp-block-column is-layout-flow wp-block-column-is-layout-flow\" style=\"flex-basis:100%\">\n<figure class=\"wp-block-image size-full\"><img decoding=\"async\" src=\"https:\/\/marilenepaiva.com\/wp-content\/uploads\/2024\/08\/f2-glenda-delmira-eu.jpg\" alt=\"\" class=\"wp-image-3883\"\/><\/figure>\n<\/div>\n<\/div>\n\n\n\n<p><em>Uma constela\u00e7\u00e3o de primeir\u00edssima grandeza brindando conosco, seus anivers\u00e1rios em agosto, Claudia Guimar\u00e3es, Delmira Costa, Glenda Negreiros e Yasmin Santos. Leoninas, lindas e amadas!<\/em><\/p>\n\n\n\n<div class=\"wp-block-columns is-layout-flex wp-container-core-columns-is-layout-9d6595d7 wp-block-columns-is-layout-flex\">\n<div class=\"wp-block-column is-layout-flow wp-block-column-is-layout-flow\" style=\"flex-basis:100%\">\n<figure class=\"wp-block-image size-full\"><img decoding=\"async\" src=\"https:\/\/marilenepaiva.com\/wp-content\/uploads\/2024\/08\/f3-com-andrea-elizenir.jpg\" alt=\"\" class=\"wp-image-3884\"\/><\/figure>\n<\/div>\n<\/div>\n\n\n\n<p><em>Amo, nosso amo e amo! Elas abrilhantaram a noite do dia 15: Zoraide Azevedo, Elizenir Jales Rosado, Andr\u00e9a Rosado e Selma Carneiro. Tintin!<\/em><\/p>\n\n\n\n<div class=\"wp-block-columns is-layout-flex wp-container-core-columns-is-layout-9d6595d7 wp-block-columns-is-layout-flex\">\n<div class=\"wp-block-column is-layout-flow wp-block-column-is-layout-flow\" style=\"flex-basis:100%\">\n<figure class=\"wp-block-image size-full\"><img decoding=\"async\" src=\"https:\/\/marilenepaiva.com\/wp-content\/uploads\/2024\/08\/F4-SOUZA-E-GUIOMAR-1.jpg\" alt=\"\" class=\"wp-image-3885\"\/><\/figure>\n<\/div>\n<\/div>\n\n\n\n<p><em>A educadora Guiomar Paulo de Souza celebrou 96 anos, linda, l\u00facida e feliz. Ao lado dos filhos, netos, noras e genros. No click, com o amado Souza no Mirante do Canto, Serra de Martins. Parab\u00e9ns minha querida<\/em><\/p>\n\n\n\n<div class=\"wp-block-columns is-layout-flex wp-container-core-columns-is-layout-9d6595d7 wp-block-columns-is-layout-flex\">\n<div class=\"wp-block-column is-layout-flow wp-block-column-is-layout-flow\" style=\"flex-basis:100%\">\n<figure class=\"wp-block-image size-full\"><img decoding=\"async\" src=\"https:\/\/marilenepaiva.com\/wp-content\/uploads\/2024\/08\/f5-cyrus-e-edgardo.jpg\" alt=\"\" class=\"wp-image-3886\"\/><\/figure>\n<\/div>\n<\/div>\n\n\n\n<p><em>Todos os vivas ao advogado Cyrus Benevides, aniversariante de amanh\u00e3, domingo 18. M\u00faltiplo em sim mesmo, autor e radialista. No clique, com a sua refer\u00eancia maior de vida, seu pai m\u00e9dico Edgardo Benavides. Sa\u00fade e paz.<\/em><\/p>\n\n\n\n<div class=\"wp-block-columns is-layout-flex wp-container-core-columns-is-layout-9d6595d7 wp-block-columns-is-layout-flex\">\n<div class=\"wp-block-column is-layout-flow wp-block-column-is-layout-flow\" style=\"flex-basis:100%\">\n<figure class=\"wp-block-image size-large\"><img decoding=\"async\" src=\"https:\/\/marilenepaiva.com\/wp-content\/uploads\/2024\/08\/f6-erick-renata-e-joao-1024x797.jpeg\" alt=\"\" class=\"wp-image-3887\"\/><\/figure>\n<\/div>\n<\/div>\n\n\n\n<p><em>Esse cara mora no meu cora\u00e7\u00e3o faz tempo&#8230;Nascemos na mesma data, 15 de agosto, somos leoninos e guerreiros. Parab\u00e9ns Erick Caldas. A sua musa Renata e o filho Jo\u00e3o Arthur comandaram a sess\u00e3o bolo confeitado.<\/em><\/p>\n","protected":false},"excerpt":{"rendered":"<p>ARY ARA\u00daJO, TR\u00caS ANOS DE SAUDADES&#8230; E na \u00faltima quinta 15, dia da Assun\u00e7\u00e3o de Nossa Senhora, para os crist\u00e3os cat\u00f3licos, n\u00f3s nos irmanamos nas saudades de dois anos sem a presen\u00e7a f\u00edsica do Seu Ary Ara\u00fajo. Aos familiares, em especial Dona Clotilde, sua esposa de uma vida e aos filhos Marcos, Ev\u00e2nio, Maiza, Evans, [&hellip;]<\/p>\n","protected":false},"author":1,"featured_media":0,"comment_status":"open","ping_status":"open","sticky":true,"template":"","format":"standard","meta":{"footnotes":""},"categories":[3],"tags":[],"class_list":["post-3874","post","type-post","status-publish","format-standard","hentry","category-colunas"],"_links":{"self":[{"href":"https:\/\/marilenepaiva.com\/index.php?rest_route=\/wp\/v2\/posts\/3874","targetHints":{"allow":["GET"]}}],"collection":[{"href":"https:\/\/marilenepaiva.com\/index.php?rest_route=\/wp\/v2\/posts"}],"about":[{"href":"https:\/\/marilenepaiva.com\/index.php?rest_route=\/wp\/v2\/types\/post"}],"author":[{"embeddable":true,"href":"https:\/\/marilenepaiva.com\/index.php?rest_route=\/wp\/v2\/users\/1"}],"replies":[{"embeddable":true,"href":"https:\/\/marilenepaiva.com\/index.php?rest_route=%2Fwp%2Fv2%2Fcomments&post=3874"}],"version-history":[{"count":1,"href":"https:\/\/marilenepaiva.com\/index.php?rest_route=\/wp\/v2\/posts\/3874\/revisions"}],"predecessor-version":[{"id":3888,"href":"https:\/\/marilenepaiva.com\/index.php?rest_route=\/wp\/v2\/posts\/3874\/revisions\/3888"}],"wp:attachment":[{"href":"https:\/\/marilenepaiva.com\/index.php?rest_route=%2Fwp%2Fv2%2Fmedia&parent=3874"}],"wp:term":[{"taxonomy":"category","embeddable":true,"href":"https:\/\/marilenepaiva.com\/index.php?rest_route=%2Fwp%2Fv2%2Fcategories&post=3874"},{"taxonomy":"post_tag","embeddable":true,"href":"https:\/\/marilenepaiva.com\/index.php?rest_route=%2Fwp%2Fv2%2Ftags&post=3874"}],"curies":[{"name":"wp","href":"https:\/\/api.w.org\/{rel}","templated":true}]}}