{"id":3896,"date":"2024-08-19T21:41:41","date_gmt":"2024-08-19T21:41:41","guid":{"rendered":"https:\/\/marilenepaiva.com\/?p=3896"},"modified":"2024-08-19T22:23:18","modified_gmt":"2024-08-19T22:23:18","slug":"gente-de-fato-20-de-agosto-de-2024","status":"publish","type":"post","link":"https:\/\/marilenepaiva.com\/?p=3896","title":{"rendered":"GENTE DE FATO 20 DE AGOSTO DE 2024"},"content":{"rendered":"\n<p class=\"has-large-font-size\"><strong>CHAMPANHE NO GELO<\/strong><\/p>\n\n\n\n<p class=\"has-black-color has-text-color has-link-color has-medium-font-size wp-elements-547a7a0979672279b365c65d2874cb84\">Celebram idade nova hoje: Pablo Esc\u00f3ssia Pinheiro, Raimundo Alexandrino de Lima, Jo\u00e3o Gilberto de Souza e Melo, Dalva Aparecida Mar\u00e7al, Fl\u00e1vio Fernandes Costa, Edmilson Rebou\u00e7as de Souza, Rubens Lemos Filho, Everton Rebou\u00e7as, Aucileide Vieira Diniz, Firmina Maria de Jesus, Ramon Rodney, Hugo Freire Pinto, Maria Auxiliadora Praxedes de Freitas e Lel\u00e9u Freire. Felicidades!!!<\/p>\n\n\n\n<div class=\"wp-block-columns is-layout-flex wp-container-core-columns-is-layout-9d6595d7 wp-block-columns-is-layout-flex\">\n<div class=\"wp-block-column is-layout-flow wp-block-column-is-layout-flow\" style=\"flex-basis:100%\"><div class=\"wp-block-image\">\n<figure class=\"aligncenter size-full is-resized\"><img decoding=\"async\" src=\"https:\/\/marilenepaiva.com\/wp-content\/uploads\/2024\/08\/royalface-1.jpg\" alt=\"\" class=\"wp-image-3879\" style=\"width:296px;height:auto\"\/><\/figure>\n<\/div><\/div>\n<\/div>\n\n\n\n<blockquote class=\"wp-block-quote is-layout-flow wp-block-quote-is-layout-flow\">\n<p class=\"has-large-font-size\"><strong>ORPHEU<\/strong><\/p>\n\n\n\n<p class=\"has-black-color has-text-color has-link-color has-medium-font-size wp-elements-8e3b76bc77f0d63f807d89c514c366d7\">Tudo que sabemos \u00e9 uma impress\u00e3o nossa, e tudo que somos \u00e9 uma impress\u00e3o alheia, melodrama de n\u00f3s, que, sentindo-nos, nos constitu\u00edmos nossos pr\u00f3prios espectadores activos, nossos deuses por licen\u00e7a da C\u00e2mara.<\/p>\n\n\n\n<p class=\"has-black-color has-text-color has-link-color wp-elements-14ebd118e4ddbf3d8742eb5f66daa867\">( Pessoa &#8211; L. do D.)<\/p>\n<\/blockquote>\n\n\n<div class=\"wp-block-image\">\n<figure class=\"aligncenter size-full is-resized\"><img decoding=\"async\" src=\"https:\/\/marilenepaiva.com\/wp-content\/uploads\/2024\/08\/iate-1.jpg\" alt=\"\" class=\"wp-image-3877\" style=\"width:372px;height:auto\"\/><\/figure>\n<\/div>\n\n\n<p class=\"has-large-font-size\"><strong>UNS E OUTROS&#8230;<\/strong><\/p>\n\n\n\n<p class=\"has-black-color has-text-color has-link-color has-medium-font-size wp-elements-557294ecb59a7c4496e3161919e91e64\">Martha Medeiros para temperar a nossa ter\u00e7a: \u201cN\u00e3o gosto da vida em banho-maria, gosto de fogo, pimenta, alho, ervas, por um triz n\u00e3o sou uma bruxa.\u201d<\/p>\n\n\n<div class=\"wp-block-image\">\n<figure class=\"aligncenter size-large is-resized\"><img decoding=\"async\" src=\"https:\/\/marilenepaiva.com\/wp-content\/uploads\/2024\/08\/Imagem-do-WhatsApp-de-2024-04-04-as-08.53.06_7c569f46-1-1024x241.jpg\" alt=\"\" class=\"wp-image-3878\" style=\"width:391px;height:auto\"\/><\/figure>\n<\/div>\n\n\n<p class=\"has-black-color has-text-color has-link-color has-medium-font-size wp-elements-8c811543b6f815b43b7dd6b1352c18bb\">Mossoroenses prestigiaram o evento Torresmo Fest nas depend\u00eancias externas do Partage Shopping. Fui e gostei.<\/p>\n\n\n\n<div class=\"wp-block-columns is-layout-flex wp-container-core-columns-is-layout-9d6595d7 wp-block-columns-is-layout-flex\">\n<div class=\"wp-block-column is-layout-flow wp-block-column-is-layout-flow\" style=\"flex-basis:100%\"><div class=\"wp-block-image\">\n<figure class=\"aligncenter size-full is-resized\"><img decoding=\"async\" src=\"https:\/\/marilenepaiva.com\/wp-content\/uploads\/2024\/08\/trattoria-1.png\" alt=\"\" class=\"wp-image-3881\" style=\"width:262px;height:auto\"\/><\/figure>\n<\/div><\/div>\n<\/div>\n\n\n\n<p class=\"has-black-color has-text-color has-link-color has-medium-font-size wp-elements-8ddb24b7ef35a3a317cc17515b91d5f8\">E a gente segue agradecendo pelos mimos e mensagens dos 5.9.Muit\u00edssimo grata!<\/p>\n\n\n\n<div class=\"wp-block-columns is-layout-flex wp-container-core-columns-is-layout-9d6595d7 wp-block-columns-is-layout-flex\">\n<div class=\"wp-block-column is-layout-flow wp-block-column-is-layout-flow\" style=\"flex-basis:100%\"><div class=\"wp-block-image\">\n<figure class=\"aligncenter size-full is-resized\"><img decoding=\"async\" src=\"https:\/\/marilenepaiva.com\/wp-content\/uploads\/2024\/08\/serraboi-1.png\" alt=\"\" class=\"wp-image-3880\" style=\"width:268px;height:auto\"\/><\/figure>\n<\/div><\/div>\n<\/div>\n\n\n\n<p class=\"has-black-color has-text-color has-link-color has-medium-font-size wp-elements-e17e1b0b475057456bfc8944d9831144\">Ap\u00f3s os cinquenta anos, voc\u00ea n\u00e3o aguenta mais as restri\u00e7\u00f5es. Voc\u00ea n\u00e3o suporta os saltos altos nas pedras e os sorrisos das circunst\u00e2ncias&#8230;<\/p>\n\n\n\n<div class=\"wp-block-columns is-layout-flex wp-container-core-columns-is-layout-9d6595d7 wp-block-columns-is-layout-flex\">\n<div class=\"wp-block-column is-layout-flow wp-block-column-is-layout-flow\" style=\"flex-basis:100%\"><div class=\"wp-block-image\">\n<figure class=\"aligncenter size-full is-resized\"><img decoding=\"async\" src=\"https:\/\/marilenepaiva.com\/wp-content\/uploads\/2024\/08\/22-1.png\" alt=\"\" class=\"wp-image-3875\" style=\"width:250px;height:auto\"\/><\/figure>\n<\/div><\/div>\n<\/div>\n\n\n\n<p class=\"has-black-color has-text-color has-link-color has-medium-font-size wp-elements-047c52b0082305afda02e725e436f400\">Aos cinquenta voc\u00ea n\u00e3o quer mais provar. Voc\u00ea \u00e9 quem voc\u00ea \u00e9, as coisas que voc\u00ea fez e as coisas que voc\u00ea ainda quer fazer.Se estiver tudo bem com os outros, tudo bem. Caso contr\u00e1rio, \u00e9 assim mesmo. &nbsp;E pronto. E ponto.<\/p>\n\n\n\n<div class=\"wp-block-columns is-layout-flex wp-container-core-columns-is-layout-9d6595d7 wp-block-columns-is-layout-flex\">\n<div class=\"wp-block-column is-layout-flow wp-block-column-is-layout-flow\" style=\"flex-basis:100%\"><div class=\"wp-block-image\">\n<figure class=\"aligncenter size-full is-resized\"><img decoding=\"async\" src=\"https:\/\/marilenepaiva.com\/wp-content\/uploads\/2024\/08\/Captura-de-tela-2024-02-19-222258-1.png\" alt=\"\" class=\"wp-image-3876\" style=\"width:260px;height:auto\"\/><\/figure>\n<\/div><\/div>\n<\/div>\n\n\n\n<div class=\"wp-block-columns is-layout-flex wp-container-core-columns-is-layout-9d6595d7 wp-block-columns-is-layout-flex\">\n<div class=\"wp-block-column is-layout-flow wp-block-column-is-layout-flow\" style=\"flex-basis:100%\">\n<figure class=\"wp-block-image size-large\"><img decoding=\"async\" src=\"https:\/\/marilenepaiva.com\/wp-content\/uploads\/2024\/08\/F1-INGRID-E-DANILO-636x1024.jpg\" alt=\"\" class=\"wp-image-3897\"\/><\/figure>\n<\/div>\n<\/div>\n\n\n\n<p><em>Danilo Bila e Ingrid Lins. De tirar o f\u00f4lego. Lindos e vitoriosos. M\u00e9dica Ingrid Lins recebendo um pr\u00eamio internacional, Top of Business, destaque em empreendedorismo no transplante capilar, em Nova Iorque. Bravo!<\/em><\/p>\n\n\n\n<div class=\"wp-block-columns is-layout-flex wp-container-core-columns-is-layout-9d6595d7 wp-block-columns-is-layout-flex\">\n<div class=\"wp-block-column is-layout-flow wp-block-column-is-layout-flow\" style=\"flex-basis:100%\">\n<figure class=\"wp-block-image size-large\"><img decoding=\"async\" src=\"https:\/\/marilenepaiva.com\/wp-content\/uploads\/2024\/08\/F2-PABLO-ESCOSSIA-E-CAROL-MENDES-766x1024.jpg\" alt=\"\" class=\"wp-image-3898\"\/><\/figure>\n<\/div>\n<\/div>\n\n\n\n<p><em>Todos os vivas ao m\u00e9dico ortopedista, Pablo Esc\u00f3ssia Pinheiro, filho de Marcos Pedrosa e Silvana, muso de Carol Mendes e pai da linda Isabela. Parab\u00e9ns, primo amado!<\/em><\/p>\n\n\n\n<div class=\"wp-block-columns is-layout-flex wp-container-core-columns-is-layout-9d6595d7 wp-block-columns-is-layout-flex\">\n<div class=\"wp-block-column is-layout-flow wp-block-column-is-layout-flow\" style=\"flex-basis:100%\">\n<figure class=\"wp-block-image size-full\"><img decoding=\"async\" src=\"https:\/\/marilenepaiva.com\/wp-content\/uploads\/2024\/08\/F3-NAIDE-BESSA-E-RONALDO.jpg\" alt=\"\" class=\"wp-image-3899\"\/><\/figure>\n<\/div>\n<\/div>\n\n\n\n<p><em>Os av\u00f3s Ronaldo Medeiros e Naide Bessa, com a linda neta L\u00edvia que festejou 8 aninhos ao lado dos pais Talita e Luis Henrique Bessa de Medeiros. Em Patos. Parab\u00e9ns, meus queridos!<\/em><\/p>\n\n\n\n<div class=\"wp-block-columns is-layout-flex wp-container-core-columns-is-layout-9d6595d7 wp-block-columns-is-layout-flex\">\n<div class=\"wp-block-column is-layout-flow wp-block-column-is-layout-flow\" style=\"flex-basis:100%\">\n<figure class=\"wp-block-image size-large\"><img decoding=\"async\" src=\"https:\/\/marilenepaiva.com\/wp-content\/uploads\/2024\/08\/F4-DANIELA-E-RAFAELL-801x1024.jpg\" alt=\"\" class=\"wp-image-3900\"\/><\/figure>\n<\/div>\n<\/div>\n\n\n\n<p><em>O todo lindo Rafael Amaral Duarte, o ca\u00e7ula do casal&nbsp; m\u00e9dico Marcelo Duarte e da Magistrada Daniela Rosado completou 15 anos e ganhou mimos e abra\u00e7os. Felicidades!<\/em><\/p>\n\n\n\n<div class=\"wp-block-columns is-layout-flex wp-container-core-columns-is-layout-9d6595d7 wp-block-columns-is-layout-flex\">\n<div class=\"wp-block-column is-layout-flow wp-block-column-is-layout-flow\" style=\"flex-basis:100%\">\n<figure class=\"wp-block-image size-large\"><img decoding=\"async\" src=\"https:\/\/marilenepaiva.com\/wp-content\/uploads\/2024\/08\/F5-ANDRE-E-AMIGOS-1024x834.jpg\" alt=\"\" class=\"wp-image-3901\"\/><\/figure>\n<\/div>\n<\/div>\n\n\n\n<p><em>Direto da Serra de S\u00e3o Miguel, o professor Andr\u00e9 Pinheiro com os amigos Gabriel, Julia Lidiane e Aline Sandra, no lan\u00e7amento do novo card\u00e1pio e da Carta de Vinhos por Gilvan Passos, no Papar &amp; Papear.<\/em><\/p>\n\n\n\n<div class=\"wp-block-columns is-layout-flex wp-container-core-columns-is-layout-9d6595d7 wp-block-columns-is-layout-flex\">\n<div class=\"wp-block-column is-layout-flow wp-block-column-is-layout-flow\" style=\"flex-basis:100%\">\n<figure class=\"wp-block-image size-full\"><img decoding=\"async\" src=\"https:\/\/marilenepaiva.com\/wp-content\/uploads\/2024\/08\/f6-susanabenedito-e-welma.jpg\" alt=\"\" class=\"wp-image-3902\"\/><\/figure>\n<\/div>\n<\/div>\n\n\n\n<p><em>Hoje \u00e9 dia de encontrar com os acad\u00eamicos imortais casal Doutores Susana Goretti e Benedito Vasconcelos com a Ju\u00edza Welma Menezes, na Conven\u00e7\u00e3o Internacional e Cultural da Rede Sem Fronteiras. No Museu do Sert\u00e3o, a partir das 8h. At\u00e9 l\u00e1.<\/em><\/p>\n\n\n\n<p><\/p>\n","protected":false},"excerpt":{"rendered":"<p>CHAMPANHE NO GELO Celebram idade nova hoje: Pablo Esc\u00f3ssia Pinheiro, Raimundo Alexandrino de Lima, Jo\u00e3o Gilberto de Souza e Melo, Dalva Aparecida Mar\u00e7al, Fl\u00e1vio Fernandes Costa, Edmilson Rebou\u00e7as de Souza, Rubens Lemos Filho, Everton Rebou\u00e7as, Aucileide Vieira Diniz, Firmina Maria de Jesus, Ramon Rodney, Hugo Freire Pinto, Maria Auxiliadora Praxedes de Freitas e Lel\u00e9u Freire. [&hellip;]<\/p>\n","protected":false},"author":1,"featured_media":0,"comment_status":"open","ping_status":"open","sticky":true,"template":"","format":"standard","meta":{"footnotes":""},"categories":[3],"tags":[],"class_list":["post-3896","post","type-post","status-publish","format-standard","hentry","category-colunas"],"_links":{"self":[{"href":"https:\/\/marilenepaiva.com\/index.php?rest_route=\/wp\/v2\/posts\/3896","targetHints":{"allow":["GET"]}}],"collection":[{"href":"https:\/\/marilenepaiva.com\/index.php?rest_route=\/wp\/v2\/posts"}],"about":[{"href":"https:\/\/marilenepaiva.com\/index.php?rest_route=\/wp\/v2\/types\/post"}],"author":[{"embeddable":true,"href":"https:\/\/marilenepaiva.com\/index.php?rest_route=\/wp\/v2\/users\/1"}],"replies":[{"embeddable":true,"href":"https:\/\/marilenepaiva.com\/index.php?rest_route=%2Fwp%2Fv2%2Fcomments&post=3896"}],"version-history":[{"count":3,"href":"https:\/\/marilenepaiva.com\/index.php?rest_route=\/wp\/v2\/posts\/3896\/revisions"}],"predecessor-version":[{"id":3905,"href":"https:\/\/marilenepaiva.com\/index.php?rest_route=\/wp\/v2\/posts\/3896\/revisions\/3905"}],"wp:attachment":[{"href":"https:\/\/marilenepaiva.com\/index.php?rest_route=%2Fwp%2Fv2%2Fmedia&parent=3896"}],"wp:term":[{"taxonomy":"category","embeddable":true,"href":"https:\/\/marilenepaiva.com\/index.php?rest_route=%2Fwp%2Fv2%2Fcategories&post=3896"},{"taxonomy":"post_tag","embeddable":true,"href":"https:\/\/marilenepaiva.com\/index.php?rest_route=%2Fwp%2Fv2%2Ftags&post=3896"}],"curies":[{"name":"wp","href":"https:\/\/api.w.org\/{rel}","templated":true}]}}