{"id":3906,"date":"2024-08-20T23:05:33","date_gmt":"2024-08-20T23:05:33","guid":{"rendered":"https:\/\/marilenepaiva.com\/?p=3906"},"modified":"2024-08-21T10:48:23","modified_gmt":"2024-08-21T10:48:23","slug":"gente-de-fato-20-de-agosto-de-2024-2","status":"publish","type":"post","link":"https:\/\/marilenepaiva.com\/?p=3906","title":{"rendered":"GENTE DE FATO 21 DE AGOSTO DE 2024"},"content":{"rendered":"\n<p class=\"has-large-font-size\"><strong>\u00c9 OU S\u00c3O DUAS HORAS?<\/strong><\/p>\n\n\n\n<p class=\"has-black-color has-text-color has-link-color has-medium-font-size wp-elements-8f24d17d16bd5e3150675c31914357df\"><br>O professor S\u00e9rgio Nogueira diz pra gente. &#8220;S\u00e3o duas horas&#8221; \u00e9 a forma correta. Quando o verbo &#8220;ser&#8221; indicar hora, dist\u00e2ncia ou per\u00edodo de tempo, concordar\u00e1 com o predicativo do sujeito. Por isso dizemos &#8220;\u00e9 uma hora&#8221; e &#8220;s\u00e3o duas horas&#8221;.<\/p>\n\n\n\n<div class=\"wp-block-columns is-layout-flex wp-container-core-columns-is-layout-9d6595d7 wp-block-columns-is-layout-flex\">\n<div class=\"wp-block-column is-layout-flow wp-block-column-is-layout-flow\" style=\"flex-basis:100%\"><div class=\"wp-block-image\">\n<figure class=\"aligncenter size-full is-resized\"><img decoding=\"async\" src=\"https:\/\/marilenepaiva.com\/wp-content\/uploads\/2024\/08\/iate-1.jpg\" alt=\"\" class=\"wp-image-3877\" style=\"width:410px;height:auto\"\/><\/figure>\n<\/div><\/div>\n<\/div>\n\n\n\n<p class=\"has-large-font-size\"><strong>CHAMPANHE NO GELO<\/strong><\/p>\n\n\n\n<p class=\"has-black-color has-text-color has-link-color has-medium-font-size wp-elements-25b1f1b14d7e0c0bd6f7e19b129c2222\">Apagam velinhas hoje: Isaac Axel, Ione Negreiros Duarte, Luiz Teotonio de Paula Neto. E, amanh\u00e3, dia 22, antecipamos os votos para :, Lauro Augusto Ribeiro J\u00fanior, Patr\u00edcia Gurgel Gast\u00e3o, Vanusa Linhares de Souza, Ivo Lopes J\u00fanior, Renata Soraya, Isabele Torquato de Menezes, Jo\u00e3o Vicente Segundo, Teresinha Cabral, Herleila Lopes, Joao Paulo Felipe, Dalila Juvencio, Alana Giselly, Lucivan Praxedes, Virg\u00ednia G\u00f3is, Maria Marilene Marques, Daniel Amador, Fabia Danielle, Pedro Lucas Campos de Medeiros, Alane Medeiros, Marco Ot\u00e1vio, AnaLu, Thalson Freitas, Benedita Souza e Florinha Bessa. Parab\u00e9ns!!!!Felicidades!!!<\/p>\n\n\n\n<div class=\"wp-block-columns is-layout-flex wp-container-core-columns-is-layout-9d6595d7 wp-block-columns-is-layout-flex\">\n<div class=\"wp-block-column is-layout-flow wp-block-column-is-layout-flow\" style=\"flex-basis:100%\"><div class=\"wp-block-image\">\n<figure class=\"aligncenter size-large is-resized\"><img decoding=\"async\" src=\"https:\/\/marilenepaiva.com\/wp-content\/uploads\/2024\/08\/Imagem-do-WhatsApp-de-2024-04-04-as-08.53.06_7c569f46-1-1024x241.jpg\" alt=\"\" class=\"wp-image-3878\" style=\"width:416px;height:auto\"\/><\/figure>\n<\/div><\/div>\n<\/div>\n\n\n\n<p class=\"has-large-font-size\"><strong>PARA TODO MAL, A CURA.<\/strong><\/p>\n\n\n\n<p class=\"has-black-color has-text-color has-link-color has-medium-font-size wp-elements-b4bba877a143909da8fc0f89d4ed91e9\">E o nosso quarto livro ganha, a cada dia, mais profissionais que ir\u00e3o contar suas trajet\u00f3rias at\u00e9 chegarem no presente de suas vidas&nbsp; dentro da Medicina. S\u00e3o hist\u00f3rias de supera\u00e7\u00e3o e conquistas. Eu e a Rafaella Costa estamos felizes com as participa\u00e7\u00f5es.<\/p>\n\n\n\n<div class=\"wp-block-columns is-layout-flex wp-container-core-columns-is-layout-9d6595d7 wp-block-columns-is-layout-flex\">\n<div class=\"wp-block-column is-layout-flow wp-block-column-is-layout-flow\" style=\"flex-basis:100%\"><div class=\"wp-block-image\">\n<figure class=\"aligncenter size-full is-resized\"><img decoding=\"async\" src=\"https:\/\/marilenepaiva.com\/wp-content\/uploads\/2024\/08\/royalface-1.jpg\" alt=\"\" class=\"wp-image-3879\" style=\"width:282px;height:auto\"\/><\/figure>\n<\/div><\/div>\n<\/div>\n\n\n\n<p class=\"has-large-font-size\"><strong>CANOA, A NOSSA PRAIA<\/strong><\/p>\n\n\n\n<p class=\"has-black-color has-text-color has-link-color has-medium-font-size wp-elements-dc1cf7ae11d409eeaf54812f6e1f562c\">Desde sempre. E o sempre tem mais de tr\u00eas d\u00e9cadas. E tem Luiz Nogueira da Chega Mais que sabe como anfitrionar. Com carinho e acolhimento. Miem-se no exemplo.<\/p>\n\n\n\n<div class=\"wp-block-columns is-layout-flex wp-container-core-columns-is-layout-9d6595d7 wp-block-columns-is-layout-flex\">\n<div class=\"wp-block-column is-layout-flow wp-block-column-is-layout-flow\" style=\"flex-basis:100%\"><div class=\"wp-block-image\">\n<figure class=\"aligncenter size-full is-resized\"><img decoding=\"async\" src=\"https:\/\/marilenepaiva.com\/wp-content\/uploads\/2024\/08\/serraboi-1.png\" alt=\"\" class=\"wp-image-3880\" style=\"width:282px;height:auto\"\/><\/figure>\n<\/div><\/div>\n<\/div>\n\n\n\n<p class=\"has-large-font-size\"><strong>MC DIA FELIZ- 25 ANOS<\/strong><\/p>\n\n\n\n<p class=\"has-black-color has-text-color has-link-color has-medium-font-size wp-elements-9ced672002309750e6017284259165c4\">A empres\u00e1ria Lucineide Queiroz \u00e9 a Embaxatriz, fada madrinha da campanha Mac Lanche Feliz 2024 em Mossor\u00f3 e regi\u00e3o. Compre seu t\u00edquete e ajude crian\u00e7as e jovens com c\u00e2ncer.&nbsp;McDia Feliz 2024 at\u00e9 s\u00e1bado, 24 de Agosto.J\u00e1 compramos os nossos. Bora ser do bem.<\/p>\n\n\n\n<div class=\"wp-block-columns is-layout-flex wp-container-core-columns-is-layout-9d6595d7 wp-block-columns-is-layout-flex\">\n<div class=\"wp-block-column is-layout-flow wp-block-column-is-layout-flow\" style=\"flex-basis:100%\"><div class=\"wp-block-image\">\n<figure class=\"aligncenter size-full is-resized\"><img decoding=\"async\" src=\"https:\/\/marilenepaiva.com\/wp-content\/uploads\/2024\/08\/trattoria-1.png\" alt=\"\" class=\"wp-image-3881\" style=\"width:286px;height:auto\"\/><\/figure>\n<\/div><\/div>\n<\/div>\n\n\n\n<p class=\"has-large-font-size\"><strong>EI, PSIU<\/strong><\/p>\n\n\n\n<p class=\"has-black-color has-text-color has-link-color has-medium-font-size wp-elements-82c5213e33f5168cfd626e9c6506a16e\">Cuide bem do seu maior bem. Fam\u00edlia. Nosso maior tesouro. Nossa raiz e refer\u00eancia. Sempre.<\/p>\n\n\n\n<div class=\"wp-block-columns is-layout-flex wp-container-core-columns-is-layout-9d6595d7 wp-block-columns-is-layout-flex\">\n<div class=\"wp-block-column is-layout-flow wp-block-column-is-layout-flow\" style=\"flex-basis:100%\"><div class=\"wp-block-image\">\n<figure class=\"aligncenter size-full is-resized\"><img decoding=\"async\" src=\"https:\/\/marilenepaiva.com\/wp-content\/uploads\/2024\/08\/22-1.png\" alt=\"\" class=\"wp-image-3875\" style=\"width:286px;height:auto\"\/><\/figure>\n<\/div><\/div>\n<\/div>\n\n\n\n<div class=\"wp-block-columns is-layout-flex wp-container-core-columns-is-layout-9d6595d7 wp-block-columns-is-layout-flex\">\n<div class=\"wp-block-column is-layout-flow wp-block-column-is-layout-flow\" style=\"flex-basis:100%\"><div class=\"wp-block-image\">\n<figure class=\"aligncenter size-full is-resized\"><img decoding=\"async\" src=\"https:\/\/marilenepaiva.com\/wp-content\/uploads\/2024\/08\/Captura-de-tela-2024-02-19-222258-1.png\" alt=\"\" class=\"wp-image-3876\" style=\"width:289px;height:auto\"\/><\/figure>\n<\/div><\/div>\n<\/div>\n\n\n\n<p><\/p>\n\n\n\n<div class=\"wp-block-columns is-layout-flex wp-container-core-columns-is-layout-9d6595d7 wp-block-columns-is-layout-flex\">\n<div class=\"wp-block-column is-layout-flow wp-block-column-is-layout-flow\" style=\"flex-basis:100%\">\n<figure class=\"wp-block-image size-full\"><img decoding=\"async\" src=\"https:\/\/marilenepaiva.com\/wp-content\/uploads\/2024\/08\/f1-as-giansianas.jpg\" alt=\"\" class=\"wp-image-3907\"\/><\/figure>\n<\/div>\n<\/div>\n\n\n\n<p><em>Do meu profundo bem querer. Positivas e de bem com a vida, as Ginasianas, turma 1966 do Col\u00e9gio Sagrado Cora\u00e7\u00e3o de Maria, em seu nono encontro, no Versailles Recep\u00e7\u00f5es, em Natal.<\/em><\/p>\n\n\n\n<div class=\"wp-block-columns is-layout-flex wp-container-core-columns-is-layout-9d6595d7 wp-block-columns-is-layout-flex\">\n<div class=\"wp-block-column is-layout-flow wp-block-column-is-layout-flow\" style=\"flex-basis:100%\">\n<figure class=\"wp-block-image size-full\"><img decoding=\"async\" src=\"https:\/\/marilenepaiva.com\/wp-content\/uploads\/2024\/08\/f2-amios-com-luiz.jpg\" alt=\"\" class=\"wp-image-3908\"\/><\/figure>\n<\/div>\n<\/div>\n\n\n\n<p><em>Domingo super com o Big Boss de Canoa Quebrada, empres\u00e1rio Chega Mais Beach, Luiz Nogueira da Costa e amigos Gladson, Orlando e a toda linda Lilly Gama, Charles Paiva, Jefferson C\u00e2mara e Karen Flor, no Hotel de Charme Poozendine. Com direito a lua cheia e o marz\u00e3o de Canoa.<\/em><\/p>\n\n\n\n<div class=\"wp-block-columns is-layout-flex wp-container-core-columns-is-layout-9d6595d7 wp-block-columns-is-layout-flex\">\n<div class=\"wp-block-column is-layout-flow wp-block-column-is-layout-flow\" style=\"flex-basis:100%\">\n<figure class=\"wp-block-image size-full\"><img decoding=\"async\" src=\"https:\/\/marilenepaiva.com\/wp-content\/uploads\/2024\/08\/f3-zuila-e-luciene.jpg\" alt=\"\" class=\"wp-image-3909\"\/><\/figure>\n<\/div>\n<\/div>\n\n\n\n<p><em>Uma boa filha \u00e9 boa em tudo. Assim \u00e9 a querid\u00edssima Luciene Fontes que abriu a semana mimando sua mamis bacana, Zu\u00edla Fontes. Parab\u00e9ns, meus amores!<\/em><\/p>\n\n\n\n<div class=\"wp-block-columns is-layout-flex wp-container-core-columns-is-layout-9d6595d7 wp-block-columns-is-layout-flex\">\n<div class=\"wp-block-column is-layout-flow wp-block-column-is-layout-flow\" style=\"flex-basis:100%\">\n<figure class=\"wp-block-image size-full\"><img decoding=\"async\" src=\"https:\/\/marilenepaiva.com\/wp-content\/uploads\/2024\/08\/f4-deborabeatriz-e-tereza.jpg\" alt=\"\" class=\"wp-image-3910\"\/><\/figure>\n<\/div>\n<\/div>\n\n\n\n<p><em>Tr\u00eas meninas poderosas. As biom\u00e9dicas Tereza e Beatriz com a CEO da Royal Face, D\u00e9bora Fran\u00e7a, nos prestigiando na noite 5.9, Restaurante Trattoria. Muit\u00edssimo grata pelas honrosas presen\u00e7as!<\/em><\/p>\n\n\n\n<div class=\"wp-block-columns is-layout-flex wp-container-core-columns-is-layout-9d6595d7 wp-block-columns-is-layout-flex\">\n<div class=\"wp-block-column is-layout-flow wp-block-column-is-layout-flow\" style=\"flex-basis:100%\">\n<figure class=\"wp-block-image size-large\"><img decoding=\"async\" src=\"https:\/\/marilenepaiva.com\/wp-content\/uploads\/2024\/08\/F5-mari-e-segundo-632x1024.jpg\" alt=\"\" class=\"wp-image-3911\"\/><\/figure>\n<\/div>\n<\/div>\n\n\n\n<p><em>O Rio de Janeiro ficou mais lindo com eles curtindo e celebrando o amor, CEO Beta Sistemas Charles Paiva Segundo e\u00a0 a sua amada Enfermeira Mariana Duarte de Paiva. Amo, amo e amo!<\/em><\/p>\n\n\n\n<div class=\"wp-block-columns is-layout-flex wp-container-core-columns-is-layout-9d6595d7 wp-block-columns-is-layout-flex\">\n<div class=\"wp-block-column is-layout-flow wp-block-column-is-layout-flow\" style=\"flex-basis:100%\">\n<figure class=\"wp-block-image size-large\"><img decoding=\"async\" src=\"https:\/\/marilenepaiva.com\/wp-content\/uploads\/2024\/08\/f6-herleila-e-gil-850x1024.jpg\" alt=\"\" class=\"wp-image-3912\"\/><\/figure>\n<\/div>\n<\/div>\n\n\n\n<p><em>Todos os vivas para a odont\u00f3loga Herleila Lopes, aniversariante de amanh\u00e3,22. Musa absoluta do oftalmologista Gildivan Carneiro. Tintin bacanas!<\/em><\/p>\n\n\n\n<p><\/p>\n","protected":false},"excerpt":{"rendered":"<p>\u00c9 OU S\u00c3O DUAS HORAS? O professor S\u00e9rgio Nogueira diz pra gente. &#8220;S\u00e3o duas horas&#8221; \u00e9 a forma correta. Quando o verbo &#8220;ser&#8221; indicar hora, dist\u00e2ncia ou per\u00edodo de tempo, concordar\u00e1 com o predicativo do sujeito. Por isso dizemos &#8220;\u00e9 uma hora&#8221; e &#8220;s\u00e3o duas horas&#8221;. CHAMPANHE NO GELO Apagam velinhas hoje: Isaac Axel, Ione [&hellip;]<\/p>\n","protected":false},"author":1,"featured_media":0,"comment_status":"open","ping_status":"open","sticky":true,"template":"","format":"standard","meta":{"footnotes":""},"categories":[3],"tags":[],"class_list":["post-3906","post","type-post","status-publish","format-standard","hentry","category-colunas"],"_links":{"self":[{"href":"https:\/\/marilenepaiva.com\/index.php?rest_route=\/wp\/v2\/posts\/3906","targetHints":{"allow":["GET"]}}],"collection":[{"href":"https:\/\/marilenepaiva.com\/index.php?rest_route=\/wp\/v2\/posts"}],"about":[{"href":"https:\/\/marilenepaiva.com\/index.php?rest_route=\/wp\/v2\/types\/post"}],"author":[{"embeddable":true,"href":"https:\/\/marilenepaiva.com\/index.php?rest_route=\/wp\/v2\/users\/1"}],"replies":[{"embeddable":true,"href":"https:\/\/marilenepaiva.com\/index.php?rest_route=%2Fwp%2Fv2%2Fcomments&post=3906"}],"version-history":[{"count":2,"href":"https:\/\/marilenepaiva.com\/index.php?rest_route=\/wp\/v2\/posts\/3906\/revisions"}],"predecessor-version":[{"id":3914,"href":"https:\/\/marilenepaiva.com\/index.php?rest_route=\/wp\/v2\/posts\/3906\/revisions\/3914"}],"wp:attachment":[{"href":"https:\/\/marilenepaiva.com\/index.php?rest_route=%2Fwp%2Fv2%2Fmedia&parent=3906"}],"wp:term":[{"taxonomy":"category","embeddable":true,"href":"https:\/\/marilenepaiva.com\/index.php?rest_route=%2Fwp%2Fv2%2Fcategories&post=3906"},{"taxonomy":"post_tag","embeddable":true,"href":"https:\/\/marilenepaiva.com\/index.php?rest_route=%2Fwp%2Fv2%2Ftags&post=3906"}],"curies":[{"name":"wp","href":"https:\/\/api.w.org\/{rel}","templated":true}]}}