{"id":3915,"date":"2024-08-21T18:26:47","date_gmt":"2024-08-21T18:26:47","guid":{"rendered":"https:\/\/marilenepaiva.com\/?p=3915"},"modified":"2024-08-21T18:26:48","modified_gmt":"2024-08-21T18:26:48","slug":"gente-de-fato-22-de-agosto-de-2024","status":"publish","type":"post","link":"https:\/\/marilenepaiva.com\/?p=3915","title":{"rendered":"GENTE DE FATO 22 DE AGOSTO DE 2024"},"content":{"rendered":"\n<p class=\"has-large-font-size\"><strong>LUIZ TEOT\u00d4NIO DE PAULA NETO, PAULINHO da Honda, 80 anos.<\/strong><\/p>\n\n\n\n<p class=\"has-black-color has-text-color has-link-color has-medium-font-size wp-elements-2e83fb1d41daf15120c0d75384cdf240\">Hoje \u00e9 dia de celebrar os 80 anos do empres\u00e1rio Luiz Teot\u00f4nio de Paula Neto. Seu Paulinho da Honda. Um l\u00edder vision\u00e1rio. \u00a0Paulinho construiu ao longo dos anos uma carreira admir\u00e1vel, n\u00e3o apenas no \u00e2mbito empresarial, mas tamb\u00e9m como uma figura fundamental para todos que t\u00eam o privil\u00e9gio de conviver com ele. Sua vis\u00e3o empreendedora, aliada a um cora\u00e7\u00e3o generoso, fez com que ele se tornasse um verdadeiro pilar de sua equipe, sempre valorizando cada colaborador como parte essencial de sua grande fam\u00edlia. N\u00e3o \u00e9 a toa que a Motoeste figura o longo de suas cinco d\u00e9cadas, entre as cinco maiores concession\u00e1rias do Brasil, recebendo pr\u00eamios no Jap\u00e3o, Estados Unidos e Europa. Paulinho, um mosssoroense que orgulha sua cidade. Orgulho de seus funcion\u00e1rios. Orgulho de sua fam\u00edlia.<\/p>\n\n\n\n<div class=\"wp-block-columns is-layout-flex wp-container-core-columns-is-layout-9d6595d7 wp-block-columns-is-layout-flex\">\n<div class=\"wp-block-column is-layout-flow wp-block-column-is-layout-flow\" style=\"flex-basis:100%\"><div class=\"wp-block-image\">\n<figure class=\"aligncenter size-large is-resized\"><img decoding=\"async\" src=\"https:\/\/marilenepaiva.com\/wp-content\/uploads\/2024\/08\/Imagem-do-WhatsApp-de-2024-04-04-as-08.53.06_7c569f46-1-1024x241.jpg\" alt=\"\" class=\"wp-image-3878\" style=\"width:331px;height:auto\"\/><\/figure>\n<\/div><\/div>\n<\/div>\n\n\n\n<p class=\"has-large-font-size\"><strong>80 ANOS DE SEU PAULINHO<\/strong><\/p>\n\n\n\n<p class=\"has-black-color has-text-color has-link-color has-medium-font-size wp-elements-6ebaa5bc2462a093e67ca515bbae0e49\">Sua lideran\u00e7a n\u00e3o se limita ao ambiente de trabalho. Paulinho da Honda \u00e9 um exemplo para seus familiares e amigos, que o admiram pela sua sabedoria, perseveran\u00e7a e alegria de viver. E nada mais justo do que comemorar essa data t\u00e3o especial em grande estilo, com uma festa inesquec\u00edvel no Thermas Hall. A celebra\u00e7\u00e3o promete ser uma noite de muitas emo\u00e7\u00f5es, e eu, Marilene Paiva, n\u00e3o poderia deixar de marcar presen\u00e7a para prestigiar esse \u00edcone que tanto inspira nossa Mossor\u00f3. Parab\u00e9ns, Paulinho! Que seus 80 anos sejam apenas o in\u00edcio de muitas outras conquistas e momentos felizes ao lado de todos que o admiram e amam.<\/p>\n\n\n\n<div class=\"wp-block-columns is-layout-flex wp-container-core-columns-is-layout-9d6595d7 wp-block-columns-is-layout-flex\">\n<div class=\"wp-block-column is-layout-flow wp-block-column-is-layout-flow\" style=\"flex-basis:100%\"><div class=\"wp-block-image\">\n<figure class=\"aligncenter size-full is-resized\"><img decoding=\"async\" src=\"https:\/\/marilenepaiva.com\/wp-content\/uploads\/2024\/08\/royalface-1.jpg\" alt=\"\" class=\"wp-image-3879\" style=\"width:276px;height:auto\"\/><\/figure>\n<\/div><\/div>\n<\/div>\n\n\n\n<p class=\"has-large-font-size\"><strong>A FESTA<\/strong><\/p>\n\n\n\n<p class=\"has-black-color has-text-color has-link-color has-medium-font-size wp-elements-b809a1b963cd8d9a148c62c1ee785fda\">Uma festa se realiza com muito amor, dedica\u00e7\u00e3o e equipe. A noite de hoje, dos 80 anos do Senhor Paulinho, no Thermas Hall, tem a decora\u00e7\u00e3o assinada por Jordana Fernandes. O buffet, J\u00fanior To Go. Tereza Cristina grifa o bolo celebrativo e Diana Hellen, os doces finos. No registro das imagens, Habner Weiner e Fagner Duarte. A ilumina\u00e7\u00e3o, pela Cym. Vanessa Couto, by Real, com sua expertise, reponde pelo cerimonial<\/p>\n\n\n\n<div class=\"wp-block-columns is-layout-flex wp-container-core-columns-is-layout-9d6595d7 wp-block-columns-is-layout-flex\">\n<div class=\"wp-block-column is-layout-flow wp-block-column-is-layout-flow\" style=\"flex-basis:100%\"><div class=\"wp-block-image\">\n<figure class=\"aligncenter size-full is-resized\"><img decoding=\"async\" src=\"https:\/\/marilenepaiva.com\/wp-content\/uploads\/2024\/08\/iate-1.jpg\" alt=\"\" class=\"wp-image-3877\" style=\"width:377px;height:auto\"\/><\/figure>\n<\/div><\/div>\n<\/div>\n\n\n\n<figure class=\"wp-block-gallery has-nested-images columns-2 is-cropped wp-block-gallery-1 is-layout-flex wp-block-gallery-is-layout-flex\">\n<figure class=\"wp-block-image size-large\"><img decoding=\"async\" data-id=\"3881\" src=\"https:\/\/marilenepaiva.com\/wp-content\/uploads\/2024\/08\/trattoria-1.png\" alt=\"\" class=\"wp-image-3881\"\/><\/figure>\n\n\n\n<figure class=\"wp-block-image size-large\"><img decoding=\"async\" data-id=\"3880\" src=\"https:\/\/marilenepaiva.com\/wp-content\/uploads\/2024\/08\/serraboi-1.png\" alt=\"\" class=\"wp-image-3880\"\/><\/figure>\n\n\n\n<figure class=\"wp-block-image size-large\"><img decoding=\"async\" data-id=\"3876\" src=\"https:\/\/marilenepaiva.com\/wp-content\/uploads\/2024\/08\/Captura-de-tela-2024-02-19-222258-1.png\" alt=\"\" class=\"wp-image-3876\"\/><\/figure>\n\n\n\n<figure class=\"wp-block-image size-large\"><img decoding=\"async\" data-id=\"3875\" src=\"https:\/\/marilenepaiva.com\/wp-content\/uploads\/2024\/08\/22-1.png\" alt=\"\" class=\"wp-image-3875\"\/><\/figure>\n<\/figure>\n\n\n\n<div class=\"wp-block-columns is-layout-flex wp-container-core-columns-is-layout-9d6595d7 wp-block-columns-is-layout-flex\">\n<div class=\"wp-block-column is-layout-flow wp-block-column-is-layout-flow\" style=\"flex-basis:100%\">\n<figure class=\"wp-block-image size-full is-resized\"><img decoding=\"async\" src=\"https:\/\/marilenepaiva.com\/wp-content\/uploads\/2024\/08\/f1-paulinho.jpg\" alt=\"\" class=\"wp-image-3916\" style=\"width:607px;height:auto\"\/><\/figure>\n<\/div>\n<\/div>\n\n\n\n<p class=\"has-medium-font-size\"><em>Uma vida para celebrar. Uma hist\u00f3ria para contar. Amigos para encontrar. Hoje \u00e9 dia de cumprimentar o querido Luiz Teot\u00f4nio de Paula, que \u00a0celebra 80 bem vividos anos e, ao lado de sua esposa Lindinalva Martins de Paula, recebe convidados no Thermas Hall. Vivas para Seu\u00a0 \u00a0Paulinho e \u00a0Dona Linda!<\/em><\/p>\n","protected":false},"excerpt":{"rendered":"<p>LUIZ TEOT\u00d4NIO DE PAULA NETO, PAULINHO da Honda, 80 anos. Hoje \u00e9 dia de celebrar os 80 anos do empres\u00e1rio Luiz Teot\u00f4nio de Paula Neto. Seu Paulinho da Honda. Um l\u00edder vision\u00e1rio. \u00a0Paulinho construiu ao longo dos anos uma carreira admir\u00e1vel, n\u00e3o apenas no \u00e2mbito empresarial, mas tamb\u00e9m como uma figura fundamental para todos que [&hellip;]<\/p>\n","protected":false},"author":1,"featured_media":0,"comment_status":"open","ping_status":"open","sticky":true,"template":"","format":"standard","meta":{"footnotes":""},"categories":[3],"tags":[],"class_list":["post-3915","post","type-post","status-publish","format-standard","hentry","category-colunas"],"_links":{"self":[{"href":"https:\/\/marilenepaiva.com\/index.php?rest_route=\/wp\/v2\/posts\/3915","targetHints":{"allow":["GET"]}}],"collection":[{"href":"https:\/\/marilenepaiva.com\/index.php?rest_route=\/wp\/v2\/posts"}],"about":[{"href":"https:\/\/marilenepaiva.com\/index.php?rest_route=\/wp\/v2\/types\/post"}],"author":[{"embeddable":true,"href":"https:\/\/marilenepaiva.com\/index.php?rest_route=\/wp\/v2\/users\/1"}],"replies":[{"embeddable":true,"href":"https:\/\/marilenepaiva.com\/index.php?rest_route=%2Fwp%2Fv2%2Fcomments&post=3915"}],"version-history":[{"count":1,"href":"https:\/\/marilenepaiva.com\/index.php?rest_route=\/wp\/v2\/posts\/3915\/revisions"}],"predecessor-version":[{"id":3917,"href":"https:\/\/marilenepaiva.com\/index.php?rest_route=\/wp\/v2\/posts\/3915\/revisions\/3917"}],"wp:attachment":[{"href":"https:\/\/marilenepaiva.com\/index.php?rest_route=%2Fwp%2Fv2%2Fmedia&parent=3915"}],"wp:term":[{"taxonomy":"category","embeddable":true,"href":"https:\/\/marilenepaiva.com\/index.php?rest_route=%2Fwp%2Fv2%2Fcategories&post=3915"},{"taxonomy":"post_tag","embeddable":true,"href":"https:\/\/marilenepaiva.com\/index.php?rest_route=%2Fwp%2Fv2%2Ftags&post=3915"}],"curies":[{"name":"wp","href":"https:\/\/api.w.org\/{rel}","templated":true}]}}