{"id":3918,"date":"2024-08-22T19:30:50","date_gmt":"2024-08-22T19:30:50","guid":{"rendered":"https:\/\/marilenepaiva.com\/?p=3918"},"modified":"2024-08-22T20:01:41","modified_gmt":"2024-08-22T20:01:41","slug":"gente-de-fato-22-de-agosto-de-2024-2","status":"publish","type":"post","link":"https:\/\/marilenepaiva.com\/?p=3918","title":{"rendered":"GENTE DE FATO 23 DE AGOSTO DE 2024"},"content":{"rendered":"\n<blockquote class=\"wp-block-quote is-layout-flow wp-block-quote-is-layout-flow\">\n<p class=\"has-large-font-size\"><strong>AMOR, EM POEMA<\/strong><\/p>\n\n\n\n<p class=\"has-black-color has-text-color has-link-color has-medium-font-size wp-elements-6386fa94ec23d2c11f2fd4afcad3a486\">&nbsp; \u201cMeu amor, \u00e9 calmo , insigne e prestativo, amo- o, em adi\u00e7\u00e3o afora, mesmo sem&nbsp; excesso da saudade .<\/p>\n\n\n\n<p class=\"has-black-color has-text-color has-link-color has-medium-font-size wp-elements-3849ddd312c4adcc3105b2998f14759f\">&nbsp;&nbsp; Amo-o, com total independ\u00eancia, autonomia e, espontaneidade, acolhido pela perpetuidade&nbsp; continuada a todo momento, a toda hora.\u201d<\/p>\n\n\n\n<p>Lena Rocha!<\/p>\n<\/blockquote>\n\n\n\n<div class=\"wp-block-columns is-layout-flex wp-container-core-columns-is-layout-9d6595d7 wp-block-columns-is-layout-flex\">\n<div class=\"wp-block-column is-layout-flow wp-block-column-is-layout-flow\" style=\"flex-basis:100%\"><div class=\"wp-block-image\">\n<figure class=\"aligncenter size-full is-resized\"><img decoding=\"async\" src=\"https:\/\/marilenepaiva.com\/wp-content\/uploads\/2024\/08\/royalface-1.jpg\" alt=\"\" class=\"wp-image-3879\" style=\"width:292px;height:auto\"\/><\/figure>\n<\/div><\/div>\n<\/div>\n\n\n\n<p class=\"has-large-font-size\"><strong>VEJO FLORES EM VOC\u00ca<\/strong><\/p>\n\n\n\n<p class=\"has-black-color has-text-color has-link-color has-medium-font-size wp-elements-83417057516e6fe4c951a20e8de3dfbd\">A super Designer de Moda, empres\u00e1ria Marluce Bezerra, apresenta sua nova cole\u00e7\u00e3o de vestido de noivas, debutantes, vestidos de festa e traje para noivos, dia 28, na Casa de Vidro, com buffet Dona Teca Rooftop. At\u00e9 l\u00e1.<\/p>\n\n\n\n<div class=\"wp-block-columns is-layout-flex wp-container-core-columns-is-layout-9d6595d7 wp-block-columns-is-layout-flex\">\n<div class=\"wp-block-column is-layout-flow wp-block-column-is-layout-flow\" style=\"flex-basis:100%\"><div class=\"wp-block-image\">\n<figure class=\"aligncenter size-full is-resized\"><img decoding=\"async\" src=\"https:\/\/marilenepaiva.com\/wp-content\/uploads\/2024\/08\/iate-1.jpg\" alt=\"\" class=\"wp-image-3877\" style=\"width:367px;height:auto\"\/><\/figure>\n<\/div><\/div>\n<\/div>\n\n\n\n<p class=\"has-large-font-size\"><strong>BAZAR DA VIDA 2024<\/strong><\/p>\n\n\n\n<p class=\"has-black-color has-text-color has-link-color has-medium-font-size wp-elements-ced801630bc56df15ada32e2d0035850\">&nbsp;A Feira Bazar da Vida, em sua 4\u00aa edi\u00e7\u00e3o a feira traz inova\u00e7\u00e3o, lan\u00e7amentos e produtos com at\u00e9 80% de desconto. At\u00e9 amanh\u00e3,24 de agosto, no Garbos Recep\u00e7\u00f5es, das 10h \u00e0s 22h. O evento que tem por objetivo a promo\u00e7\u00e3o de produtos e servi\u00e7os diversificados. Integrando o calend\u00e1rio de eventos da cidade, a Bazar da Vida traz tamb\u00e9m em seu DNA a responsabilidade social e conex\u00f5es estrat\u00e9gicas.<\/p>\n\n\n\n<div class=\"wp-block-columns is-layout-flex wp-container-core-columns-is-layout-9d6595d7 wp-block-columns-is-layout-flex\">\n<div class=\"wp-block-column is-layout-flow wp-block-column-is-layout-flow\" style=\"flex-basis:100%\"><div class=\"wp-block-image\">\n<figure class=\"aligncenter size-large is-resized\"><img decoding=\"async\" src=\"https:\/\/marilenepaiva.com\/wp-content\/uploads\/2024\/08\/Imagem-do-WhatsApp-de-2024-04-04-as-08.53.06_7c569f46-1-1024x241.jpg\" alt=\"\" class=\"wp-image-3878\" style=\"width:408px;height:auto\"\/><\/figure>\n<\/div><\/div>\n<\/div>\n\n\n\n<p class=\"has-large-font-size\"><strong>BAZAR DA VIDA II<\/strong><\/p>\n\n\n\n<p class=\"has-black-color has-text-color has-link-color has-medium-font-size wp-elements-77ef4a7097da85def329d3099c1e1ffe\">A Feira \u00e9 uma oportunidade de se conectar com seu p\u00fablico-alvo e expandir seus neg\u00f3cios. Para os visitantes, \u00e9 um local de descoberta e celebra\u00e7\u00e3o, onde podem encontrar facilmente uma gama de produtos que n\u00e3o s\u00e3o encontrados da mesma forma em outros lugares.&nbsp; O objetivo da Feira Bazar da Vida \u00e9 gerar networking entre os expositores e as institui\u00e7\u00f5es que s\u00e3o beneficiadas com o evento. \u201cQuem ganha com a Feira Bazar da Vida \u00e9 a cidade de Mossor\u00f3 e o consumidor que, al\u00e9m de comprar produtos e servi\u00e7os de alta qualidade por pre\u00e7os super acess\u00edveis, ir\u00e1 tamb\u00e9m contribuir com institui\u00e7\u00f5es filantr\u00f3picas em seus servi\u00e7os para quem mais necessita\u201d.<\/p>\n\n\n\n<div class=\"wp-block-columns is-layout-flex wp-container-core-columns-is-layout-9d6595d7 wp-block-columns-is-layout-flex\">\n<div class=\"wp-block-column is-layout-flow wp-block-column-is-layout-flow\" style=\"flex-basis:100%\"><div class=\"wp-block-image\">\n<figure class=\"aligncenter size-full is-resized\"><img decoding=\"async\" src=\"https:\/\/marilenepaiva.com\/wp-content\/uploads\/2024\/08\/serraboi-1.png\" alt=\"\" class=\"wp-image-3880\" style=\"width:264px;height:auto\"\/><\/figure>\n<\/div><\/div>\n<\/div>\n\n\n\n<p class=\"has-large-font-size\"><strong>NOVIDADE<\/strong><\/p>\n\n\n\n<p class=\"has-black-color has-text-color has-link-color has-medium-font-size wp-elements-4db37606b1eab279c458a80009771055\">Nessa edi\u00e7\u00e3o a Bazar da Vida faz uma parceria com a \u00e1rea da sa\u00fade atrav\u00e9s do m\u00e9dico urologista Hallison Castro e a dermatologista Brenda Valen\u00e7a. Eles criaram juntos a Feira Bem Mais Sa\u00fade que agregar\u00e1 novas possibilidades de neg\u00f3cios, em ramos diversificados em Mossor\u00f3 e regi\u00e3o, agregando a isso responsabilidade social atrav\u00e9s de parcerias com diversas institui\u00e7\u00f5es locais, garantindo que parte dos benef\u00edcios gerados pelo evento sejam revertidos para institui\u00e7\u00f5es como a Liga Mossoroense de Estudos e Combate ao C\u00e2ncer (LMECC), cujo o trabalho realizado em prol dos pacientes, tem um amplo reconhecimento em todo o Estado.<\/p>\n\n\n\n<div class=\"wp-block-columns is-layout-flex wp-container-core-columns-is-layout-9d6595d7 wp-block-columns-is-layout-flex\">\n<div class=\"wp-block-column is-layout-flow wp-block-column-is-layout-flow\" style=\"flex-basis:100%\"><div class=\"wp-block-image\">\n<figure class=\"aligncenter size-full is-resized\"><img decoding=\"async\" src=\"https:\/\/marilenepaiva.com\/wp-content\/uploads\/2024\/08\/trattoria-1.png\" alt=\"\" class=\"wp-image-3881\" style=\"width:270px;height:auto\"\/><\/figure>\n<\/div><\/div>\n<\/div>\n\n\n\n<p class=\"has-large-font-size\"><strong>MOVIMENTA\u00c7\u00c3O<\/strong><\/p>\n\n\n\n<p class=\"has-black-color has-text-color has-link-color has-medium-font-size wp-elements-012cf79d67f53adf18ee97782b067dd1\">Ser\u00e3o 36 horas de oportunidade de compra e networking; mais de 70 expositores com produtos e servi\u00e7os diversificados; expectativa de 10 mil visitantes; \u00e9 um local de descoberta e celebra\u00e7\u00e3o, onde pode-se encontrar facilmente uma gama de produtos que n\u00e3o s\u00e3o encontrados da mesma forma em outros lugares.<\/p>\n\n\n\n<div class=\"wp-block-columns is-layout-flex wp-container-core-columns-is-layout-9d6595d7 wp-block-columns-is-layout-flex\">\n<div class=\"wp-block-column is-layout-flow wp-block-column-is-layout-flow\" style=\"flex-basis:100%\"><div class=\"wp-block-image\">\n<figure class=\"aligncenter size-full is-resized\"><img decoding=\"async\" src=\"https:\/\/marilenepaiva.com\/wp-content\/uploads\/2024\/08\/22-1.png\" alt=\"\" class=\"wp-image-3875\" style=\"width:258px;height:auto\"\/><\/figure>\n<\/div><\/div>\n<\/div>\n\n\n\n<div class=\"wp-block-columns is-layout-flex wp-container-core-columns-is-layout-9d6595d7 wp-block-columns-is-layout-flex\">\n<div class=\"wp-block-column is-layout-flow wp-block-column-is-layout-flow\" style=\"flex-basis:100%\"><div class=\"wp-block-image\">\n<figure class=\"aligncenter size-full is-resized\"><img decoding=\"async\" src=\"https:\/\/marilenepaiva.com\/wp-content\/uploads\/2024\/08\/Captura-de-tela-2024-02-19-222258-1.png\" alt=\"\" class=\"wp-image-3876\" style=\"width:271px;height:auto\"\/><\/figure>\n<\/div><\/div>\n<\/div>\n\n\n\n<div class=\"wp-block-columns is-layout-flex wp-container-core-columns-is-layout-9d6595d7 wp-block-columns-is-layout-flex\">\n<div class=\"wp-block-column is-layout-flow wp-block-column-is-layout-flow\" style=\"flex-basis:100%\">\n<figure class=\"wp-block-image size-large\"><img decoding=\"async\" src=\"https:\/\/marilenepaiva.com\/wp-content\/uploads\/2024\/08\/f1-lucineide-queiroz-768x1024.jpg\" alt=\"\" class=\"wp-image-3919\"\/><\/figure>\n<\/div>\n<\/div>\n\n\n\n<p><em>A empres\u00e1ria e advogada Lucineide Queiroz \u00e9 a madrinha do McDia Feliz 2024. A cada t\u00edcket comprado por 19 reais at\u00e9 o dia 24 de agosto, voc\u00ea se delicia com o big mac e colabora com a Casa de Apoio a crian\u00e7as e adolescentes com c\u00e2ncer em Mossor\u00f3 e regi\u00e3o. Vamos todos juntos!<\/em><\/p>\n\n\n\n<div class=\"wp-block-columns is-layout-flex wp-container-core-columns-is-layout-9d6595d7 wp-block-columns-is-layout-flex\">\n<div class=\"wp-block-column is-layout-flow wp-block-column-is-layout-flow\" style=\"flex-basis:100%\">\n<figure class=\"wp-block-image size-full\"><img decoding=\"async\" src=\"https:\/\/marilenepaiva.com\/wp-content\/uploads\/2024\/08\/f2-silvinhabasilio.jpg\" alt=\"\" class=\"wp-image-3920\"\/><\/figure>\n<\/div>\n<\/div>\n\n\n\n<p><em>O Banco do Brasil sempre presente nas causas sociais. Com o evento Mulheres no Topo, o Gerente Weiber Bas\u00edlio com Superintendente Regional Paulo Marinho e a empres\u00e1ria Silvinha Dantas na valoriza\u00e7\u00e3o do empreendedorismo feminino.<\/em><\/p>\n\n\n\n<div class=\"wp-block-columns is-layout-flex wp-container-core-columns-is-layout-9d6595d7 wp-block-columns-is-layout-flex\">\n<div class=\"wp-block-column is-layout-flow wp-block-column-is-layout-flow\" style=\"flex-basis:100%\">\n<figure class=\"wp-block-image size-large\"><img decoding=\"async\" src=\"https:\/\/marilenepaiva.com\/wp-content\/uploads\/2024\/08\/F3-ENVER-E-RAIZA-819x1024.jpeg\" alt=\"\" class=\"wp-image-3921\"\/><\/figure>\n<\/div>\n<\/div>\n\n\n\n<p><em>O casal Enver Freire e Ra\u00edza Holanda, idealizadores do Bazar da Vida, felizes e realizados com o sucesso da maior feira de neg\u00f3cios da regi\u00e3o, o Bazar da Vida. At\u00e9 amanh\u00e3, dia 24, no Garbos Recep\u00e7\u00f5es. Bravos!<\/em><\/p>\n\n\n\n<div class=\"wp-block-columns is-layout-flex wp-container-core-columns-is-layout-9d6595d7 wp-block-columns-is-layout-flex\">\n<div class=\"wp-block-column is-layout-flow wp-block-column-is-layout-flow\" style=\"flex-basis:100%\">\n<figure class=\"wp-block-image size-large\"><img decoding=\"async\" src=\"https:\/\/marilenepaiva.com\/wp-content\/uploads\/2024\/08\/f4-eduardo-768x1024.jpg\" alt=\"\" class=\"wp-image-3922\"\/><\/figure>\n<\/div>\n<\/div>\n\n\n\n<p><em>Hoje \u00e9 dia de bolo confeitado para o querid\u00edssimo Eduardo Batbuta. \u00a0Daqui para o Rio de Janeiro, Tio Du, receba os nossos votos sempre renovados de sa\u00fade, paz e muitas alegrias. Parab\u00e9ns!<\/em><\/p>\n\n\n\n<div class=\"wp-block-columns is-layout-flex wp-container-core-columns-is-layout-9d6595d7 wp-block-columns-is-layout-flex\">\n<div class=\"wp-block-column is-layout-flow wp-block-column-is-layout-flow\" style=\"flex-basis:100%\">\n<figure class=\"wp-block-image size-full is-resized\"><img decoding=\"async\" src=\"https:\/\/marilenepaiva.com\/wp-content\/uploads\/2024\/08\/F5-PETRAS-VINICIUS.jpg\" alt=\"\" class=\"wp-image-3923\" style=\"width:454px;height:auto\"\/><\/figure>\n<\/div>\n<\/div>\n\n\n\n<p><em>Do meu profundo bem querer. Positivo e de bem com a vida, o ex vereador Petras Vinicius apaga velinhas hoje. Tudo de melhor.<\/em><\/p>\n\n\n\n<div class=\"wp-block-columns is-layout-flex wp-container-core-columns-is-layout-9d6595d7 wp-block-columns-is-layout-flex\">\n<div class=\"wp-block-column is-layout-flow wp-block-column-is-layout-flow\" style=\"flex-basis:100%\">\n<figure class=\"wp-block-image size-large is-resized\"><img decoding=\"async\" src=\"https:\/\/marilenepaiva.com\/wp-content\/uploads\/2024\/08\/f6-eloneide-Fernandes-Costa-572x1024.jpg\" alt=\"\" class=\"wp-image-3924\" style=\"width:605px;height:auto\"\/><\/figure>\n<\/div>\n<\/div>\n\n\n\n<p><em>Semana inteirinha de vivas para a amad\u00edssima filha Dona Nazinha, Eloneide Fernandes Costa, que apagou velinhas e ganhou sess\u00e3o bolo confeitado. Daqui para Natal, renovamos os votos de felicidades!<\/em><\/p>\n","protected":false},"excerpt":{"rendered":"<p>AMOR, EM POEMA &nbsp; \u201cMeu amor, \u00e9 calmo , insigne e prestativo, amo- o, em adi\u00e7\u00e3o afora, mesmo sem&nbsp; excesso da saudade . &nbsp;&nbsp; Amo-o, com total independ\u00eancia, autonomia e, espontaneidade, acolhido pela perpetuidade&nbsp; continuada a todo momento, a toda hora.\u201d Lena Rocha! VEJO FLORES EM VOC\u00ca A super Designer de Moda, empres\u00e1ria Marluce Bezerra, [&hellip;]<\/p>\n","protected":false},"author":1,"featured_media":0,"comment_status":"open","ping_status":"open","sticky":true,"template":"","format":"standard","meta":{"footnotes":""},"categories":[3],"tags":[],"class_list":["post-3918","post","type-post","status-publish","format-standard","hentry","category-colunas"],"_links":{"self":[{"href":"https:\/\/marilenepaiva.com\/index.php?rest_route=\/wp\/v2\/posts\/3918","targetHints":{"allow":["GET"]}}],"collection":[{"href":"https:\/\/marilenepaiva.com\/index.php?rest_route=\/wp\/v2\/posts"}],"about":[{"href":"https:\/\/marilenepaiva.com\/index.php?rest_route=\/wp\/v2\/types\/post"}],"author":[{"embeddable":true,"href":"https:\/\/marilenepaiva.com\/index.php?rest_route=\/wp\/v2\/users\/1"}],"replies":[{"embeddable":true,"href":"https:\/\/marilenepaiva.com\/index.php?rest_route=%2Fwp%2Fv2%2Fcomments&post=3918"}],"version-history":[{"count":2,"href":"https:\/\/marilenepaiva.com\/index.php?rest_route=\/wp\/v2\/posts\/3918\/revisions"}],"predecessor-version":[{"id":3926,"href":"https:\/\/marilenepaiva.com\/index.php?rest_route=\/wp\/v2\/posts\/3918\/revisions\/3926"}],"wp:attachment":[{"href":"https:\/\/marilenepaiva.com\/index.php?rest_route=%2Fwp%2Fv2%2Fmedia&parent=3918"}],"wp:term":[{"taxonomy":"category","embeddable":true,"href":"https:\/\/marilenepaiva.com\/index.php?rest_route=%2Fwp%2Fv2%2Fcategories&post=3918"},{"taxonomy":"post_tag","embeddable":true,"href":"https:\/\/marilenepaiva.com\/index.php?rest_route=%2Fwp%2Fv2%2Ftags&post=3918"}],"curies":[{"name":"wp","href":"https:\/\/api.w.org\/{rel}","templated":true}]}}