{"id":3928,"date":"2024-08-24T01:41:23","date_gmt":"2024-08-24T01:41:23","guid":{"rendered":"https:\/\/marilenepaiva.com\/?p=3928"},"modified":"2024-08-24T01:41:25","modified_gmt":"2024-08-24T01:41:25","slug":"gente-de-fato-24-de-agosto-de-2024","status":"publish","type":"post","link":"https:\/\/marilenepaiva.com\/?p=3928","title":{"rendered":"GENTE DE FATO 24 DE AGOSTO DE 2024"},"content":{"rendered":"\n<p class=\"has-large-font-size\"><strong>PARTIU CONGELAR?<\/strong><\/p>\n\n\n\n<p class=\"has-black-color has-text-color has-link-color has-medium-font-size wp-elements-b3b94d44d29f05f49ce49df0c737fbcb\">O comportamento feminino vem mudando ao longo dos anos, e cada vez mais as mulheres est\u00e3o postergando a maternidade. Seja pela busca de estabilidade profissional e financeira, pela falta de parceiro (a), por quest\u00f5es de sa\u00fade, entre outros, a verdade \u00e9 que as mulheres est\u00e3o tendo filhos mais tarde. Nesta nova realidade, a maternidade mais do que nunca precisa ser planejada, pois a fertilidade feminina tem prazo de validade. Mas j\u00e1 \u00e9 poss\u00edvel &#8220;driblar &#8220;o rel\u00f3gio biol\u00f3gico permitindo que a mulher possa escolher seu melhor momento para ser m\u00e3e. Atrav\u00e9s do Congelamento de \u00d3vulos, o sonho da maternidade pode ser estendido e realizado no per\u00edodo mais adequado.<\/p>\n\n\n\n<div class=\"wp-block-columns is-layout-flex wp-container-core-columns-is-layout-9d6595d7 wp-block-columns-is-layout-flex\">\n<div class=\"wp-block-column is-layout-flow wp-block-column-is-layout-flow\" style=\"flex-basis:100%\"><div class=\"wp-block-image\">\n<figure class=\"aligncenter size-full is-resized\"><img decoding=\"async\" src=\"https:\/\/marilenepaiva.com\/wp-content\/uploads\/2024\/08\/iate-1.jpg\" alt=\"\" class=\"wp-image-3877\" style=\"width:525px;height:auto\"\/><\/figure>\n<\/div><\/div>\n<\/div>\n\n\n\n<p class=\"has-medium-font-size\"><strong>FADIGA CONSTANTE, DORES DE CABE\u00c7A E IRRITABILIDADE.<br><\/strong><\/p>\n\n\n\n<p class=\"has-black-color has-text-color has-link-color has-medium-font-size wp-elements-51aa1769c337cd38c45386b573a5cc8b\"><br>Talvez voc\u00ea j\u00e1 tenha sentido isso em algum momento da vida, ou convive diariamente com elas. Esses sintomas s\u00e3o causados por estresse cr\u00f4nico, e infelizmente esse problema tem atingido cada vez mais pessoas. De acordo com a OMS (Organiza\u00e7\u00e3o Mundial da Sa\u00fade),\u00a0o estresse atinge 90% da popula\u00e7\u00e3o mundial. Devido ao nosso estilo de vida contempor\u00e2neo que n\u00e3o ajuda, estamos perdendo a conex\u00e3o com nosso rel\u00f3gio biol\u00f3gico, usando telas de maneira excessiva e passando horas demais nas redes sociais. Tudo isso cria uma sobrecarga para nosso sistema, culminando em quadros de estresse. E a\u00ed? Como desligar? Eu subo a serra de Martins&#8230;outros no marz\u00e3o de Canoa Quebrada, Tibau Beach&#8230; Bora?<\/p>\n\n\n\n<div class=\"wp-block-columns is-layout-flex wp-container-core-columns-is-layout-9d6595d7 wp-block-columns-is-layout-flex\">\n<div class=\"wp-block-column is-layout-flow wp-block-column-is-layout-flow\" style=\"flex-basis:100%\"><div class=\"wp-block-image\">\n<figure class=\"aligncenter size-large is-resized\"><img decoding=\"async\" src=\"https:\/\/marilenepaiva.com\/wp-content\/uploads\/2024\/08\/Imagem-do-WhatsApp-de-2024-04-04-as-08.53.06_7c569f46-1-1024x241.jpg\" alt=\"\" class=\"wp-image-3878\" style=\"width:586px;height:auto\"\/><\/figure>\n<\/div><\/div>\n<\/div>\n\n\n\n<p class=\"has-large-font-size\"><strong>CHAMPANHE NO GELO<\/strong><\/p>\n\n\n\n<p class=\"has-black-color has-text-color has-link-color has-medium-font-size wp-elements-5d590737041aa8b2c72e484f76c0315f\">Festejam idade nova: Kaline Melo, Vanessa Duarte, Naiana Vitalino, Stanley Medeiros, Stefany Nunes, B\u00e1rbara Medeiros, Vanessa Duarte, Ben\u00edgna Medeiros, &nbsp;Rayssa Kallessa, Wellington Jacar\u00e9, &nbsp;Hionne Mara, Gabrielle Ara\u00fajo. E, amanh\u00e3, 25, antecipamos os votos de feliz anivers\u00e1rio para: Mima Adour Vasconcelos, Edith Fernandes Souto, Caio Ryketh de Medeiros, Cei\u00e7\u00e3o Diniz, Janete Dantas, Lidu\u00edna da Silva, Jorge Troper, Kalliana Mattos, Luzi\u00e1ria Machado, Ana Paula Tellys, Pablo Hyth, Britto J\u00fanior e R\u00f4mulo Emanuel. Parab\u00e9ns!!!<\/p>\n\n\n\n<div class=\"wp-block-columns is-layout-flex wp-container-core-columns-is-layout-9d6595d7 wp-block-columns-is-layout-flex\">\n<div class=\"wp-block-column is-layout-flow wp-block-column-is-layout-flow\" style=\"flex-basis:100%\"><div class=\"wp-block-image\">\n<figure class=\"aligncenter size-full is-resized\"><img decoding=\"async\" src=\"https:\/\/marilenepaiva.com\/wp-content\/uploads\/2024\/08\/royalface-1.jpg\" alt=\"\" class=\"wp-image-3879\" style=\"width:348px;height:auto\"\/><\/figure>\n<\/div><\/div>\n<\/div>\n\n\n\n<p class=\"has-large-font-size\"><strong>O MAGO<\/strong><\/p>\n\n\n\n<p class=\"has-black-color has-text-color has-link-color has-medium-font-size wp-elements-496bb1f7cba0311caddea7899d29e8f2\">\u201cEscreve. Seja uma carta, um di\u00e1rio ou umas notas enquanto falas ao telefone, mas escreve. Procura desnudar a tua alma por escrito, ainda que ningu\u00e9m leia; ou, o que \u00e9 pior, que algu\u00e9m acabe lendo o que n\u00e3o querias. O simples acto de escrever ajuda-nos a organizar o pensamento e a ver com mais clareza o que nos rodeia. Um papel e uma caneta fazem milagres, curam dores, consolidam sonhos, levam e trazem a esperan\u00e7a perdida. As palavras t\u00eam poder.&#8221; Do aniversariante de hoje, mago Paulo Coelho. Intelectuais tor\u00e7am o nariz.<\/p>\n\n\n\n<div class=\"wp-block-columns is-layout-flex wp-container-core-columns-is-layout-9d6595d7 wp-block-columns-is-layout-flex\">\n<div class=\"wp-block-column is-layout-flow wp-block-column-is-layout-flow\" style=\"flex-basis:100%\"><div class=\"wp-block-image\">\n<figure class=\"aligncenter size-full is-resized\"><img decoding=\"async\" src=\"https:\/\/marilenepaiva.com\/wp-content\/uploads\/2024\/08\/trattoria-1.png\" alt=\"\" class=\"wp-image-3881\" style=\"width:362px;height:auto\"\/><\/figure>\n<\/div><\/div>\n<\/div>\n\n\n\n<p class=\"has-large-font-size\"><strong>MIMA ADOUR<\/strong><\/p>\n\n\n\n<p class=\"has-black-color has-text-color has-link-color has-medium-font-size wp-elements-97e93f6479f8f746c77694ce5268364d\">Somos amigas desde a adolesc\u00eancia em Recife. Do Parque Aqu\u00e1tico do Sport Club do Recife. Voc\u00ea, t\u00e3o novinha j\u00e1 campe\u00e3 em tudo na vida. Amanh\u00e3, domingo 25 \u00e9 dia de bolo confeitado para a m\u00e3e da m\u00e9dica Nayana e do Engenheiro Flavinho. &nbsp;A av\u00f3 de Arthur. A esposa bela de Fl\u00e1vio. A gestora da Academia Atividade Fitness. A professora Mestra da UERN. A amiga de seus amigos. A pessoa de Deus. Nossa Senhora do Carmo te aben\u00e7oe. Hoje e sempre.<\/p>\n\n\n\n<div class=\"wp-block-columns is-layout-flex wp-container-core-columns-is-layout-9d6595d7 wp-block-columns-is-layout-flex\">\n<div class=\"wp-block-column is-layout-flow wp-block-column-is-layout-flow\" style=\"flex-basis:100%\"><div class=\"wp-block-image\">\n<figure class=\"aligncenter size-full is-resized\"><img decoding=\"async\" src=\"https:\/\/marilenepaiva.com\/wp-content\/uploads\/2024\/08\/Captura-de-tela-2024-02-19-222258-1.png\" alt=\"\" class=\"wp-image-3876\" style=\"width:341px;height:auto\"\/><\/figure>\n<\/div><\/div>\n<\/div>\n\n\n<div class=\"wp-block-image\">\n<figure class=\"aligncenter size-full is-resized\"><img decoding=\"async\" src=\"https:\/\/marilenepaiva.com\/wp-content\/uploads\/2024\/08\/22-1.png\" alt=\"\" class=\"wp-image-3875\" style=\"width:354px;height:auto\"\/><\/figure>\n<\/div>\n\n\n<div class=\"wp-block-columns is-layout-flex wp-container-core-columns-is-layout-9d6595d7 wp-block-columns-is-layout-flex\">\n<div class=\"wp-block-column is-layout-flow wp-block-column-is-layout-flow\" style=\"flex-basis:100%\"><div class=\"wp-block-image\">\n<figure class=\"aligncenter size-full is-resized\"><img decoding=\"async\" src=\"https:\/\/marilenepaiva.com\/wp-content\/uploads\/2024\/08\/serraboi-1.png\" alt=\"\" class=\"wp-image-3880\" style=\"width:326px;height:auto\"\/><\/figure>\n<\/div><\/div>\n<\/div>\n\n\n\n<div class=\"wp-block-columns is-layout-flex wp-container-core-columns-is-layout-9d6595d7 wp-block-columns-is-layout-flex\">\n<div class=\"wp-block-column is-layout-flow wp-block-column-is-layout-flow\" style=\"flex-basis:100%\">\n<figure class=\"wp-block-image size-large\"><img decoding=\"async\" src=\"https:\/\/marilenepaiva.com\/wp-content\/uploads\/2024\/08\/f1-mima-e-familia-845x1024.jpg\" alt=\"\" class=\"wp-image-3929\"\/><\/figure>\n<\/div>\n<\/div>\n\n\n\n<p><em>O tempo passa e ela fica cada dia mais plena, linda e bem resolvida. A aniversariante\u00a0\u00a0 querida de amanh\u00e3, dia 25, Mima Adour Vasconcelos com o marido muito amado Fl\u00e1vio Vasconcelos, e os filhos Flavinho e\u00a0m\u00e9dica Nayana. Tintin!<\/em><\/p>\n\n\n\n<div class=\"wp-block-columns is-layout-flex wp-container-core-columns-is-layout-9d6595d7 wp-block-columns-is-layout-flex\">\n<div class=\"wp-block-column is-layout-flow wp-block-column-is-layout-flow\" style=\"flex-basis:100%\">\n<figure class=\"wp-block-image size-full\"><img decoding=\"async\" src=\"https:\/\/marilenepaiva.com\/wp-content\/uploads\/2024\/08\/f2-kaio-e-edel.jpg\" alt=\"\" class=\"wp-image-3930\"\/><\/figure>\n<\/div>\n<\/div>\n\n\n\n<p><em>O CEO dos laborat\u00f3rios Analisys, acad\u00eamico de Medicina Caio Riket apaga velinhas amanh\u00e3, 25 e ganha os mimos da esposa\u00a0 Edelquin Vieira. Feliz anivers\u00e1rio. Sa\u00fade e alegrias.<\/em><\/p>\n\n\n\n<div class=\"wp-block-columns is-layout-flex wp-container-core-columns-is-layout-9d6595d7 wp-block-columns-is-layout-flex\">\n<div class=\"wp-block-column is-layout-flow wp-block-column-is-layout-flow\" style=\"flex-basis:100%\">\n<figure class=\"wp-block-image size-large\"><img decoding=\"async\" src=\"https:\/\/marilenepaiva.com\/wp-content\/uploads\/2024\/08\/F3-CICILIA-E-LU-799x1024.jpg\" alt=\"\" class=\"wp-image-3931\"\/><\/figure>\n<\/div>\n<\/div>\n\n\n\n<p><em>Todos os vivas para a aniversariante jornalista Luzi\u00e1ria Machado que apaga velinhas amanh\u00e3, 25. No clique ganhando o abra\u00e7o da Magn\u00edfica Reitora da UERN, Cicilia Maia. Parab\u00e9ns!<\/em><\/p>\n\n\n\n<div class=\"wp-block-columns is-layout-flex wp-container-core-columns-is-layout-9d6595d7 wp-block-columns-is-layout-flex\">\n<div class=\"wp-block-column is-layout-flow wp-block-column-is-layout-flow\" style=\"flex-basis:100%\">\n<figure class=\"wp-block-image size-full is-resized\"><img decoding=\"async\" src=\"https:\/\/marilenepaiva.com\/wp-content\/uploads\/2024\/08\/F4-EDITH-FERNANDES-SOUTO-1-1-1.jpg\" alt=\"\" class=\"wp-image-3932\" style=\"width:352px;height:auto\"\/><\/figure>\n<\/div>\n<\/div>\n\n\n\n<p><em>E a senhora Edith Souto Fernandes amanhece o domingo 25 celebrando idade nova. Renovamos os nossos votos de sa\u00fade, paz e bem! Feliz anivers\u00e1rio.<\/em><\/p>\n\n\n\n<div class=\"wp-block-columns is-layout-flex wp-container-core-columns-is-layout-9d6595d7 wp-block-columns-is-layout-flex\">\n<div class=\"wp-block-column is-layout-flow wp-block-column-is-layout-flow\" style=\"flex-basis:100%\">\n<figure class=\"wp-block-image size-large\"><img decoding=\"async\" src=\"https:\/\/marilenepaiva.com\/wp-content\/uploads\/2024\/08\/f5-enver-e-raiza-693x1024.jpg\" alt=\"\" class=\"wp-image-3933\"\/><\/figure>\n<\/div>\n<\/div>\n\n\n\n<p><em>Enver Freire e Ra\u00edza Leite, casal Top Gun da Feira Bazar da Vida, que encerra hoje, dia 24, no Garbos Recep\u00e7\u00f5es.\u00a0 Parab\u00e9ns, meus amores pela iniciativa e empreendedorismo que inclui inclus\u00e3o social e aquecimento nas vendas de segmentos m\u00faltiplos potiguares.<\/em><\/p>\n","protected":false},"excerpt":{"rendered":"<p>PARTIU CONGELAR? O comportamento feminino vem mudando ao longo dos anos, e cada vez mais as mulheres est\u00e3o postergando a maternidade. Seja pela busca de estabilidade profissional e financeira, pela falta de parceiro (a), por quest\u00f5es de sa\u00fade, entre outros, a verdade \u00e9 que as mulheres est\u00e3o tendo filhos mais tarde. Nesta nova realidade, a [&hellip;]<\/p>\n","protected":false},"author":1,"featured_media":0,"comment_status":"open","ping_status":"open","sticky":true,"template":"","format":"standard","meta":{"footnotes":""},"categories":[3],"tags":[],"class_list":["post-3928","post","type-post","status-publish","format-standard","hentry","category-colunas"],"_links":{"self":[{"href":"https:\/\/marilenepaiva.com\/index.php?rest_route=\/wp\/v2\/posts\/3928","targetHints":{"allow":["GET"]}}],"collection":[{"href":"https:\/\/marilenepaiva.com\/index.php?rest_route=\/wp\/v2\/posts"}],"about":[{"href":"https:\/\/marilenepaiva.com\/index.php?rest_route=\/wp\/v2\/types\/post"}],"author":[{"embeddable":true,"href":"https:\/\/marilenepaiva.com\/index.php?rest_route=\/wp\/v2\/users\/1"}],"replies":[{"embeddable":true,"href":"https:\/\/marilenepaiva.com\/index.php?rest_route=%2Fwp%2Fv2%2Fcomments&post=3928"}],"version-history":[{"count":1,"href":"https:\/\/marilenepaiva.com\/index.php?rest_route=\/wp\/v2\/posts\/3928\/revisions"}],"predecessor-version":[{"id":3934,"href":"https:\/\/marilenepaiva.com\/index.php?rest_route=\/wp\/v2\/posts\/3928\/revisions\/3934"}],"wp:attachment":[{"href":"https:\/\/marilenepaiva.com\/index.php?rest_route=%2Fwp%2Fv2%2Fmedia&parent=3928"}],"wp:term":[{"taxonomy":"category","embeddable":true,"href":"https:\/\/marilenepaiva.com\/index.php?rest_route=%2Fwp%2Fv2%2Fcategories&post=3928"},{"taxonomy":"post_tag","embeddable":true,"href":"https:\/\/marilenepaiva.com\/index.php?rest_route=%2Fwp%2Fv2%2Ftags&post=3928"}],"curies":[{"name":"wp","href":"https:\/\/api.w.org\/{rel}","templated":true}]}}