{"id":3936,"date":"2024-08-26T23:32:49","date_gmt":"2024-08-26T23:32:49","guid":{"rendered":"https:\/\/marilenepaiva.com\/?p=3936"},"modified":"2024-08-26T23:32:50","modified_gmt":"2024-08-26T23:32:50","slug":"gente-de-fato-27-de-agosto-de-2024","status":"publish","type":"post","link":"https:\/\/marilenepaiva.com\/?p=3936","title":{"rendered":"GENTE DE FATO 27 DE AGOSTO DE 2024"},"content":{"rendered":"\n<p class=\"has-large-font-size\"><strong>CHAMPANHE NO GELO<\/strong><\/p>\n\n\n\n<p class=\"has-black-color has-text-color has-link-color wp-elements-b0c48b50c20a239e798cfa2876d5f5cf\">E hoje, dia 27, desejamos votos de feliz anivers\u00e1rio aos queridos e queridas: Ana Helena Vasconcelos, Ma\u00e9cio Robert, Priscila Fernandes, Victor Lobato, Tereza Gl\u00edcia Queiroz Gondim, Carlos Paiva, G\u00e9ssyca Freire Jer\u00f4nimo Leonardo Rosado Nogueira, Tine Loureiro, G\u00e9ssyca Freire e Clara Cec\u00edlia. Felicidades.<\/p>\n\n\n\n<div class=\"wp-block-columns is-layout-flex wp-container-core-columns-is-layout-9d6595d7 wp-block-columns-is-layout-flex\">\n<div class=\"wp-block-column is-layout-flow wp-block-column-is-layout-flow\" style=\"flex-basis:100%\"><div class=\"wp-block-image\">\n<figure class=\"aligncenter size-large is-resized\"><img decoding=\"async\" src=\"https:\/\/marilenepaiva.com\/wp-content\/uploads\/2024\/08\/Imagem-do-WhatsApp-de-2024-04-04-as-08.53.06_7c569f46-1-1024x241.jpg\" alt=\"\" class=\"wp-image-3878\" style=\"width:582px;height:auto\"\/><\/figure>\n<\/div><\/div>\n<\/div>\n\n\n\n<p class=\"has-large-font-size\"><strong>A FESTA DE SEU PAULINHO DA HONDA<\/strong><\/p>\n\n\n\n<p class=\"has-black-color has-text-color has-link-color has-medium-font-size wp-elements-d2e029784a396b81287ce92bacddc47c\">O Thermas Hall, lindamente decorado por Jordana Fernandes, recebeu convidados de Seu Paulinho e Dona Linda. Na entrada, um painel iluminado pela CYM, com fotos da fam\u00edlia. Seguindo, um painel com a moto do aniversariante que se tornou o ambiente mais instagram\u00e1vel da festa. E que festa&#8230; Radiola Clube entregou um repert\u00f3rio dan\u00e7ante escolhido especialmente pelo Seu Paulinho. O cearense Paulo Jos\u00e9 Benevides chegou soltando sua voz que penetra na nossa alma e levou os convidados para a pista em um coro vibrante, cantando cl\u00e1ssicos como \u201cNew York, New York\u201d, \u201cMy Way\u201d, \u201cO Poderoso Chef\u00e3o\u201d.<\/p>\n\n\n\n<div class=\"wp-block-columns is-layout-flex wp-container-core-columns-is-layout-9d6595d7 wp-block-columns-is-layout-flex\">\n<div class=\"wp-block-column is-layout-flow wp-block-column-is-layout-flow\" style=\"flex-basis:100%\"><div class=\"wp-block-image\">\n<figure class=\"aligncenter size-full is-resized\"><img decoding=\"async\" src=\"https:\/\/marilenepaiva.com\/wp-content\/uploads\/2024\/08\/royalface-1.jpg\" alt=\"\" class=\"wp-image-3879\" style=\"width:290px;height:auto\"\/><\/figure>\n<\/div><\/div>\n<\/div>\n\n\n\n<p class=\"has-large-font-size\"><strong>A FESTA DE SEU PAULINHO DA HONDA II<\/strong><\/p>\n\n\n\n<p class=\"has-black-color has-text-color has-link-color has-medium-font-size wp-elements-d610df9a164c5af315fb0d2362491f96\">Por falar em convidados, a seleta e extensa lista de Seu Paulinho contou com ilustres presen\u00e7as dos mais diversos estados do pa\u00eds. Empres\u00e1rio querido, competente e com v\u00e1rios quil\u00f4metros de estrada, fez amigos por onde passou e na celebra\u00e7\u00e3o de oito d\u00e9cadas de vida, os abra\u00e7os sem d\u00favida alguma seriam assim, nos mais variados sotaques, acompanhados de muitos sorrisos sinceros. Adoramos reencontrar muitos mossoroenses que h\u00e1 tempos n\u00e3o v\u00edamos. Outro ponto de destaque segue para o Real Cerimonial, deu conta do recado direitinho e a festa organizad\u00edssima rendeu muitos elogios.<\/p>\n\n\n\n<div class=\"wp-block-columns is-layout-flex wp-container-core-columns-is-layout-9d6595d7 wp-block-columns-is-layout-flex\">\n<div class=\"wp-block-column is-layout-flow wp-block-column-is-layout-flow\" style=\"flex-basis:100%\"><div class=\"wp-block-image\">\n<figure class=\"aligncenter size-full is-resized\"><img decoding=\"async\" src=\"https:\/\/marilenepaiva.com\/wp-content\/uploads\/2024\/08\/iate-1.jpg\" alt=\"\" class=\"wp-image-3877\" style=\"width:453px;height:auto\"\/><\/figure>\n<\/div><\/div>\n<\/div>\n\n\n\n<p class=\"has-large-font-size\"><strong>NOITE DE AUT\u00d3GRAFOS<\/strong><\/p>\n\n\n\n<p class=\"has-black-color has-text-color has-link-color has-medium-font-size wp-elements-d22b5b34eaab56b818dc716a176e01ae\">O quarto livro que esta colunista organiza em parceria com a multifacetada, Rafaella Costa est\u00e1 a todo vapor. Quando a gente se junta, sempre sai coisa boa&#8230; e em se tratando de colet\u00e2neas ent\u00e3o, somamos uma \u00f3tima experi\u00eancia, afinal, j\u00e1 s\u00e3o quase 200 hist\u00f3rias que ajudamos a espalhar por a\u00ed. Trajet\u00f3rias bel\u00edssimas, que inspiram e nos fazem refletir sobre a vida e os projetos de cada profissional. Dessa vez, segmentamos a obra e estamos trabalhando o \u201cPara todo mal, a cura\u201d, sobre os desafios que m\u00e9dicos e m\u00e9dicas encararam para chegar ao patamar que se encontram.<\/p>\n\n\n\n<figure class=\"wp-block-gallery has-nested-images columns-2 is-cropped wp-block-gallery-1 is-layout-flex wp-block-gallery-is-layout-flex\">\n<figure class=\"wp-block-image size-large\"><img decoding=\"async\" data-id=\"3881\" src=\"https:\/\/marilenepaiva.com\/wp-content\/uploads\/2024\/08\/trattoria-1.png\" alt=\"\" class=\"wp-image-3881\"\/><\/figure>\n\n\n\n<figure class=\"wp-block-image size-large\"><img decoding=\"async\" data-id=\"3880\" src=\"https:\/\/marilenepaiva.com\/wp-content\/uploads\/2024\/08\/serraboi-1.png\" alt=\"\" class=\"wp-image-3880\"\/><\/figure>\n\n\n\n<figure class=\"wp-block-image size-large\"><img decoding=\"async\" data-id=\"3875\" src=\"https:\/\/marilenepaiva.com\/wp-content\/uploads\/2024\/08\/22-1.png\" alt=\"\" class=\"wp-image-3875\"\/><\/figure>\n\n\n\n<figure class=\"wp-block-image size-large\"><img decoding=\"async\" data-id=\"3876\" src=\"https:\/\/marilenepaiva.com\/wp-content\/uploads\/2024\/08\/Captura-de-tela-2024-02-19-222258-1.png\" alt=\"\" class=\"wp-image-3876\"\/><\/figure>\n<\/figure>\n\n\n\n<div class=\"wp-block-columns is-layout-flex wp-container-core-columns-is-layout-9d6595d7 wp-block-columns-is-layout-flex\">\n<div class=\"wp-block-column is-layout-flow wp-block-column-is-layout-flow\" style=\"flex-basis:100%\">\n<figure class=\"wp-block-image size-large\"><img decoding=\"async\" src=\"https:\/\/marilenepaiva.com\/wp-content\/uploads\/2024\/08\/F1-PAULINHO-ZILENE-CEICAOFAFA-E-LINDA-986x1024.jpg\" alt=\"\" class=\"wp-image-3937\"\/><\/figure>\n<\/div>\n<\/div>\n\n\n\n<p><em>O \u201cpoderoso chef\u00e3o\u201d Paulinho da Honda, ao lado da sua Dona Linda, recebendo Cei\u00e7\u00e3o Souza, Faf\u00e1 Rosado e Zilene Marques.<\/em><\/p>\n\n\n\n<div class=\"wp-block-columns is-layout-flex wp-container-core-columns-is-layout-9d6595d7 wp-block-columns-is-layout-flex\">\n<div class=\"wp-block-column is-layout-flow wp-block-column-is-layout-flow\" style=\"flex-basis:100%\">\n<figure class=\"wp-block-image size-large\"><img decoding=\"async\" src=\"https:\/\/marilenepaiva.com\/wp-content\/uploads\/2024\/08\/F2-BERNARDOBETINHA-ROBERTA-E-JONAS-714x1024.jpg\" alt=\"\" class=\"wp-image-3938\"\/><\/figure>\n<\/div>\n<\/div>\n\n\n\n<p><em>Jonas Costa e Roberta Rosado, com Bernardo Am\u00e9rico e Betinha Rosado, na festa de Seu Paulinho da Honda.<\/em><\/p>\n\n\n\n<div class=\"wp-block-columns is-layout-flex wp-container-core-columns-is-layout-9d6595d7 wp-block-columns-is-layout-flex\">\n<div class=\"wp-block-column is-layout-flow wp-block-column-is-layout-flow\" style=\"flex-basis:100%\">\n<figure class=\"wp-block-image size-large\"><img decoding=\"async\" src=\"https:\/\/marilenepaiva.com\/wp-content\/uploads\/2024\/08\/F3-Ramilson-Linda-Goreth-Emanuela-e-Marilene-1024x1021.jpg\" alt=\"\" class=\"wp-image-3939\"\/><\/figure>\n<\/div>\n<\/div>\n\n\n\n<p><em>Dona Linda e a filha Emanuela, recebendo o casal Ramilson Tito e Goreth, e esta colunista, nos 80 anos de Seu Paulinho.<\/em><\/p>\n\n\n\n<div class=\"wp-block-columns is-layout-flex wp-container-core-columns-is-layout-9d6595d7 wp-block-columns-is-layout-flex\">\n<div class=\"wp-block-column is-layout-flow wp-block-column-is-layout-flow\" style=\"flex-basis:100%\">\n<figure class=\"wp-block-image size-large\"><img decoding=\"async\" src=\"https:\/\/marilenepaiva.com\/wp-content\/uploads\/2024\/08\/F4-Claudio-Montenegro-e-Fabia-Albuquerque-1024x1024.jpg\" alt=\"\" class=\"wp-image-3940\"\/><\/figure>\n<\/div>\n<\/div>\n\n\n\n<p><em>Casal Cl\u00e1udio Montenegro e F\u00e1bia Albuquerque prestigiando os 80 anos de Seu Paulinho da Honda. Quero bem!<\/em><\/p>\n\n\n\n<div class=\"wp-block-columns is-layout-flex wp-container-core-columns-is-layout-9d6595d7 wp-block-columns-is-layout-flex\">\n<div class=\"wp-block-column is-layout-flow wp-block-column-is-layout-flow\" style=\"flex-basis:100%\">\n<figure class=\"wp-block-image size-large\"><img decoding=\"async\" src=\"https:\/\/marilenepaiva.com\/wp-content\/uploads\/2024\/08\/F5-Jussikleiton-e-Luciana-Lucas-e-Luana-1024x763.jpg\" alt=\"\" class=\"wp-image-3941\"\/><\/figure>\n<\/div>\n<\/div>\n\n\n\n<p><em>O todo querido de Luciana Rosado, odont\u00f3logo Jussikleiton Gomes \u00e9 o aniversariante muito querido de hoje. A sess\u00e3o bolo confeitado \u00e9 pilotada pelos filhos Lucas e Luana. Parab\u00e9ns!<\/em><\/p>\n\n\n\n<div class=\"wp-block-columns is-layout-flex wp-container-core-columns-is-layout-9d6595d7 wp-block-columns-is-layout-flex\">\n<div class=\"wp-block-column is-layout-flow wp-block-column-is-layout-flow\" style=\"flex-basis:100%\">\n<figure class=\"wp-block-image size-large\"><img decoding=\"async\" src=\"https:\/\/marilenepaiva.com\/wp-content\/uploads\/2024\/08\/F6-ANINHA-E-GLARYANE-1-1-1-2-753x1024.jpg\" alt=\"\" class=\"wp-image-3942\"\/><\/figure>\n<\/div>\n<\/div>\n\n\n\n<p><em>Todos os vivas a aniversariante muito amada, Ana Helena Vasconcelos Queiroz que apaga velinhas e ganha os mimos da querida Glaryane Queiroz. Aninha \u00e9 a amiga de todas as horas. Felicidades hoje e sempre!<\/em><\/p>\n\n\n\n<p><\/p>\n","protected":false},"excerpt":{"rendered":"<p>CHAMPANHE NO GELO E hoje, dia 27, desejamos votos de feliz anivers\u00e1rio aos queridos e queridas: Ana Helena Vasconcelos, Ma\u00e9cio Robert, Priscila Fernandes, Victor Lobato, Tereza Gl\u00edcia Queiroz Gondim, Carlos Paiva, G\u00e9ssyca Freire Jer\u00f4nimo Leonardo Rosado Nogueira, Tine Loureiro, G\u00e9ssyca Freire e Clara Cec\u00edlia. Felicidades. A FESTA DE SEU PAULINHO DA HONDA O Thermas Hall, [&hellip;]<\/p>\n","protected":false},"author":1,"featured_media":0,"comment_status":"open","ping_status":"open","sticky":true,"template":"","format":"standard","meta":{"footnotes":""},"categories":[3],"tags":[],"class_list":["post-3936","post","type-post","status-publish","format-standard","hentry","category-colunas"],"_links":{"self":[{"href":"https:\/\/marilenepaiva.com\/index.php?rest_route=\/wp\/v2\/posts\/3936","targetHints":{"allow":["GET"]}}],"collection":[{"href":"https:\/\/marilenepaiva.com\/index.php?rest_route=\/wp\/v2\/posts"}],"about":[{"href":"https:\/\/marilenepaiva.com\/index.php?rest_route=\/wp\/v2\/types\/post"}],"author":[{"embeddable":true,"href":"https:\/\/marilenepaiva.com\/index.php?rest_route=\/wp\/v2\/users\/1"}],"replies":[{"embeddable":true,"href":"https:\/\/marilenepaiva.com\/index.php?rest_route=%2Fwp%2Fv2%2Fcomments&post=3936"}],"version-history":[{"count":1,"href":"https:\/\/marilenepaiva.com\/index.php?rest_route=\/wp\/v2\/posts\/3936\/revisions"}],"predecessor-version":[{"id":3943,"href":"https:\/\/marilenepaiva.com\/index.php?rest_route=\/wp\/v2\/posts\/3936\/revisions\/3943"}],"wp:attachment":[{"href":"https:\/\/marilenepaiva.com\/index.php?rest_route=%2Fwp%2Fv2%2Fmedia&parent=3936"}],"wp:term":[{"taxonomy":"category","embeddable":true,"href":"https:\/\/marilenepaiva.com\/index.php?rest_route=%2Fwp%2Fv2%2Fcategories&post=3936"},{"taxonomy":"post_tag","embeddable":true,"href":"https:\/\/marilenepaiva.com\/index.php?rest_route=%2Fwp%2Fv2%2Ftags&post=3936"}],"curies":[{"name":"wp","href":"https:\/\/api.w.org\/{rel}","templated":true}]}}