{"id":3944,"date":"2024-08-27T22:00:10","date_gmt":"2024-08-27T22:00:10","guid":{"rendered":"https:\/\/marilenepaiva.com\/?p=3944"},"modified":"2024-08-27T22:00:11","modified_gmt":"2024-08-27T22:00:11","slug":"gente-de-fato-28-de-agosto-de-2024","status":"publish","type":"post","link":"https:\/\/marilenepaiva.com\/?p=3944","title":{"rendered":"GENTE DE FATO 28 DE AGOSTO DE 2024"},"content":{"rendered":"\n<p class=\"has-large-font-size\"><strong>24 ANOS DE FATO<\/strong><\/p>\n\n\n\n<p class=\"has-black-color has-text-color has-link-color has-medium-font-size wp-elements-0e2affda4f7e93c7f4ec0b84148e51d4\">Completar 24 anos escrevendo para um jornal impresso que tamb\u00e9m celebra 24 anos de exist\u00eancia \u00e9 uma experi\u00eancia \u00fanica e profundamente gratificante. \u00c9 uma jornada marcada por dedica\u00e7\u00e3o, paix\u00e3o e um compromisso inabal\u00e1vel com a verdade e a informa\u00e7\u00e3o. A alegria de ver nossas palavras impressas, de sentir o cheiro do papel rec\u00e9m-sa\u00eddo da gr\u00e1fica, e de saber que nossas hist\u00f3rias chegam \u00e0s m\u00e3os de centenas de leitores \u00e9 indescrit\u00edvel. Cada edi\u00e7\u00e3o \u00e9 um testemunho do esfor\u00e7o coletivo de uma equipe comandada por C\u00e9sar Santos e que, dia ap\u00f3s dia, se dedica a trazer not\u00edcias, an\u00e1lises e hist\u00f3rias que informam e inspiram a comunidade. Ao longo desses 24 anos, muitas mudan\u00e7as ocorreram no mundo do jornalismo, mas a ess\u00eancia de contar hist\u00f3rias relevantes e impactantes permaneceu a mesma no Jornal de Fato. A cada nova edi\u00e7\u00e3o, a emo\u00e7\u00e3o de ver nosso trabalho ganhar vida nas p\u00e1ginas do De Fato renova a paix\u00e3o pela escrita e pelo jornalismo.<\/p>\n\n\n\n<div class=\"wp-block-columns is-layout-flex wp-container-core-columns-is-layout-9d6595d7 wp-block-columns-is-layout-flex\">\n<div class=\"wp-block-column is-layout-flow wp-block-column-is-layout-flow\" style=\"flex-basis:100%\"><div class=\"wp-block-image\">\n<figure class=\"aligncenter size-full is-resized\"><img decoding=\"async\" src=\"https:\/\/marilenepaiva.com\/wp-content\/uploads\/2024\/08\/royalface-1.jpg\" alt=\"\" class=\"wp-image-3879\" style=\"width:278px;height:auto\"\/><\/figure>\n<\/div><\/div>\n<\/div>\n\n\n\n<p class=\"has-large-font-size\"><strong>MEUZALUNOS<\/strong><\/p>\n\n\n\n<p class=\"has-black-color has-text-color has-link-color has-medium-font-size wp-elements-b80ffe7a129ae7f0eb689fb148feb7b4\">Quando \u00e9 para ser, ser\u00e1. O cara quando tem empatia, conquista. Minha alma educadora vibra com o sucesso do professor Diego Moreira, profissional de Recrea\u00e7\u00e3o Infantil da Escola Municipal Heloisa Le\u00e3o, aqui, em Mossor\u00f3. Ele est\u00e1 sendo um fen\u00f4meno na internet. &nbsp;Com essas enquetes: Voc\u00ea prefere ficar rico ou seus alunos? Meuzalunos. Voc\u00ea prefere ficar em casa dormindo ou seus alunos? Meuzalunos. Voc\u00ea prefere sua namorada ou seus alunos? Meuzalunos.&nbsp; Vixe&#8230;deu uma paradinha em sua m\u00e3e ou seus alunos, mas para a alegria de todos, respondeu&#8230;Meuzalunos. Gente, temos que concordar.&nbsp; Quem \u00e9 o melhor professor dessa escola? Tio Diego. E pronto. E ponto.<\/p>\n\n\n<div class=\"wp-block-image\">\n<figure class=\"aligncenter size-full is-resized\"><img decoding=\"async\" src=\"https:\/\/marilenepaiva.com\/wp-content\/uploads\/2024\/08\/iate-1.jpg\" alt=\"\" class=\"wp-image-3877\" style=\"width:506px;height:auto\"\/><\/figure>\n<\/div>\n\n\n<p class=\"has-large-font-size\"><strong>CHAMPANHE NO GELO<\/strong><\/p>\n\n\n\n<p class=\"has-black-color has-text-color has-link-color has-medium-font-size wp-elements-59734f279537049747dc1861d40018ec\">Apagam velinhas hoje: Sueli Rosado, La\u00edre Rosado Filho, Hebert Vieira J\u00fanior, Jean Reis, Joel Borba, Nilton Giacomelli, Leonardo Almeida, H\u00e9lio Rodrigues da Rocha, Cl\u00e1udia Regina Freire de Azevedo, Edmundo Alves de Assis, K\u00e1tia Sheilla, Iza Ara\u00fajo e &nbsp;Euzethe Maria. Felicidades!<\/p>\n\n\n\n<div class=\"wp-block-columns is-layout-flex wp-container-core-columns-is-layout-9d6595d7 wp-block-columns-is-layout-flex\">\n<div class=\"wp-block-column is-layout-flow wp-block-column-is-layout-flow\" style=\"flex-basis:100%\"><div class=\"wp-block-image\">\n<figure class=\"aligncenter size-large is-resized\"><img decoding=\"async\" src=\"https:\/\/marilenepaiva.com\/wp-content\/uploads\/2024\/08\/Imagem-do-WhatsApp-de-2024-04-04-as-08.53.06_7c569f46-1-1024x241.jpg\" alt=\"\" class=\"wp-image-3878\" style=\"width:493px;height:auto\"\/><\/figure>\n<\/div><\/div>\n<\/div>\n\n\n\n<p class=\"has-large-font-size\"><strong>VEJO FLORES EM VOC\u00ca<\/strong><\/p>\n\n\n\n<p class=\"has-black-color has-text-color has-link-color has-medium-font-size wp-elements-cad84a479c1db7c2fdedf53295d69b78\">Com cole\u00e7\u00e3o assinada por ela mesma, a empres\u00e1ria Marluce Bezerra recebe hoje, na Casa de Vidro, para apresentar modelos de vestidos de noivas, debutantes, festas em geral e trajes para noivos, a partir das 19h. Buffet assinado pelo Dona T\u00eaca Rooftop. Marluce \u00e9 uma querida, nos veste muit\u00edssimo bem em diversos eventos e nos sentimos \u00f3tima&#8230; atendimento de excel\u00eancia em sua loja \u00e9 um dos pontos altos. Nos encontramos mais tarde.<\/p>\n\n\n\n<figure class=\"wp-block-gallery has-nested-images columns-2 is-cropped wp-block-gallery-1 is-layout-flex wp-block-gallery-is-layout-flex\">\n<figure class=\"wp-block-image size-large\"><img decoding=\"async\" data-id=\"3880\" src=\"https:\/\/marilenepaiva.com\/wp-content\/uploads\/2024\/08\/serraboi-1.png\" alt=\"\" class=\"wp-image-3880\"\/><\/figure>\n\n\n\n<figure class=\"wp-block-image size-large\"><img decoding=\"async\" data-id=\"3881\" src=\"https:\/\/marilenepaiva.com\/wp-content\/uploads\/2024\/08\/trattoria-1.png\" alt=\"\" class=\"wp-image-3881\"\/><\/figure>\n\n\n\n<figure class=\"wp-block-image size-large\"><img decoding=\"async\" data-id=\"3876\" src=\"https:\/\/marilenepaiva.com\/wp-content\/uploads\/2024\/08\/Captura-de-tela-2024-02-19-222258-1.png\" alt=\"\" class=\"wp-image-3876\"\/><\/figure>\n\n\n\n<figure class=\"wp-block-image size-large\"><img decoding=\"async\" data-id=\"3875\" src=\"https:\/\/marilenepaiva.com\/wp-content\/uploads\/2024\/08\/22-1.png\" alt=\"\" class=\"wp-image-3875\"\/><\/figure>\n<\/figure>\n\n\n\n<p><\/p>\n\n\n\n<div class=\"wp-block-columns is-layout-flex wp-container-core-columns-is-layout-9d6595d7 wp-block-columns-is-layout-flex\">\n<div class=\"wp-block-column is-layout-flow wp-block-column-is-layout-flow\" style=\"flex-basis:100%\">\n<figure class=\"wp-block-image size-large\"><img decoding=\"async\" src=\"https:\/\/marilenepaiva.com\/wp-content\/uploads\/2024\/08\/F1-Marilene-Paiva-e-Cesar-Santos-542x1024.jpg\" alt=\"\" class=\"wp-image-3945\"\/><\/figure>\n<\/div>\n<\/div>\n\n\n\n<p><em>Celebrar 24 anos de escrita em um jornal impresso que tamb\u00e9m completa 24 anos \u00e9 celebrar a persist\u00eancia, a evolu\u00e7\u00e3o e a import\u00e2ncia da imprensa escrita. \u00c9 um momento de olhar para tr\u00e1s com orgulho e para o futuro com esperan\u00e7a, sabendo que, independentemente das mudan\u00e7as tecnol\u00f3gicas, o valor das palavras impressas continuar\u00e1 a ser imensur\u00e1vel. Muito obrigada Jornalista Cesar Santos!<\/em><\/p>\n\n\n\n<div class=\"wp-block-columns is-layout-flex wp-container-core-columns-is-layout-9d6595d7 wp-block-columns-is-layout-flex\">\n<div class=\"wp-block-column is-layout-flow wp-block-column-is-layout-flow\" style=\"flex-basis:100%\">\n<figure class=\"wp-block-image size-full\"><img decoding=\"async\" src=\"https:\/\/marilenepaiva.com\/wp-content\/uploads\/2024\/08\/f2-herbert-junior.jpg\" alt=\"\" class=\"wp-image-3946\"\/><\/figure>\n<\/div>\n<\/div>\n\n\n\n<p><em>Hoje tem bolo confeitado na Cimsal. O aniversariante muito querido \u00e9 o empres\u00e1rio do segmento salineiro Hebert J\u00fanior. Aqui, recebendo o abra\u00e7o da esposa Gisela Dias Branco. Sa\u00fade, paz e alegrias!<\/em><\/p>\n\n\n\n<div class=\"wp-block-columns is-layout-flex wp-container-core-columns-is-layout-9d6595d7 wp-block-columns-is-layout-flex\">\n<div class=\"wp-block-column is-layout-flow wp-block-column-is-layout-flow\" style=\"flex-basis:100%\">\n<figure class=\"wp-block-image size-large\"><img decoding=\"async\" src=\"https:\/\/marilenepaiva.com\/wp-content\/uploads\/2024\/08\/F3-Chico-Dantas-1024x1020.jpg\" alt=\"\" class=\"wp-image-3947\"\/><\/figure>\n<\/div>\n<\/div>\n\n\n\n<p><em>Dia de festa para o vice-reitor da UERN, o professor Chico Dantas, que muda de idade hoje. Paz, sa\u00fade e muitos anos de vida. Tintim! Felicidades!<\/em><\/p>\n\n\n\n<div class=\"wp-block-columns is-layout-flex wp-container-core-columns-is-layout-9d6595d7 wp-block-columns-is-layout-flex\">\n<div class=\"wp-block-column is-layout-flow wp-block-column-is-layout-flow\" style=\"flex-basis:100%\">\n<figure class=\"wp-block-image size-large\"><img decoding=\"async\" src=\"https:\/\/marilenepaiva.com\/wp-content\/uploads\/2024\/08\/f4-dr-laire-e-sandra-998x1024.jpg\" alt=\"\" class=\"wp-image-3948\"\/><\/figure>\n<\/div>\n<\/div>\n\n\n\n<p><em>Dr La\u00edre Rosado Filho festeja mais um ano de vida ao lado da esposa \u00a0Sandra Rosado, filhos e netos. No clique, com a neta Sandrinha celebrando sua aprova\u00e7\u00e3o na OAB. Felicidades. Parab\u00e9ns!<\/em><\/p>\n\n\n\n<div class=\"wp-block-columns is-layout-flex wp-container-core-columns-is-layout-9d6595d7 wp-block-columns-is-layout-flex\">\n<div class=\"wp-block-column is-layout-flow wp-block-column-is-layout-flow\" style=\"flex-basis:100%\">\n<figure class=\"wp-block-image size-full\"><img decoding=\"async\" src=\"https:\/\/marilenepaiva.com\/wp-content\/uploads\/2024\/08\/F5-BRUNO-NEGREIROS-E-CARMEM-JULIA-1-1.jpg\" alt=\"\" class=\"wp-image-3949\"\/><\/figure>\n<\/div>\n<\/div>\n\n\n\n<p><em>O todo lindo ondont\u00f3logo Bruno Negreiros aniversaria hoje e ganha sess\u00e3o bolo confeitado da esposa Vereadora de Mossor\u00f3, Carmem J\u00falia. Parab\u00e9ns, \u00a0meus amores.<\/em><\/p>\n\n\n\n<div class=\"wp-block-columns is-layout-flex wp-container-core-columns-is-layout-9d6595d7 wp-block-columns-is-layout-flex\">\n<div class=\"wp-block-column is-layout-flow wp-block-column-is-layout-flow\" style=\"flex-basis:100%\">\n<figure class=\"wp-block-image size-large\"><img decoding=\"async\" src=\"https:\/\/marilenepaiva.com\/wp-content\/uploads\/2024\/08\/F6-MARLUCE-683x1024.jpeg\" alt=\"\" class=\"wp-image-3950\"\/><\/figure>\n<\/div>\n<\/div>\n\n\n\n<p><em>A\u00a0empres\u00e1ria e Design de Moda, Marluce Bezerra, recebe hoje convidados para a apresenta\u00e7\u00e3o da cole\u00e7\u00e3o Vejo Flores em Voc\u00ea. Na Casa de Vidro e Rooftop Dona Teca. At\u00e9 l\u00e1.<\/em><\/p>\n","protected":false},"excerpt":{"rendered":"<p>24 ANOS DE FATO Completar 24 anos escrevendo para um jornal impresso que tamb\u00e9m celebra 24 anos de exist\u00eancia \u00e9 uma experi\u00eancia \u00fanica e profundamente gratificante. \u00c9 uma jornada marcada por dedica\u00e7\u00e3o, paix\u00e3o e um compromisso inabal\u00e1vel com a verdade e a informa\u00e7\u00e3o. A alegria de ver nossas palavras impressas, de sentir o cheiro do [&hellip;]<\/p>\n","protected":false},"author":1,"featured_media":0,"comment_status":"open","ping_status":"open","sticky":true,"template":"","format":"standard","meta":{"footnotes":""},"categories":[3],"tags":[],"class_list":["post-3944","post","type-post","status-publish","format-standard","hentry","category-colunas"],"_links":{"self":[{"href":"https:\/\/marilenepaiva.com\/index.php?rest_route=\/wp\/v2\/posts\/3944","targetHints":{"allow":["GET"]}}],"collection":[{"href":"https:\/\/marilenepaiva.com\/index.php?rest_route=\/wp\/v2\/posts"}],"about":[{"href":"https:\/\/marilenepaiva.com\/index.php?rest_route=\/wp\/v2\/types\/post"}],"author":[{"embeddable":true,"href":"https:\/\/marilenepaiva.com\/index.php?rest_route=\/wp\/v2\/users\/1"}],"replies":[{"embeddable":true,"href":"https:\/\/marilenepaiva.com\/index.php?rest_route=%2Fwp%2Fv2%2Fcomments&post=3944"}],"version-history":[{"count":1,"href":"https:\/\/marilenepaiva.com\/index.php?rest_route=\/wp\/v2\/posts\/3944\/revisions"}],"predecessor-version":[{"id":3951,"href":"https:\/\/marilenepaiva.com\/index.php?rest_route=\/wp\/v2\/posts\/3944\/revisions\/3951"}],"wp:attachment":[{"href":"https:\/\/marilenepaiva.com\/index.php?rest_route=%2Fwp%2Fv2%2Fmedia&parent=3944"}],"wp:term":[{"taxonomy":"category","embeddable":true,"href":"https:\/\/marilenepaiva.com\/index.php?rest_route=%2Fwp%2Fv2%2Fcategories&post=3944"},{"taxonomy":"post_tag","embeddable":true,"href":"https:\/\/marilenepaiva.com\/index.php?rest_route=%2Fwp%2Fv2%2Ftags&post=3944"}],"curies":[{"name":"wp","href":"https:\/\/api.w.org\/{rel}","templated":true}]}}