{"id":3952,"date":"2024-08-29T00:12:49","date_gmt":"2024-08-29T00:12:49","guid":{"rendered":"https:\/\/marilenepaiva.com\/?p=3952"},"modified":"2024-08-29T18:34:11","modified_gmt":"2024-08-29T18:34:11","slug":"gente-de-fato-28-de-agosto-de-2024-2","status":"publish","type":"post","link":"https:\/\/marilenepaiva.com\/?p=3952","title":{"rendered":"GENTE DE FATO 29 DE AGOSTO DE 2024"},"content":{"rendered":"\n<p class=\"has-large-font-size\"><strong>SALVE DEUS<\/strong><\/p>\n\n\n\n<p class=\"has-black-color has-text-color has-link-color has-medium-font-size wp-elements-211ef17ae4c4c4d73c473692e03343c7\">Ide e ensinai. Eu aprendo todos os segundos da minha vida. Tenho excelentes Mestres. Gra\u00e7as!<\/p>\n\n\n\n<div class=\"wp-block-columns is-layout-flex wp-container-core-columns-is-layout-9d6595d7 wp-block-columns-is-layout-flex\">\n<div class=\"wp-block-column is-layout-flow wp-block-column-is-layout-flow\" style=\"flex-basis:100%\"><div class=\"wp-block-image\">\n<figure class=\"aligncenter size-full is-resized\"><img decoding=\"async\" src=\"https:\/\/marilenepaiva.com\/wp-content\/uploads\/2024\/08\/iate-1.jpg\" alt=\"\" class=\"wp-image-3877\" style=\"width:554px;height:auto\"\/><\/figure>\n<\/div><\/div>\n<\/div>\n\n\n\n<p class=\"has-large-font-size\"><strong>AGORA DEU MESMO<\/strong><\/p>\n\n\n\n<p class=\"has-black-color has-text-color has-link-color has-medium-font-size wp-elements-40ffd8664cda69847230dadd00cc084f\">N\u00e3o bastasse as baixarias t\u00e3o comuns no per\u00edodo eleitoral, tem candidato a vereador prometendo adiantar cirurgias eletivas pelo SUS. Gente&#8230;at\u00e9 onde sabemos a regula\u00e7\u00e3o \u00e9 muito s\u00e9ria. Pare de enganar o eleitor.<\/p>\n\n\n\n<div class=\"wp-block-columns is-layout-flex wp-container-core-columns-is-layout-9d6595d7 wp-block-columns-is-layout-flex\">\n<div class=\"wp-block-column is-layout-flow wp-block-column-is-layout-flow\" style=\"flex-basis:100%\"><div class=\"wp-block-image\">\n<figure class=\"aligncenter size-large is-resized\"><img decoding=\"async\" src=\"https:\/\/marilenepaiva.com\/wp-content\/uploads\/2024\/08\/Imagem-do-WhatsApp-de-2024-04-04-as-08.53.06_7c569f46-1-1024x241.jpg\" alt=\"\" class=\"wp-image-3878\" style=\"width:544px;height:auto\"\/><\/figure>\n<\/div><\/div>\n<\/div>\n\n\n\n<p class=\"has-large-font-size\"><strong>ARIANO SUASSUNA NA LITERATURA DE CORDEL<\/strong><\/p>\n\n\n\n<p class=\"has-black-color has-text-color has-link-color has-medium-font-size wp-elements-f53c028dbed42b97531a949e94c21cc8\">&nbsp;Recebemos do amigo e escritor Kydelmir Dantas o seu mais novo&nbsp; livro, com o grande Mestre, \u201cAriano Suassuna Na Literatura de Cordel\u201d, o lan\u00e7amento foi&nbsp; em sua cidade de origem , Nova Floresta, na Para\u00edba. Em breve, vir\u00e1 a Mossor\u00f3 para lan\u00e7armos aqui. Muito grata ao meu cangaceiro favorito!<\/p>\n\n\n\n<div class=\"wp-block-columns is-layout-flex wp-container-core-columns-is-layout-9d6595d7 wp-block-columns-is-layout-flex\">\n<div class=\"wp-block-column is-layout-flow wp-block-column-is-layout-flow\" style=\"flex-basis:100%\"><div class=\"wp-block-image\">\n<figure class=\"aligncenter size-full is-resized\"><img decoding=\"async\" src=\"https:\/\/marilenepaiva.com\/wp-content\/uploads\/2024\/08\/serraboi-1.png\" alt=\"\" class=\"wp-image-3880\" style=\"width:324px;height:auto\"\/><\/figure>\n<\/div><\/div>\n<\/div>\n\n\n\n<p class=\"has-large-font-size\">ALECRIM DOURADO<\/p>\n\n\n\n<p class=\"has-black-color has-text-color has-link-color has-medium-font-size wp-elements-bd5d8695a54b64452212a6d68b4305c2\">\u201cAssim, o respeito pelo outro \u00e9 fundamental para uma conviv\u00eancia \u00e9tica. O eu do outro \u00e9 diferente do meu eu. Somos diferentes. Todos n\u00f3s temos uma hist\u00f3ria, tivemos uma forma\u00e7\u00e3o espec\u00edfica e, assim, somos convidados a conviver de maneira espec\u00edfica, procurando respeitar e sermos respeitados.\u201d (Minutos de Reflex\u00e3o, p\u00e1g. 10)<\/p>\n\n\n\n<div class=\"wp-block-columns is-layout-flex wp-container-core-columns-is-layout-9d6595d7 wp-block-columns-is-layout-flex\">\n<div class=\"wp-block-column is-layout-flow wp-block-column-is-layout-flow\" style=\"flex-basis:100%\"><div class=\"wp-block-image\">\n<figure class=\"aligncenter size-full is-resized\"><img decoding=\"async\" src=\"https:\/\/marilenepaiva.com\/wp-content\/uploads\/2024\/08\/trattoria-1.png\" alt=\"\" class=\"wp-image-3881\" style=\"width:290px;height:auto\"\/><\/figure>\n<\/div><\/div>\n<\/div>\n\n\n\n<p class=\"has-large-font-size\"><strong>CHAMPANHE NO GELO<\/strong><\/p>\n\n\n\n<p class=\"has-black-color has-text-color has-link-color has-medium-font-size wp-elements-bac81a66edf518547210f1a5160fc083\">Apagam velinhas hoje: Monique S\u00e1, Fernanda Benjamim, Terezinha Vieira Dantas, Keyvilane Duarte de Fran\u00e7a N\u00e9lter Queiroz, Marta Maia Pedrosa, Clovis Lima, Frederyko Di\u00f3genes, Jean Reis, Beluze Oliveira Santana, Maria Luiza Alencar , Rita de C\u00e1ssia Nogueira Neta.Maria das Gra\u00e7as Pinto. Felicidades!<\/p>\n\n\n\n<div class=\"wp-block-columns is-layout-flex wp-container-core-columns-is-layout-9d6595d7 wp-block-columns-is-layout-flex\">\n<div class=\"wp-block-column is-layout-flow wp-block-column-is-layout-flow\" style=\"flex-basis:100%\">\n<figure class=\"wp-block-gallery has-nested-images columns-2 is-cropped wp-block-gallery-1 is-layout-flex wp-block-gallery-is-layout-flex\">\n<figure class=\"wp-block-image size-large\"><img decoding=\"async\" data-id=\"3875\" src=\"https:\/\/marilenepaiva.com\/wp-content\/uploads\/2024\/08\/22-1.png\" alt=\"\" class=\"wp-image-3875\"\/><\/figure>\n\n\n\n<figure class=\"wp-block-image size-large\"><img decoding=\"async\" data-id=\"3876\" src=\"https:\/\/marilenepaiva.com\/wp-content\/uploads\/2024\/08\/Captura-de-tela-2024-02-19-222258-1.png\" alt=\"\" class=\"wp-image-3876\"\/><\/figure>\n<\/figure>\n<\/div>\n<\/div>\n\n\n\n<div class=\"wp-block-columns is-layout-flex wp-container-core-columns-is-layout-9d6595d7 wp-block-columns-is-layout-flex\">\n<div class=\"wp-block-column is-layout-flow wp-block-column-is-layout-flow\" style=\"flex-basis:100%\">\n<figure class=\"wp-block-image size-large\"><img decoding=\"async\" src=\"https:\/\/marilenepaiva.com\/wp-content\/uploads\/2024\/08\/F1-JAIR-E-LUCINEIDE-542x1024.jpg\" alt=\"\" class=\"wp-image-3954\"\/><\/figure>\n<\/div>\n<\/div>\n\n\n\n<p><em>O casal de empres\u00e1rios Jair Urbano de Queiroz e Lucineide inaugura hoje, em Jo\u00e3o C\u00e2mara, mais um Atacad\u00e3o Queiroz. Parab\u00e9ns, sucessos mil!<\/em><\/p>\n\n\n\n<div class=\"wp-block-columns is-layout-flex wp-container-core-columns-is-layout-9d6595d7 wp-block-columns-is-layout-flex\">\n<div class=\"wp-block-column is-layout-flow wp-block-column-is-layout-flow\" style=\"flex-basis:100%\">\n<figure class=\"wp-block-image size-large\"><img decoding=\"async\" src=\"https:\/\/marilenepaiva.com\/wp-content\/uploads\/2024\/08\/F2-WELMA-684x1024.jpg\" alt=\"\" class=\"wp-image-3955\"\/><\/figure>\n<\/div>\n<\/div>\n\n\n\n<p><em>A Magistrada Dra Welma Menezes recebeu o Trof\u00e9u Cultura Sem Fronteiras da Rede Sem Fronteiras ao lado da Vice-presidente desta, Ana Maria Tourinho, no luxuoso Espa\u00e7o Athenne, do Lula\u2019s Buffet, em Fortaleza.<\/em><\/p>\n\n\n\n<div class=\"wp-block-columns is-layout-flex wp-container-core-columns-is-layout-9d6595d7 wp-block-columns-is-layout-flex\">\n<div class=\"wp-block-column is-layout-flow wp-block-column-is-layout-flow\" style=\"flex-basis:100%\">\n<figure class=\"wp-block-image size-large\"><img decoding=\"async\" src=\"https:\/\/marilenepaiva.com\/wp-content\/uploads\/2024\/08\/F3-Walter-Fonseca-Walter-Junior-e-Kadu-Fonseca-896x1024.jpg\" alt=\"\" class=\"wp-image-3956\"\/><\/figure>\n<\/div>\n<\/div>\n\n\n\n<p><em>O melhor lugar do mundo \u00e9 dentro de um abra\u00e7o. Imagine um amor incondicional desse pai Walter Fonseca pelos filhos Walter J\u00fanior e Kadu. No clique, prestigiando os 80 anos de Seu Paulinho, no Thermas Hall.<\/em><\/p>\n\n\n\n<div class=\"wp-block-columns is-layout-flex wp-container-core-columns-is-layout-9d6595d7 wp-block-columns-is-layout-flex\">\n<div class=\"wp-block-column is-layout-flow wp-block-column-is-layout-flow\" style=\"flex-basis:100%\">\n<figure class=\"wp-block-image size-large\"><img decoding=\"async\" src=\"https:\/\/marilenepaiva.com\/wp-content\/uploads\/2024\/08\/F4-BIANCA-744x1024.jpg\" alt=\"\" class=\"wp-image-3957\"\/><\/figure>\n<\/div>\n<\/div>\n\n\n\n<p><em>Orgulho nos define. A sobrinha Bianca Firmino de Paiva recebendo seu CRM. Dra Bianca \u00e9 filha de Raniere Paiva e Lucilia Firmino. Baile de Formatura, turma UERN, dia 11 de outubro. Parab\u00e9ns, Bia!<\/em><\/p>\n\n\n\n<div class=\"wp-block-columns is-layout-flex wp-container-core-columns-is-layout-9d6595d7 wp-block-columns-is-layout-flex\">\n<div class=\"wp-block-column is-layout-flow wp-block-column-is-layout-flow\" style=\"flex-basis:100%\">\n<figure class=\"wp-block-image size-large\"><img decoding=\"async\" src=\"https:\/\/marilenepaiva.com\/wp-content\/uploads\/2024\/08\/f5-jean-reis-600x1024.jpg\" alt=\"\" class=\"wp-image-3958\"\/><\/figure>\n<\/div>\n<\/div>\n\n\n\n<p><em>Ele \u00e9 do nosso benquerer. Todos os vivas ao aniversariante de hoje, o bacana Jean Reis. Sa\u00fade, paz e alegrias!!!<\/em><\/p>\n\n\n\n<div class=\"wp-block-columns is-layout-flex wp-container-core-columns-is-layout-9d6595d7 wp-block-columns-is-layout-flex\">\n<div class=\"wp-block-column is-layout-flow wp-block-column-is-layout-flow\" style=\"flex-basis:100%\">\n<figure class=\"wp-block-image size-large\"><img decoding=\"async\" src=\"https:\/\/marilenepaiva.com\/wp-content\/uploads\/2024\/08\/F6-VANIA-E-SANDRA-799x1024.jpg\" alt=\"\" class=\"wp-image-3959\"\/><\/figure>\n<\/div>\n<\/div>\n\n\n\n<p><em>A amada V\u00e2nia Holanda cumprimentando a Desembargadora Dra Sandra Elali. Vivas!<\/em><\/p>\n","protected":false},"excerpt":{"rendered":"<p>SALVE DEUS Ide e ensinai. Eu aprendo todos os segundos da minha vida. Tenho excelentes Mestres. Gra\u00e7as! AGORA DEU MESMO N\u00e3o bastasse as baixarias t\u00e3o comuns no per\u00edodo eleitoral, tem candidato a vereador prometendo adiantar cirurgias eletivas pelo SUS. Gente&#8230;at\u00e9 onde sabemos a regula\u00e7\u00e3o \u00e9 muito s\u00e9ria. Pare de enganar o eleitor. ARIANO SUASSUNA NA [&hellip;]<\/p>\n","protected":false},"author":1,"featured_media":0,"comment_status":"open","ping_status":"open","sticky":true,"template":"","format":"standard","meta":{"footnotes":""},"categories":[3],"tags":[],"class_list":["post-3952","post","type-post","status-publish","format-standard","hentry","category-colunas"],"_links":{"self":[{"href":"https:\/\/marilenepaiva.com\/index.php?rest_route=\/wp\/v2\/posts\/3952","targetHints":{"allow":["GET"]}}],"collection":[{"href":"https:\/\/marilenepaiva.com\/index.php?rest_route=\/wp\/v2\/posts"}],"about":[{"href":"https:\/\/marilenepaiva.com\/index.php?rest_route=\/wp\/v2\/types\/post"}],"author":[{"embeddable":true,"href":"https:\/\/marilenepaiva.com\/index.php?rest_route=\/wp\/v2\/users\/1"}],"replies":[{"embeddable":true,"href":"https:\/\/marilenepaiva.com\/index.php?rest_route=%2Fwp%2Fv2%2Fcomments&post=3952"}],"version-history":[{"count":2,"href":"https:\/\/marilenepaiva.com\/index.php?rest_route=\/wp\/v2\/posts\/3952\/revisions"}],"predecessor-version":[{"id":3961,"href":"https:\/\/marilenepaiva.com\/index.php?rest_route=\/wp\/v2\/posts\/3952\/revisions\/3961"}],"wp:attachment":[{"href":"https:\/\/marilenepaiva.com\/index.php?rest_route=%2Fwp%2Fv2%2Fmedia&parent=3952"}],"wp:term":[{"taxonomy":"category","embeddable":true,"href":"https:\/\/marilenepaiva.com\/index.php?rest_route=%2Fwp%2Fv2%2Fcategories&post=3952"},{"taxonomy":"post_tag","embeddable":true,"href":"https:\/\/marilenepaiva.com\/index.php?rest_route=%2Fwp%2Fv2%2Ftags&post=3952"}],"curies":[{"name":"wp","href":"https:\/\/api.w.org\/{rel}","templated":true}]}}