{"id":3962,"date":"2024-08-29T18:45:24","date_gmt":"2024-08-29T18:45:24","guid":{"rendered":"https:\/\/marilenepaiva.com\/?p=3962"},"modified":"2024-08-29T18:45:24","modified_gmt":"2024-08-29T18:45:24","slug":"gente-de-fato-30-de-agosto-de-2024","status":"publish","type":"post","link":"https:\/\/marilenepaiva.com\/?p=3962","title":{"rendered":"GENTE DE FATO 30 DE AGOSTO DE 2024"},"content":{"rendered":"\n<p class=\"has-large-font-size\"><strong>CHAMPANHE NO GELO<\/strong><\/p>\n\n\n\n<p class=\"has-black-color has-text-color has-link-color has-medium-font-size wp-elements-4319b9b03355eb795303d5bbbfd1d2dc\">Todos os vivas aos aniversariantes de hoje: Luc\u00eania Belem, Priscilla Britto,Marluce Russo, Marco Aur\u00e9lio de Lima, Pamela Rochelle de Oliveira, Maria da Saudade Azevedo e Darleny Brito. Parab\u00e9ns!<\/p>\n\n\n\n<div class=\"wp-block-columns is-layout-flex wp-container-core-columns-is-layout-9d6595d7 wp-block-columns-is-layout-flex\">\n<div class=\"wp-block-column is-layout-flow wp-block-column-is-layout-flow\" style=\"flex-basis:100%\"><div class=\"wp-block-image\">\n<figure class=\"aligncenter size-large is-resized\"><img decoding=\"async\" src=\"https:\/\/marilenepaiva.com\/wp-content\/uploads\/2024\/08\/Imagem-do-WhatsApp-de-2024-04-04-as-08.53.06_7c569f46-1-1024x241.jpg\" alt=\"\" class=\"wp-image-3878\" style=\"width:510px;height:auto\"\/><\/figure>\n<\/div><\/div>\n<\/div>\n\n\n\n<p class=\"has-large-font-size\"><strong>BOM GOSTO<\/strong><\/p>\n\n\n\n<p class=\"has-black-color has-text-color has-link-color has-medium-font-size wp-elements-c72fa2cfc636d43c8cb427d118abe4ce\">Visitamos o consult\u00f3rio da m\u00e9dica Nastassja Figueiredo e ficamos simplesmente encantadas. Tudo, tudinho mesmo, nos m\u00ednimos detalhes, de um bom gosto surpreendente. A propriet\u00e1ria tem requinte nas escolhas e \u00e9 muit\u00edssimo bem assessorada pelo papai artista pl\u00e1stico e arquiteto Carlos Careca, que cuidou de tudo, com o esmero de sempre e toques a mais, em se tratando se sua amada filha. A mammys Lucinha chegou junto, sem d\u00favidas. Dra. Nastassja \u00e9 nota mil no quesito medicina vascular e est\u00e9tica e claro, tamb\u00e9m, no bem receber e acolher seus pacientes.<\/p>\n\n\n\n<div class=\"wp-block-columns is-layout-flex wp-container-core-columns-is-layout-9d6595d7 wp-block-columns-is-layout-flex\">\n<div class=\"wp-block-column is-layout-flow wp-block-column-is-layout-flow\" style=\"flex-basis:100%\"><div class=\"wp-block-image\">\n<figure class=\"aligncenter size-full is-resized\"><img decoding=\"async\" src=\"https:\/\/marilenepaiva.com\/wp-content\/uploads\/2024\/08\/royalface-1.jpg\" alt=\"\" class=\"wp-image-3879\" style=\"width:348px;height:auto\"\/><\/figure>\n<\/div><\/div>\n<\/div>\n\n\n\n<p class=\"has-large-font-size\"><strong>GARFO E FACA<\/strong><\/p>\n\n\n\n<p class=\"has-black-color has-text-color has-link-color has-medium-font-size wp-elements-752e936bfd886d4cb192589cf6dcb6b1\">Todo dia, toda hora, o Restaurante Trattoria \u00e9 o queridinho quando se pensa em comer bem. No almo\u00e7o ou no jantar, as mesas est\u00e3o sempre disputadas e n\u00f3s adoramos perceber que o mossoroenses e turistas \u2013 a lazer ou trabalho \u2013 que por aqui passam, sabem reconhecer uma boa culin\u00e1ria. Pontos, muitos pontos para Cleciano Galdino e Sheila Franco que apostam em uma equipe bem treinada e em insumos de primeir\u00edssima qualidade. Sou f\u00e3.<\/p>\n\n\n\n<div class=\"wp-block-columns is-layout-flex wp-container-core-columns-is-layout-9d6595d7 wp-block-columns-is-layout-flex\">\n<div class=\"wp-block-column is-layout-flow wp-block-column-is-layout-flow\" style=\"flex-basis:100%\"><div class=\"wp-block-image\">\n<figure class=\"aligncenter size-full is-resized\"><img decoding=\"async\" src=\"https:\/\/marilenepaiva.com\/wp-content\/uploads\/2024\/08\/trattoria-1.png\" alt=\"\" class=\"wp-image-3881\" style=\"width:306px;height:auto\"\/><\/figure>\n<\/div><\/div>\n<\/div>\n\n\n\n<div class=\"wp-block-columns is-layout-flex wp-container-core-columns-is-layout-9d6595d7 wp-block-columns-is-layout-flex\">\n<div class=\"wp-block-column is-layout-flow wp-block-column-is-layout-flow\" style=\"flex-basis:100%\"><div class=\"wp-block-image\">\n<figure class=\"aligncenter size-full is-resized\"><img decoding=\"async\" src=\"https:\/\/marilenepaiva.com\/wp-content\/uploads\/2024\/08\/iate-1.jpg\" alt=\"\" class=\"wp-image-3877\" style=\"width:556px;height:auto\"\/><\/figure>\n<\/div><\/div>\n<\/div>\n\n\n\n<div class=\"wp-block-columns is-layout-flex wp-container-core-columns-is-layout-9d6595d7 wp-block-columns-is-layout-flex\">\n<div class=\"wp-block-column is-layout-flow wp-block-column-is-layout-flow\" style=\"flex-basis:100%\"><div class=\"wp-block-image\">\n<figure class=\"aligncenter size-full is-resized\"><img decoding=\"async\" src=\"https:\/\/marilenepaiva.com\/wp-content\/uploads\/2024\/08\/serraboi-1.png\" alt=\"\" class=\"wp-image-3880\" style=\"width:350px;height:auto\"\/><\/figure>\n<\/div><\/div>\n<\/div>\n\n\n\n<div class=\"wp-block-columns is-layout-flex wp-container-core-columns-is-layout-9d6595d7 wp-block-columns-is-layout-flex\">\n<div class=\"wp-block-column is-layout-flow wp-block-column-is-layout-flow\" style=\"flex-basis:100%\"><div class=\"wp-block-image\">\n<figure class=\"aligncenter size-full is-resized\"><img decoding=\"async\" src=\"https:\/\/marilenepaiva.com\/wp-content\/uploads\/2024\/08\/Captura-de-tela-2024-02-19-222258-1.png\" alt=\"\" class=\"wp-image-3876\" style=\"width:317px;height:auto\"\/><\/figure>\n<\/div><\/div>\n<\/div>\n\n\n\n<div class=\"wp-block-columns is-layout-flex wp-container-core-columns-is-layout-9d6595d7 wp-block-columns-is-layout-flex\">\n<div class=\"wp-block-column is-layout-flow wp-block-column-is-layout-flow\" style=\"flex-basis:100%\"><div class=\"wp-block-image\">\n<figure class=\"aligncenter size-full is-resized\"><img decoding=\"async\" src=\"https:\/\/marilenepaiva.com\/wp-content\/uploads\/2024\/08\/22-1.png\" alt=\"\" class=\"wp-image-3875\" style=\"width:330px;height:auto\"\/><\/figure>\n<\/div><\/div>\n<\/div>\n\n\n\n<div class=\"wp-block-columns is-layout-flex wp-container-core-columns-is-layout-9d6595d7 wp-block-columns-is-layout-flex\">\n<div class=\"wp-block-column is-layout-flow wp-block-column-is-layout-flow\" style=\"flex-basis:100%\">\n<figure class=\"wp-block-image size-large\"><img decoding=\"async\" src=\"https:\/\/marilenepaiva.com\/wp-content\/uploads\/2024\/08\/F1-LUCENIA-BELEM-379x1024.jpeg\" alt=\"\" class=\"wp-image-3963\"\/><\/figure>\n<\/div>\n<\/div>\n\n\n\n<p><em>Luc\u00eania Bel\u00e9m, chique, elegante e sincera. A mulher empoderada e de medidas certinhas celebra gratid\u00e3o a Deus por mais um ano de vida vislumbrando o futuro com esperan\u00e7a. Feliz anivers\u00e1rio, Paz e bem.<\/em><\/p>\n\n\n\n<div class=\"wp-block-columns is-layout-flex wp-container-core-columns-is-layout-9d6595d7 wp-block-columns-is-layout-flex\">\n<div class=\"wp-block-column is-layout-flow wp-block-column-is-layout-flow\" style=\"flex-basis:100%\">\n<figure class=\"wp-block-image size-full\"><img decoding=\"async\" src=\"https:\/\/marilenepaiva.com\/wp-content\/uploads\/2024\/08\/F2-PAULO-DE-PAULA.jpg\" alt=\"\" class=\"wp-image-3964\"\/><\/figure>\n<\/div>\n<\/div>\n\n\n\n<p><em>Ele \u00e9. Ele pode. \u00c9 brilhante em tudo o que realiza. O professor Paulo de Paula apaga velinhas hoje.\u00a0 Receba os nossos votos de feliz anivers\u00e1rio. Sa\u00fade e mais e mais sucessos!<\/em><\/p>\n\n\n\n<div class=\"wp-block-columns is-layout-flex wp-container-core-columns-is-layout-9d6595d7 wp-block-columns-is-layout-flex\">\n<div class=\"wp-block-column is-layout-flow wp-block-column-is-layout-flow\" style=\"flex-basis:100%\">\n<figure class=\"wp-block-image size-full\"><img decoding=\"async\" src=\"https:\/\/marilenepaiva.com\/wp-content\/uploads\/2024\/08\/F3-GERANA-E-ZORAIDE.jpg\" alt=\"\" class=\"wp-image-3965\"\/><\/figure>\n<\/div>\n<\/div>\n\n\n\n<p><em>A Magistrada Gerana Ver\u00edssimo divide sua data natal\u00edcia com a mamis Zoraide. Semana inteirinha de vivas. Parab\u00e9ns, \u00a0meus amores!<\/em><\/p>\n\n\n\n<div class=\"wp-block-columns is-layout-flex wp-container-core-columns-is-layout-9d6595d7 wp-block-columns-is-layout-flex\">\n<div class=\"wp-block-column is-layout-flow wp-block-column-is-layout-flow\" style=\"flex-basis:100%\">\n<figure class=\"wp-block-image size-large\"><img decoding=\"async\" src=\"https:\/\/marilenepaiva.com\/wp-content\/uploads\/2024\/08\/F4-ANDREA-ROSADO-461x1024.jpg\" alt=\"\" class=\"wp-image-3966\"\/><\/figure>\n<\/div>\n<\/div>\n\n\n\n<p><em>Ela \u00e9 puro charme e simpatia. Compet\u00eancia e carisma. A empres\u00e1ria Andrea Jales Rosado participando do 50\u00ba CONARH, o maior evento de RH da Am\u00e9rica Latina, em S\u00e3o Paulo.<\/em><\/p>\n\n\n\n<div class=\"wp-block-columns is-layout-flex wp-container-core-columns-is-layout-9d6595d7 wp-block-columns-is-layout-flex\">\n<div class=\"wp-block-column is-layout-flow wp-block-column-is-layout-flow\" style=\"flex-basis:100%\">\n<figure class=\"wp-block-image size-full\"><img decoding=\"async\" src=\"https:\/\/marilenepaiva.com\/wp-content\/uploads\/2024\/08\/F5-RENI-E-IRMAO.jpg\" alt=\"\" class=\"wp-image-3967\"\/><\/figure>\n<\/div>\n<\/div>\n\n\n\n<p><em>O muito querido Luciano Cunha, concorrendo \u00e0 reelei\u00e7\u00e3o municipal de Lajes Pintadas. No clique com a irm\u00e3 Reni K\u00e1tia e amigos. Sucessos.<\/em><\/p>\n\n\n\n<div class=\"wp-block-columns is-layout-flex wp-container-core-columns-is-layout-9d6595d7 wp-block-columns-is-layout-flex\">\n<div class=\"wp-block-column is-layout-flow wp-block-column-is-layout-flow\" style=\"flex-basis:100%\">\n<figure class=\"wp-block-image size-large\"><img decoding=\"async\" src=\"https:\/\/marilenepaiva.com\/wp-content\/uploads\/2024\/08\/F6-SAUDAE-845x1024.jpg\" alt=\"\" class=\"wp-image-3968\"\/><\/figure>\n<\/div>\n<\/div>\n\n\n\n<p><em>Hoje \u00e9 dia parabenizar a amiga Saudade Azevedo que brinda idade nova ao lado dos amigos e familiares. Saudade \u00e9 apresentadora do Programa As Feras, aos domingos na 93 FM. Felicidades!<\/em><\/p>\n","protected":false},"excerpt":{"rendered":"<p>CHAMPANHE NO GELO Todos os vivas aos aniversariantes de hoje: Luc\u00eania Belem, Priscilla Britto,Marluce Russo, Marco Aur\u00e9lio de Lima, Pamela Rochelle de Oliveira, Maria da Saudade Azevedo e Darleny Brito. Parab\u00e9ns! BOM GOSTO Visitamos o consult\u00f3rio da m\u00e9dica Nastassja Figueiredo e ficamos simplesmente encantadas. Tudo, tudinho mesmo, nos m\u00ednimos detalhes, de um bom gosto surpreendente. [&hellip;]<\/p>\n","protected":false},"author":1,"featured_media":0,"comment_status":"open","ping_status":"open","sticky":true,"template":"","format":"standard","meta":{"footnotes":""},"categories":[3],"tags":[],"class_list":["post-3962","post","type-post","status-publish","format-standard","hentry","category-colunas"],"_links":{"self":[{"href":"https:\/\/marilenepaiva.com\/index.php?rest_route=\/wp\/v2\/posts\/3962","targetHints":{"allow":["GET"]}}],"collection":[{"href":"https:\/\/marilenepaiva.com\/index.php?rest_route=\/wp\/v2\/posts"}],"about":[{"href":"https:\/\/marilenepaiva.com\/index.php?rest_route=\/wp\/v2\/types\/post"}],"author":[{"embeddable":true,"href":"https:\/\/marilenepaiva.com\/index.php?rest_route=\/wp\/v2\/users\/1"}],"replies":[{"embeddable":true,"href":"https:\/\/marilenepaiva.com\/index.php?rest_route=%2Fwp%2Fv2%2Fcomments&post=3962"}],"version-history":[{"count":1,"href":"https:\/\/marilenepaiva.com\/index.php?rest_route=\/wp\/v2\/posts\/3962\/revisions"}],"predecessor-version":[{"id":3969,"href":"https:\/\/marilenepaiva.com\/index.php?rest_route=\/wp\/v2\/posts\/3962\/revisions\/3969"}],"wp:attachment":[{"href":"https:\/\/marilenepaiva.com\/index.php?rest_route=%2Fwp%2Fv2%2Fmedia&parent=3962"}],"wp:term":[{"taxonomy":"category","embeddable":true,"href":"https:\/\/marilenepaiva.com\/index.php?rest_route=%2Fwp%2Fv2%2Fcategories&post=3962"},{"taxonomy":"post_tag","embeddable":true,"href":"https:\/\/marilenepaiva.com\/index.php?rest_route=%2Fwp%2Fv2%2Ftags&post=3962"}],"curies":[{"name":"wp","href":"https:\/\/api.w.org\/{rel}","templated":true}]}}