{"id":3970,"date":"2024-08-30T22:20:42","date_gmt":"2024-08-30T22:20:42","guid":{"rendered":"https:\/\/marilenepaiva.com\/?p=3970"},"modified":"2024-08-30T22:43:43","modified_gmt":"2024-08-30T22:43:43","slug":"gente-de-fato-31-de-agosto-de-2024","status":"publish","type":"post","link":"https:\/\/marilenepaiva.com\/?p=3970","title":{"rendered":"GENTE DE FATO 31 DE AGOSTO DE 2024"},"content":{"rendered":"\n<p class=\"has-large-font-size\"><strong>BYE BYE AGOSTO&#8230;<\/strong><\/p>\n\n\n\n<p class=\"has-black-color has-text-color has-link-color has-medium-font-size wp-elements-c27628fd9d9976003def3eb4b3849044\">\u00a0E hoje finda agosto. \u00a0Que venha setembro. 3 meses apenas para 2024 acabar. \u201cAinda que n\u00e3o alcan\u00e7asse a liberta\u00e7\u00e3o, gostaria, ao menos, de ser digno dela a todo momento.\u201d<\/p>\n\n\n\n<p class=\"has-black-color has-text-color has-link-color wp-elements-106342b37c2deb116583e0a788eaa793\">(Franz Kafka, &#8220;Di\u00e1rios&#8221;)<\/p>\n\n\n\n<div class=\"wp-block-columns is-layout-flex wp-container-core-columns-is-layout-9d6595d7 wp-block-columns-is-layout-flex\">\n<div class=\"wp-block-column is-layout-flow wp-block-column-is-layout-flow\" style=\"flex-basis:100%\"><div class=\"wp-block-image\">\n<figure class=\"aligncenter size-full is-resized\"><img decoding=\"async\" src=\"https:\/\/marilenepaiva.com\/wp-content\/uploads\/2024\/08\/royalface-1.jpg\" alt=\"\" class=\"wp-image-3879\" style=\"width:284px;height:auto\"\/><\/figure>\n<\/div><\/div>\n<\/div>\n\n\n\n<p class=\"has-large-font-size\"><strong>CHAMPANHE NO GELO<\/strong><\/p>\n\n\n\n<p class=\"has-black-color has-text-color has-link-color has-medium-font-size wp-elements-251ff49072e59544e346aff587144844\">Eles fecham agosto festejando idade nova: Marcos Ara\u00fajo, Cristina Lira, Daniely Marques, Lucia Leandro, Wandalla de S\u00e1, Lucas Alexandre Oliveira, Rebeca Meireles, Chrystian de Saboya, Liliana Almeida, Michele Guimar\u00e3es, Dandara Silva, Alex Maxciel, Gislaine Felgueiras e Maria Alcicleide Andrade . Felicidades meus amores!<\/p>\n\n\n\n<div class=\"wp-block-columns is-layout-flex wp-container-core-columns-is-layout-9d6595d7 wp-block-columns-is-layout-flex\">\n<div class=\"wp-block-column is-layout-flow wp-block-column-is-layout-flow\" style=\"flex-basis:100%\"><div class=\"wp-block-image\">\n<figure class=\"aligncenter size-full is-resized\"><img decoding=\"async\" src=\"https:\/\/marilenepaiva.com\/wp-content\/uploads\/2024\/08\/iate-1.jpg\" alt=\"\" class=\"wp-image-3877\" style=\"width:377px;height:auto\"\/><\/figure>\n<\/div><\/div>\n<\/div>\n\n\n\n<p class=\"has-large-font-size\"><strong>EDUCA\u00c7\u00c3O VEM DE BER\u00c7O<\/strong><\/p>\n\n\n\n<p class=\"has-black-color has-text-color has-link-color has-medium-font-size wp-elements-bb12949deab30e5ccb6eb940228b9e6e\">Responder \u00e0 convites, retornar liga\u00e7\u00f5es e mensagens, marcar e comparecer ou atender&#8230; as regras da boa educa\u00e7\u00e3o s\u00e3o b\u00e1sicas, mas, parece que muita gente anda esquecida. Enquanto isso, outras seguem \u00e0 risca a cartilha de boas maneiras e n\u00f3s amamos. Educa\u00e7\u00e3o nunca ser\u00e1 algo que tem a ver com quanto voc\u00ea tem na sua conta, mas sim com o quanto valoriza o que aprendeu em casa.<\/p>\n\n\n\n<div class=\"wp-block-columns is-layout-flex wp-container-core-columns-is-layout-9d6595d7 wp-block-columns-is-layout-flex\">\n<div class=\"wp-block-column is-layout-flow wp-block-column-is-layout-flow\" style=\"flex-basis:100%\"><div class=\"wp-block-image\">\n<figure class=\"aligncenter size-large is-resized\"><img decoding=\"async\" src=\"https:\/\/marilenepaiva.com\/wp-content\/uploads\/2024\/08\/Imagem-do-WhatsApp-de-2024-04-04-as-08.53.06_7c569f46-1-1024x241.jpg\" alt=\"\" class=\"wp-image-3878\" style=\"width:484px;height:auto\"\/><\/figure>\n<\/div><\/div>\n<\/div>\n\n\n\n<p class=\"has-large-font-size\"><strong>BONS VENTOS<\/strong><\/p>\n\n\n\n<p class=\"has-black-color has-text-color has-link-color has-medium-font-size wp-elements-4e478ee9e7f6caee92e99612f1b6ac16\">Agosto, m\u00eas dos ventos, das boas novas e bons neg\u00f3cios, do meu anivers\u00e1rio, de fazer novos amigos, chega ao seu \u00faltimo dia e n\u00f3s somos s\u00f3 gratid\u00e3o pelo tanto de coisa boa que aconteceu e vem acontecendo em nossas vidas. Aos amigos e amigas, sobretudo, pelo carinho enviado pelas mais diversas formas. Setembro, pode vir. Ser\u00e1 muito bem vindo e produtivo.<\/p>\n\n\n\n<div class=\"wp-block-columns is-layout-flex wp-container-core-columns-is-layout-9d6595d7 wp-block-columns-is-layout-flex\">\n<div class=\"wp-block-column is-layout-flow wp-block-column-is-layout-flow\" style=\"flex-basis:100%\"><div class=\"wp-block-image\">\n<figure class=\"aligncenter size-full is-resized\"><img decoding=\"async\" src=\"https:\/\/marilenepaiva.com\/wp-content\/uploads\/2024\/08\/serraboi-1.png\" alt=\"\" class=\"wp-image-3880\" style=\"width:284px;height:auto\"\/><\/figure>\n<\/div><\/div>\n<\/div>\n\n\n\n<p class=\"has-large-font-size\"><strong>MAIORIDADE<\/strong><\/p>\n\n\n\n<p class=\"has-medium-font-size\">O caf\u00e9 da tarde de quinta-feira, sobre empreendedorismo e muitos outros assuntos foi com o casal Joana e Art\u00eamio Carlos, da Cardan Pe\u00e7as, que em 2024 alcan\u00e7a a maioridade oferecendo pe\u00e7as e servi\u00e7os de qualidade para a linha diesel em toda Mossor\u00f3 e regi\u00e3o. Uma hist\u00f3ria que inspira e diz muito sobre quem acredita no pr\u00f3prio potencial.<\/p>\n\n\n\n<div class=\"wp-block-columns is-layout-flex wp-container-core-columns-is-layout-9d6595d7 wp-block-columns-is-layout-flex\">\n<div class=\"wp-block-column is-layout-flow wp-block-column-is-layout-flow\" style=\"flex-basis:100%\"><div class=\"wp-block-image\">\n<figure class=\"aligncenter size-full is-resized\"><img decoding=\"async\" src=\"https:\/\/marilenepaiva.com\/wp-content\/uploads\/2024\/08\/trattoria-1.png\" alt=\"\" class=\"wp-image-3881\" style=\"width:318px;height:auto\"\/><\/figure>\n<\/div><\/div>\n<\/div>\n\n\n\n<p class=\"has-large-font-size\"><strong>EM QUEM VOTAR<\/strong><\/p>\n\n\n\n<p class=\"has-black-color has-text-color has-link-color has-medium-font-size wp-elements-7f1451468822e98d18773f0f52c2e11f\">A TV Cabo Mossor\u00f3 tem oferecido uma cobertura especial dessas elei\u00e7\u00f5es. Durante essa semana que est\u00e1 terminando, o Cen\u00e1rio Sabatina foi ao ar de segunda a sexta-feira sabatinando os cinco candidatos a prefeitos de Mossor\u00f3. Parab\u00e9ns aos jornalistas que conduziram t\u00e3o bem cada um dos programas. No que diz respeito aos candidatos, muitas ressalvas, mas&#8230; deixemos para l\u00e1.<\/p>\n\n\n\n<div class=\"wp-block-columns is-layout-flex wp-container-core-columns-is-layout-9d6595d7 wp-block-columns-is-layout-flex\">\n<div class=\"wp-block-column is-layout-flow wp-block-column-is-layout-flow\" style=\"flex-basis:100%\"><div class=\"wp-block-image\">\n<figure class=\"aligncenter size-full is-resized\"><img decoding=\"async\" src=\"https:\/\/marilenepaiva.com\/wp-content\/uploads\/2024\/08\/22-1.png\" alt=\"\" class=\"wp-image-3875\" style=\"width:306px;height:auto\"\/><\/figure>\n<\/div><\/div>\n<\/div>\n\n\n\n<p class=\"has-large-font-size\"><strong>PARAB\u00c9NS EDMUNDO ALVES!<\/strong><\/p>\n\n\n\n<p class=\"has-black-color has-text-color has-link-color has-medium-font-size wp-elements-9aee7796a99aeaeafb11497f8895036c\">O aniversariante do \u00faltimo dia 29, Edmundo Alves de Assis ou Assis Cabral re\u00fane amigos e familiares hoje no Requinte para comemorar seus 9.0. Comentarista esportivo desde os prim\u00f3dios da R\u00e1dio Difusora e funcion\u00e1rio aposentado do Banco do Brasil, \u00e9 um pauferrense que adotou Mossor\u00f3 na adolesc\u00eancia, cheio de sonhos de se formar e trazer os pais para um dia os aposentar. Deu certo, batalhou, foi \u00e0 luta, n\u00e3o esperou nada cair do c\u00e9u e hoje pode usufruir da vida com sa\u00fade e lucidez. Vi\u00favo de Iraci Pessoa Alves, com quem comandou a Center Plantas, comemora a data ao lado dos tr\u00eas filhos, Assis Neto, \u00cdtalo e Glauber, al\u00e9m de duas noras, tr\u00eas netos e dois bisnetos. Que Deus o aben\u00e7oe e lhe d\u00ea muitos anos de vida.<\/p>\n\n\n\n<div class=\"wp-block-columns is-layout-flex wp-container-core-columns-is-layout-9d6595d7 wp-block-columns-is-layout-flex\">\n<div class=\"wp-block-column is-layout-flow wp-block-column-is-layout-flow\" style=\"flex-basis:100%\"><div class=\"wp-block-image\">\n<figure class=\"aligncenter size-full is-resized\"><img decoding=\"async\" src=\"https:\/\/marilenepaiva.com\/wp-content\/uploads\/2024\/08\/Captura-de-tela-2024-02-19-222258-1.png\" alt=\"\" class=\"wp-image-3876\" style=\"width:289px;height:auto\"\/><\/figure>\n<\/div><\/div>\n<\/div>\n\n\n\n<div class=\"wp-block-columns is-layout-flex wp-container-core-columns-is-layout-9d6595d7 wp-block-columns-is-layout-flex\">\n<div class=\"wp-block-column is-layout-flow wp-block-column-is-layout-flow\" style=\"flex-basis:100%\">\n<figure class=\"wp-block-image size-large\"><img decoding=\"async\" src=\"https:\/\/marilenepaiva.com\/wp-content\/uploads\/2024\/08\/F1-EDMUNDO-ALVES-1024x659.jpg\" alt=\"\" class=\"wp-image-3971\"\/><\/figure>\n<\/div>\n<\/div>\n\n\n\n<p><em>Hoje \u00e9 dia de abra\u00e7ar o querido Edmundo Alves de Assis que completa 90 anos&nbsp; anos bem vividos e recebe amigos e familiares no Requinte Buffet.\u00c9 o nosso leitor DE FATO mais longevo. &nbsp;Parab\u00e9ns , sa\u00fade e alegrais!<\/em><\/p>\n\n\n\n<div class=\"wp-block-columns is-layout-flex wp-container-core-columns-is-layout-9d6595d7 wp-block-columns-is-layout-flex\">\n<div class=\"wp-block-column is-layout-flow wp-block-column-is-layout-flow\" style=\"flex-basis:100%\">\n<figure class=\"wp-block-image size-large is-resized\"><img decoding=\"async\" src=\"https:\/\/marilenepaiva.com\/wp-content\/uploads\/2024\/08\/F2-MARCOS-ARAUJO-1024x800.jpg\" alt=\"\" class=\"wp-image-3972\" style=\"width:691px;height:auto\"\/><\/figure>\n<\/div>\n<\/div>\n\n\n\n<p><em>A cada ano sinto mais orgulho em ser sua amiga. Que Nossa Senhora aben\u00e7oe todos os dias do aniversariante de hoje, Marcos Ara\u00fajo, advogado brilhante, professor universit\u00e1rio, imortal da ACJUS, filho amado de Ary e Clotilde. S\u00e3o Francisco te guie e ilumine.<\/em><\/p>\n\n\n\n<div class=\"wp-block-columns is-layout-flex wp-container-core-columns-is-layout-9d6595d7 wp-block-columns-is-layout-flex\">\n<div class=\"wp-block-column is-layout-flow wp-block-column-is-layout-flow\" style=\"flex-basis:100%\">\n<figure class=\"wp-block-image size-large\"><img decoding=\"async\" src=\"https:\/\/marilenepaiva.com\/wp-content\/uploads\/2024\/08\/F3-DEMOLAYS-1024x547.jpg\" alt=\"\" class=\"wp-image-3973\"\/><\/figure>\n<\/div>\n<\/div>\n\n\n\n<p><em>E nome do Mestre Conselheiro George Victor&nbsp; e Alan Frederico Presidente do Conselho Consultivo, agradecemos o convite para a grande festa dos 40 anos dO Cap\u00edtulo Pr\u00edncipe do Oeste da Ordem Demolay, hoje,no Requinte Buffet. Com Robinz Band e Renata Falc\u00e3o.<\/em><\/p>\n\n\n\n<div class=\"wp-block-columns is-layout-flex wp-container-core-columns-is-layout-9d6595d7 wp-block-columns-is-layout-flex\">\n<div class=\"wp-block-column is-layout-flow wp-block-column-is-layout-flow\" style=\"flex-basis:100%\">\n<figure class=\"wp-block-image size-large\"><img decoding=\"async\" src=\"https:\/\/marilenepaiva.com\/wp-content\/uploads\/2024\/08\/F4-CHRYSTIAN-DE-SABOYA-2-774x1024.jpg\" alt=\"\" class=\"wp-image-3974\"\/><\/figure>\n<\/div>\n<\/div>\n\n\n\n<p><em>Chrystian de Saboya fecha agosto em festa. Ele fecha em irrever\u00eancia e criatividade. Ele acredita que a vida \u00e9 bela.&nbsp; E vai ter sim bolo confeitado. Feliz anivers\u00e1rio, tudo de melhor!<\/em><\/p>\n\n\n\n<div class=\"wp-block-columns is-layout-flex wp-container-core-columns-is-layout-9d6595d7 wp-block-columns-is-layout-flex\">\n<div class=\"wp-block-column is-layout-flow wp-block-column-is-layout-flow\" style=\"flex-basis:100%\">\n<figure class=\"wp-block-image size-full\"><img decoding=\"async\" src=\"https:\/\/marilenepaiva.com\/wp-content\/uploads\/2024\/08\/F5-ARTEMIO-CARDAN-E-FILHOS.jpg\" alt=\"\" class=\"wp-image-3975\"\/><\/figure>\n<\/div>\n<\/div>\n\n\n\n<p><em>Os maiorais da Cardan Pe\u00e7as: Art\u00eamio Carlos e Joana com Art\u00eamio Filho. Uma hist\u00f3ria de sucesso.<\/em><\/p>\n\n\n\n<div class=\"wp-block-columns is-layout-flex wp-container-core-columns-is-layout-9d6595d7 wp-block-columns-is-layout-flex\">\n<div class=\"wp-block-column is-layout-flow wp-block-column-is-layout-flow\" style=\"flex-basis:100%\">\n<figure class=\"wp-block-image size-large is-resized\"><img decoding=\"async\" src=\"https:\/\/marilenepaiva.com\/wp-content\/uploads\/2024\/08\/F6-JOAO-MARCELO-688x1024.jpg\" alt=\"\" class=\"wp-image-3976\" style=\"width:548px;height:auto\"\/><\/figure>\n<\/div>\n<\/div>\n\n\n\n<p><em>O querido Jo\u00e3o Marcelo Fernandes mimando sua princesinha Marcela, que aniversariou essa semana. Merece sim, todos os beijos e abra\u00e7os. &nbsp;&nbsp;<\/em><\/p>\n","protected":false},"excerpt":{"rendered":"<p>BYE BYE AGOSTO&#8230; \u00a0E hoje finda agosto. \u00a0Que venha setembro. 3 meses apenas para 2024 acabar. \u201cAinda que n\u00e3o alcan\u00e7asse a liberta\u00e7\u00e3o, gostaria, ao menos, de ser digno dela a todo momento.\u201d (Franz Kafka, &#8220;Di\u00e1rios&#8221;) CHAMPANHE NO GELO Eles fecham agosto festejando idade nova: Marcos Ara\u00fajo, Cristina Lira, Daniely Marques, Lucia Leandro, Wandalla de S\u00e1, [&hellip;]<\/p>\n","protected":false},"author":1,"featured_media":0,"comment_status":"open","ping_status":"open","sticky":true,"template":"","format":"standard","meta":{"footnotes":""},"categories":[3],"tags":[],"class_list":["post-3970","post","type-post","status-publish","format-standard","hentry","category-colunas"],"_links":{"self":[{"href":"https:\/\/marilenepaiva.com\/index.php?rest_route=\/wp\/v2\/posts\/3970","targetHints":{"allow":["GET"]}}],"collection":[{"href":"https:\/\/marilenepaiva.com\/index.php?rest_route=\/wp\/v2\/posts"}],"about":[{"href":"https:\/\/marilenepaiva.com\/index.php?rest_route=\/wp\/v2\/types\/post"}],"author":[{"embeddable":true,"href":"https:\/\/marilenepaiva.com\/index.php?rest_route=\/wp\/v2\/users\/1"}],"replies":[{"embeddable":true,"href":"https:\/\/marilenepaiva.com\/index.php?rest_route=%2Fwp%2Fv2%2Fcomments&post=3970"}],"version-history":[{"count":3,"href":"https:\/\/marilenepaiva.com\/index.php?rest_route=\/wp\/v2\/posts\/3970\/revisions"}],"predecessor-version":[{"id":3979,"href":"https:\/\/marilenepaiva.com\/index.php?rest_route=\/wp\/v2\/posts\/3970\/revisions\/3979"}],"wp:attachment":[{"href":"https:\/\/marilenepaiva.com\/index.php?rest_route=%2Fwp%2Fv2%2Fmedia&parent=3970"}],"wp:term":[{"taxonomy":"category","embeddable":true,"href":"https:\/\/marilenepaiva.com\/index.php?rest_route=%2Fwp%2Fv2%2Fcategories&post=3970"},{"taxonomy":"post_tag","embeddable":true,"href":"https:\/\/marilenepaiva.com\/index.php?rest_route=%2Fwp%2Fv2%2Ftags&post=3970"}],"curies":[{"name":"wp","href":"https:\/\/api.w.org\/{rel}","templated":true}]}}