{"id":4335,"date":"2024-10-18T19:16:51","date_gmt":"2024-10-18T19:16:51","guid":{"rendered":"https:\/\/marilenepaiva.com\/?p=4335"},"modified":"2024-10-18T19:16:53","modified_gmt":"2024-10-18T19:16:53","slug":"gente-de-fato-19-de-outubro-de-2024","status":"publish","type":"post","link":"https:\/\/marilenepaiva.com\/?p=4335","title":{"rendered":"GENTE DE FATO 19 DE OUTUBRO DE 2024"},"content":{"rendered":"\n<p class=\"has-large-font-size\"><strong>OUTUBRO ROSA NA LIGA<\/strong><\/p>\n\n\n\n<p class=\"has-black-color has-text-color has-link-color has-medium-font-size wp-elements-b19b7cb4efda2aab6f0ebeae69f31357\">Durante o m\u00eas de outubro, a Liga de Mossor\u00f3 \u2013 Estudos e Combate ao C\u00e2ncer, est\u00e1 com uma campanha de mamografias gratuitas para mulheres acima dos 40 anos. Ser\u00e3o 680 exames no total, 30 exames por dia e 15 exames por turno. Para que voc\u00ea seja atendida, \u00e9 necess\u00e1rio levar documenta\u00e7\u00e3o completa: xerox RG, CPF, cart\u00e3o SUS, cadastro \u00fanico (NIS) e comprovante de endere\u00e7o; e exames anteriores (caso tenha).<\/p>\n\n\n\n<div class=\"wp-block-columns is-layout-flex wp-container-core-columns-is-layout-9d6595d7 wp-block-columns-is-layout-flex\">\n<div class=\"wp-block-column is-layout-flow wp-block-column-is-layout-flow\" style=\"flex-basis:100%\"><div class=\"wp-block-image\">\n<figure class=\"aligncenter size-full is-resized\"><img decoding=\"async\" src=\"https:\/\/marilenepaiva.com\/wp-content\/uploads\/2024\/09\/royalface-1.jpg\" alt=\"\" class=\"wp-image-4219\" style=\"width:308px;height:auto\"\/><\/figure>\n<\/div><\/div>\n<\/div>\n\n\n\n<p class=\"has-large-font-size\"><strong>CONCEITO M\u00c1XIMO<\/strong><\/p>\n\n\n\n<p class=\"has-black-color has-text-color has-link-color has-medium-font-size wp-elements-f5e16c7101297b9098318f3d8a111dad\">Ap\u00f3s visita de reconhecimento pelo INEP, o curso de Medicina da Universidade Federal Rural do Semi\u00e1rido (UFERSA) recebeu nota m\u00e1xima \u2013 nota 5! \u2013 no reconhecimento do Minist\u00e9rio da Educa\u00e7\u00e3o (MEC). Mossor\u00f3 tem institui\u00e7\u00e3o p\u00fablica, gratuita e de excel\u00eancia. Que orgulho!<\/p>\n\n\n\n<div class=\"wp-block-columns is-layout-flex wp-container-core-columns-is-layout-9d6595d7 wp-block-columns-is-layout-flex\">\n<div class=\"wp-block-column is-layout-flow wp-block-column-is-layout-flow\" style=\"flex-basis:100%\"><div class=\"wp-block-image\">\n<figure class=\"aligncenter size-large is-resized\"><img decoding=\"async\" src=\"https:\/\/marilenepaiva.com\/wp-content\/uploads\/2024\/09\/Imagem-do-WhatsApp-de-2024-04-04-as-08.53.06_7c569f46-1-1024x241.jpg\" alt=\"\" class=\"wp-image-4216\" style=\"width:476px;height:auto\"\/><\/figure>\n<\/div><\/div>\n<\/div>\n\n\n\n<p class=\"has-large-font-size\"><strong>TEM FESTA NO THERMAS<\/strong><\/p>\n\n\n\n<p class=\"has-black-color has-text-color has-link-color has-medium-font-size wp-elements-78188a266f5688e7ec98fdeccb25db5f\">A terceira edi\u00e7\u00e3o do Oktoberfest Thermas acontece hoje, prometendo experi\u00eancia \u00fanica, com open bar e open food, e mais de 20 tipos de cervejas sendo oferecidas, al\u00e9m de uma programa\u00e7\u00e3o musical bem variada. Detalhe: todo ano, a festa supera as expectativas.<\/p>\n\n\n\n<div class=\"wp-block-columns is-layout-flex wp-container-core-columns-is-layout-9d6595d7 wp-block-columns-is-layout-flex\">\n<div class=\"wp-block-column is-layout-flow wp-block-column-is-layout-flow\" style=\"flex-basis:100%\"><div class=\"wp-block-image\">\n<figure class=\"aligncenter size-full is-resized\"><img decoding=\"async\" src=\"https:\/\/marilenepaiva.com\/wp-content\/uploads\/2024\/09\/iate.jpg\" alt=\"\" class=\"wp-image-4103\" style=\"width:487px;height:auto\"\/><\/figure>\n<\/div><\/div>\n<\/div>\n\n\n\n<p class=\"has-large-font-size\"><strong>UNS E OUTROS&#8230;<\/strong><\/p>\n\n\n\n<p class=\"has-black-color has-text-color has-link-color has-medium-font-size wp-elements-d06da44db6bd6f3dc0e434ed3a69854b\">Est\u00e3o abertas as inscri\u00e7\u00f5es do vestibular 2025.1 da UniCat\u00f3lica do Rio Grande do Norte. Voc\u00eas que est\u00e3o pensando em iniciar o ano novo com novas perspectivas intelectuais, a hora \u00e9 agora. As provas ser\u00e3o aplicadas pr\u00f3ximo dia 26, \u00e0s 9h.<\/p>\n\n\n\n<div class=\"wp-block-columns is-layout-flex wp-container-core-columns-is-layout-9d6595d7 wp-block-columns-is-layout-flex\">\n<div class=\"wp-block-column is-layout-flow wp-block-column-is-layout-flow\" style=\"flex-basis:100%\"><div class=\"wp-block-image\">\n<figure class=\"aligncenter size-full is-resized\"><img decoding=\"async\" src=\"https:\/\/marilenepaiva.com\/wp-content\/uploads\/2024\/09\/serraboi-1.png\" alt=\"\" class=\"wp-image-4217\" style=\"width:304px;height:auto\"\/><\/figure>\n<\/div><\/div>\n<\/div>\n\n\n\n<p class=\"has-black-color has-text-color has-link-color has-medium-font-size wp-elements-cce8909a39a3cc717bfea2fde16c0439\">O m\u00e9dico integralista, Dr. H\u00e9lio Silva, ir\u00e1 palestrar pr\u00f3ximo dia 25, \u00e0s 19h, na Capela de Santo Expedito, no bairro Aeroporto. O tema \u00e9: \u201cPor que adoecemos?\u201d, excelente por sinal, em tempos que andamos tanto em farm\u00e1cias.<\/p>\n\n\n\n<div class=\"wp-block-columns is-layout-flex wp-container-core-columns-is-layout-9d6595d7 wp-block-columns-is-layout-flex\">\n<div class=\"wp-block-column is-layout-flow wp-block-column-is-layout-flow\" style=\"flex-basis:100%\"><div class=\"wp-block-image\">\n<figure class=\"aligncenter size-full is-resized\"><img decoding=\"async\" src=\"https:\/\/marilenepaiva.com\/wp-content\/uploads\/2024\/09\/trattoria-1.png\" alt=\"\" class=\"wp-image-4218\" style=\"width:306px;height:auto\"\/><\/figure>\n<\/div><\/div>\n<\/div>\n\n\n\n<p class=\"has-black-color has-text-color has-link-color has-medium-font-size wp-elements-f0b80b13d2bdd61af282b2fbef2a9f3c\">Gosta de reggae? Hoje tem show de Edson Gomes no Hotel VillaOeste, em turn\u00ea que celebra seus 50 anos de carreira. \u00c0s 21h.<\/p>\n\n\n\n<p class=\"has-black-color has-text-color has-link-color has-medium-font-size wp-elements-e0dc202db1535301177160be98cbcdf1\">Essa semana, o Beach Park, maior parque aqu\u00e1tico da Am\u00e9rica Latina, localizado em Fortaleza(CE), anunciou sua mais nova atra\u00e7\u00e3o, uma montanha-russa aqu\u00e1tica, que ser\u00e1 a mais alta do mundo \u2013 segundo informa\u00e7\u00f5es do pr\u00f3prio parque, chamada de Surreal.<\/p>\n\n\n\n<div class=\"wp-block-columns is-layout-flex wp-container-core-columns-is-layout-9d6595d7 wp-block-columns-is-layout-flex\">\n<div class=\"wp-block-column is-layout-flow wp-block-column-is-layout-flow\" style=\"flex-basis:100%\"><div class=\"wp-block-image\">\n<figure class=\"aligncenter size-full is-resized\"><img decoding=\"async\" src=\"https:\/\/marilenepaiva.com\/wp-content\/uploads\/2024\/09\/22-1.png\" alt=\"\" class=\"wp-image-4213\" style=\"width:322px;height:auto\"\/><\/figure>\n<\/div><\/div>\n<\/div>\n\n\n\n<p class=\"has-black-color has-text-color has-link-color has-medium-font-size wp-elements-f345790cefeb89990ac621cae83f4f43\">O surfista Gabriel Medina \u00e9 o garoto-propaganda do novo \u201cbrinquedo\u201d do Beach Park, que, com 28 metros de altura, estabelece um novo recorde mundial e traz o universo do surfe e manobras radicais como tema.<\/p>\n\n\n\n<div class=\"wp-block-columns is-layout-flex wp-container-core-columns-is-layout-9d6595d7 wp-block-columns-is-layout-flex\">\n<div class=\"wp-block-column is-layout-flow wp-block-column-is-layout-flow\" style=\"flex-basis:100%\"><div class=\"wp-block-image\">\n<figure class=\"aligncenter size-full is-resized\"><img decoding=\"async\" src=\"https:\/\/marilenepaiva.com\/wp-content\/uploads\/2024\/09\/Captura-de-tela-2024-02-19-222258-1.png\" alt=\"\" class=\"wp-image-4214\" style=\"width:309px;height:auto\"\/><\/figure>\n<\/div><\/div>\n<\/div>\n\n\n\n<p class=\"has-black-color has-text-color has-link-color has-medium-font-size wp-elements-bd9687e7043a775138256433b83fbb3e\">Quem faz a m\u00fasica de hoje na Casa dos Ventos em Tibau \u00e9 Analu Freitas, a partir das 21h30. Amanh\u00e3, a partir das 17h30, tem Soul de Samba.<\/p>\n\n\n\n<p class=\"has-black-color has-text-color has-link-color has-medium-font-size wp-elements-92fcf2cf8fcecae36e162314d1adb334\">A coluna de hoje foi escrita interinamente por Rafaella Costa.<\/p>\n\n\n\n<div class=\"wp-block-columns is-layout-flex wp-container-core-columns-is-layout-9d6595d7 wp-block-columns-is-layout-flex\">\n<div class=\"wp-block-column is-layout-flow wp-block-column-is-layout-flow\" style=\"flex-basis:100%\"><div class=\"wp-block-image\">\n<figure class=\"aligncenter size-large\"><img decoding=\"async\" src=\"https:\/\/marilenepaiva.com\/wp-content\/uploads\/2024\/10\/F1-A-ginecologista-Iris-Menezes-768x1024.jpeg\" alt=\"\" class=\"wp-image-4336\"\/><\/figure>\n<\/div><\/div>\n<\/div>\n\n\n\n<p><em>A ginecologista \u00cdris Menezes est\u00e1 em Recife (PE), participando dos eventos que acontecem simultaneamente: XII Congresso Latino-Americano e XXVI Congresso Brasileiro &#8211; ambos de Patologia do Trato Genital Inferior e Colposcopia.<\/em><\/p>\n\n\n\n<div class=\"wp-block-columns is-layout-flex wp-container-core-columns-is-layout-9d6595d7 wp-block-columns-is-layout-flex\">\n<div class=\"wp-block-column is-layout-flow wp-block-column-is-layout-flow\" style=\"flex-basis:100%\"><div class=\"wp-block-image\">\n<figure class=\"aligncenter size-large\"><img decoding=\"async\" src=\"https:\/\/marilenepaiva.com\/wp-content\/uploads\/2024\/10\/F2-Neurologista-Alex-Soares-826x1024.jpeg\" alt=\"\" class=\"wp-image-4337\"\/><\/figure>\n<\/div><\/div>\n<\/div>\n\n\n\n<p><em>Grande nome da Neurologia mossoroense e potiguar, Dr. Alex Soares passou a semana em Campinas (SP), participando do XXXI Congresso de Neurologia.<\/em><\/p>\n\n\n\n<div class=\"wp-block-columns is-layout-flex wp-container-core-columns-is-layout-9d6595d7 wp-block-columns-is-layout-flex\">\n<div class=\"wp-block-column is-layout-flow wp-block-column-is-layout-flow\" style=\"flex-basis:100%\"><div class=\"wp-block-image\">\n<figure class=\"aligncenter size-large\"><img decoding=\"async\" src=\"https:\/\/marilenepaiva.com\/wp-content\/uploads\/2024\/10\/F3-D.-Bia-e-Bismarck-Pinheiro-Maia-819x1024.jpg\" alt=\"\" class=\"wp-image-4338\"\/><\/figure>\n<\/div><\/div>\n<\/div>\n\n\n\n<p><em>Cultura viva do Aracati, D. Bia \u00e9 a labirinteira em atividade mais antiga do munic\u00edpio. Aqui, com o prefeito Bismarck Pinheiro Maia, recebendo o t\u00edtulo de not\u00f3rio saber na \u00e1rea do labirinto. Just\u00edssimo.<\/em><\/p>\n\n\n\n<div class=\"wp-block-columns is-layout-flex wp-container-core-columns-is-layout-9d6595d7 wp-block-columns-is-layout-flex\">\n<div class=\"wp-block-column is-layout-flow wp-block-column-is-layout-flow\" style=\"flex-basis:100%\"><div class=\"wp-block-image\">\n<figure class=\"aligncenter size-large\"><img decoding=\"async\" src=\"https:\/\/marilenepaiva.com\/wp-content\/uploads\/2024\/10\/F4-Arthur-Neo-1024x1024.jpeg\" alt=\"\" class=\"wp-image-4339\"\/><\/figure>\n<\/div><\/div>\n<\/div>\n\n\n\n<p><em>Dia de festa para Arthur N\u00e9o, aniversariante de hoje. Muita sa\u00fade, paz e alegrias!<\/em><\/p>\n\n\n\n<div class=\"wp-block-columns is-layout-flex wp-container-core-columns-is-layout-9d6595d7 wp-block-columns-is-layout-flex\">\n<div class=\"wp-block-column is-layout-flow wp-block-column-is-layout-flow\" style=\"flex-basis:100%\"><div class=\"wp-block-image\">\n<figure class=\"aligncenter size-large\"><img decoding=\"async\" src=\"https:\/\/marilenepaiva.com\/wp-content\/uploads\/2024\/10\/F5-Zelia-e-Zuila-Alves-com-Marilene-Paiva-1024x683.jpg\" alt=\"\" class=\"wp-image-4340\"\/><\/figure>\n<\/div><\/div>\n<\/div>\n\n\n\n<p><em>Z\u00e9lia Alves \u00e9 aniversariante da semana e n\u00f3s desejamos toda felicidade do mundo. Aqui, com a mana Zu\u00edla Alves e a titular desta coluna, Marilene Paiva. Vivas!<\/em><\/p>\n\n\n\n<div class=\"wp-block-columns is-layout-flex wp-container-core-columns-is-layout-9d6595d7 wp-block-columns-is-layout-flex\">\n<div class=\"wp-block-column is-layout-flow wp-block-column-is-layout-flow\" style=\"flex-basis:100%\"><div class=\"wp-block-image\">\n<figure class=\"aligncenter size-large\"><img decoding=\"async\" src=\"https:\/\/marilenepaiva.com\/wp-content\/uploads\/2024\/10\/F6-Mestre-de-cerimonias-da-UERN-Ricardo-Magno-1024x1024.jpeg\" alt=\"\" class=\"wp-image-4341\"\/><\/figure>\n<\/div><\/div>\n<\/div>\n\n\n\n<p><em>Mestre de Cerim\u00f4nias super competente da equipe do Cerimonial da UERN, Ricardo Magno, faz anivers\u00e1rio, dia 20. Antecipamos os votos de uma vida muito aben\u00e7oada!<\/em><\/p>\n\n\n\n<p><\/p>\n","protected":false},"excerpt":{"rendered":"<p>OUTUBRO ROSA NA LIGA Durante o m\u00eas de outubro, a Liga de Mossor\u00f3 \u2013 Estudos e Combate ao C\u00e2ncer, est\u00e1 com uma campanha de mamografias gratuitas para mulheres acima dos 40 anos. Ser\u00e3o 680 exames no total, 30 exames por dia e 15 exames por turno. Para que voc\u00ea seja atendida, \u00e9 necess\u00e1rio levar documenta\u00e7\u00e3o [&hellip;]<\/p>\n","protected":false},"author":1,"featured_media":0,"comment_status":"open","ping_status":"open","sticky":true,"template":"","format":"standard","meta":{"footnotes":""},"categories":[3],"tags":[],"class_list":["post-4335","post","type-post","status-publish","format-standard","hentry","category-colunas"],"_links":{"self":[{"href":"https:\/\/marilenepaiva.com\/index.php?rest_route=\/wp\/v2\/posts\/4335","targetHints":{"allow":["GET"]}}],"collection":[{"href":"https:\/\/marilenepaiva.com\/index.php?rest_route=\/wp\/v2\/posts"}],"about":[{"href":"https:\/\/marilenepaiva.com\/index.php?rest_route=\/wp\/v2\/types\/post"}],"author":[{"embeddable":true,"href":"https:\/\/marilenepaiva.com\/index.php?rest_route=\/wp\/v2\/users\/1"}],"replies":[{"embeddable":true,"href":"https:\/\/marilenepaiva.com\/index.php?rest_route=%2Fwp%2Fv2%2Fcomments&post=4335"}],"version-history":[{"count":1,"href":"https:\/\/marilenepaiva.com\/index.php?rest_route=\/wp\/v2\/posts\/4335\/revisions"}],"predecessor-version":[{"id":4342,"href":"https:\/\/marilenepaiva.com\/index.php?rest_route=\/wp\/v2\/posts\/4335\/revisions\/4342"}],"wp:attachment":[{"href":"https:\/\/marilenepaiva.com\/index.php?rest_route=%2Fwp%2Fv2%2Fmedia&parent=4335"}],"wp:term":[{"taxonomy":"category","embeddable":true,"href":"https:\/\/marilenepaiva.com\/index.php?rest_route=%2Fwp%2Fv2%2Fcategories&post=4335"},{"taxonomy":"post_tag","embeddable":true,"href":"https:\/\/marilenepaiva.com\/index.php?rest_route=%2Fwp%2Fv2%2Ftags&post=4335"}],"curies":[{"name":"wp","href":"https:\/\/api.w.org\/{rel}","templated":true}]}}