{"id":4372,"date":"2024-10-24T12:38:38","date_gmt":"2024-10-24T12:38:38","guid":{"rendered":"https:\/\/marilenepaiva.com\/?p=4372"},"modified":"2024-10-24T12:38:39","modified_gmt":"2024-10-24T12:38:39","slug":"gente-de-fato-25-de-outubro-de-2024","status":"publish","type":"post","link":"https:\/\/marilenepaiva.com\/?p=4372","title":{"rendered":"GENTE DE FATO 25 DE OUTUBRO DE 2024"},"content":{"rendered":"\n<p class=\"has-large-font-size\"><strong>L\u00c1 VEM O SOL&#8230;<\/strong><\/p>\n\n\n\n<p class=\"has-black-color has-text-color has-link-color has-medium-font-size wp-elements-f30503c56f7e789f701b66db2d643810\">Uma tarde Cia. Mar\u00edtima + Kopenhagen. Um momento \u201cpausa para o cafezinho\u201d e o prop\u00f3sito de reunir pessoas queridas, conversar, descontrair, sorrir e ser feliz. Com essa pauta, o lan\u00e7amento da Cole\u00e7\u00e3o Ver\u00e3o 25 Cia. Mar\u00edtima, foi elaborado, pensado e posto em pr\u00e1tica pela sempre <em>good vibes<\/em> Ra\u00edza Leite, em parceria com Adrielly Lima e Juliana Ferraz, que est\u00e3o \u00e0 frente das del\u00edcias da Kopenhagen em Mossor\u00f3. A tarde seguindo o sol teve cafezinho e gostosuras com o sabor superior Kopenhagen e os encantos das pe\u00e7as da Cia. Mar\u00edtima para arrasar no ver\u00e3o 25.<\/p>\n\n\n\n<div class=\"wp-block-columns is-layout-flex wp-container-core-columns-is-layout-9d6595d7 wp-block-columns-is-layout-flex\">\n<div class=\"wp-block-column is-layout-flow wp-block-column-is-layout-flow\" style=\"flex-basis:100%\"><div class=\"wp-block-image\">\n<figure class=\"aligncenter size-large is-resized\"><img decoding=\"async\" src=\"https:\/\/marilenepaiva.com\/wp-content\/uploads\/2024\/10\/Imagem-do-WhatsApp-de-2024-04-04-as-08.53.06_7c569f46-1024x241.jpg\" alt=\"\" class=\"wp-image-4355\" style=\"width:408px;height:auto\"\/><\/figure>\n<\/div><\/div>\n<\/div>\n\n\n\n<p class=\"has-large-font-size\"><strong>UNS E OUTROS&#8230;<\/strong><\/p>\n\n\n\n<p class=\"has-black-color has-text-color has-link-color has-medium-font-size wp-elements-32dc8b477c01eb528cd359066bb044f9\">A Liga de Mossor\u00f3 \u2013 De Estudos e Combate ao C\u00e2ncer, segue com programa\u00e7\u00e3o do Outubro Rosa &#8211; m\u00eas de combate e conscientiza\u00e7\u00e3o sobre o c\u00e2ncer de mama. Durante toda esta sexta-feira haver\u00e1 a\u00e7\u00f5es de massagens, limpeza de pele e fisio para os funcion\u00e1rios, com a UniNassau e mutir\u00e3o de consultas com o m\u00e9dico Dennys Fowler a partir das 13h.<\/p>\n\n\n\n<div class=\"wp-block-columns is-layout-flex wp-container-core-columns-is-layout-9d6595d7 wp-block-columns-is-layout-flex\">\n<div class=\"wp-block-column is-layout-flow wp-block-column-is-layout-flow\" style=\"flex-basis:100%\"><div class=\"wp-block-image\">\n<figure class=\"aligncenter size-full is-resized\"><img decoding=\"async\" src=\"https:\/\/marilenepaiva.com\/wp-content\/uploads\/2024\/10\/iate.jpg\" alt=\"\" class=\"wp-image-4354\" style=\"width:429px;height:auto\"\/><\/figure>\n<\/div><\/div>\n<\/div>\n\n\n\n<p class=\"has-black-color has-text-color has-link-color has-medium-font-size wp-elements-272bf07b63350254747f4d27432a9683\">A Par\u00f3quia de S\u00e3o Jos\u00e9, acolhe hoje, o seu novo p\u00e1roco, Padre Francisco Crisanto Borges de Ara\u00fajo. A cerim\u00f4nia de Posse Can\u00f4nica acontece \u00e0s 19h, na Igreja Matriz e ser\u00e1 presidida pelo Bispo Diocesano, Dom Francisco de Sales.<\/p>\n\n\n\n<div class=\"wp-block-columns is-layout-flex wp-container-core-columns-is-layout-9d6595d7 wp-block-columns-is-layout-flex\">\n<div class=\"wp-block-column is-layout-flow wp-block-column-is-layout-flow\" style=\"flex-basis:100%\"><div class=\"wp-block-image\">\n<figure class=\"aligncenter size-full is-resized\"><img decoding=\"async\" src=\"https:\/\/marilenepaiva.com\/wp-content\/uploads\/2024\/10\/royalface.jpg\" alt=\"\" class=\"wp-image-4356\" style=\"width:224px;height:auto\"\/><\/figure>\n<\/div><\/div>\n<\/div>\n\n\n\n<p class=\"has-black-color has-text-color has-link-color has-medium-font-size wp-elements-0a19ce3c0efeaf7a997a4ad106078bc2\">Sem d\u00favida alguma, quando o assunto \u00e9 protocolo de emagrecimento e redu\u00e7\u00e3o de medidas, a Emagrecentro sai na frente. Os resultados s\u00e3o incr\u00edveis e por isso, a cl\u00ednica de Rafaelly Holanda vive cheinha. E tem mais, quando falamos em resultados, a clientela sai t\u00e3o satisfeita que faz o marketing de forma espont\u00e2nea!<\/p>\n\n\n\n<div class=\"wp-block-columns is-layout-flex wp-container-core-columns-is-layout-9d6595d7 wp-block-columns-is-layout-flex\">\n<div class=\"wp-block-column is-layout-flow wp-block-column-is-layout-flow\" style=\"flex-basis:100%\"><div class=\"wp-block-image\">\n<figure class=\"aligncenter size-full is-resized\"><img decoding=\"async\" src=\"https:\/\/marilenepaiva.com\/wp-content\/uploads\/2024\/10\/serraboi.png\" alt=\"\" class=\"wp-image-4357\" style=\"width:250px;height:auto\"\/><\/figure>\n<\/div><\/div>\n<\/div>\n\n\n\n<p class=\"has-black-color has-text-color has-link-color has-medium-font-size wp-elements-5d5ff6f4a27066902805a09121cd0cf3\">Os atendimentos automatizados podem ser \u201cmais f\u00e1ceis\u201d e ditarem uma tend\u00eancia tecnol\u00f3gica que todas as empresas est\u00e3o seguindo, inclusive as que devem ser mais humanizadas poss\u00edvel, mas, particularmente ainda me questiono sobre o alcance dessa tecnologia aos que n\u00e3o est\u00e3o inclusos nessa revolu\u00e7\u00e3o tecnol\u00f3gica.<\/p>\n\n\n\n<div class=\"wp-block-columns is-layout-flex wp-container-core-columns-is-layout-9d6595d7 wp-block-columns-is-layout-flex\">\n<div class=\"wp-block-column is-layout-flow wp-block-column-is-layout-flow\" style=\"flex-basis:100%\"><div class=\"wp-block-image\">\n<figure class=\"aligncenter size-full is-resized\"><img decoding=\"async\" src=\"https:\/\/marilenepaiva.com\/wp-content\/uploads\/2024\/10\/trattoria.png\" alt=\"\" class=\"wp-image-4358\" style=\"width:258px;height:auto\"\/><\/figure>\n<\/div><\/div>\n<\/div>\n\n\n\n<p class=\"has-black-color has-text-color has-link-color has-medium-font-size wp-elements-a9b19f3922037d6249c66e59e4229193\">Outro ponto que de humano n\u00e3o tem nada, de inclusivo nem se fala, \u00e9 a mensagem autom\u00e1tica em aplicativos de cl\u00ednicas, seja ela popular ou de alto n\u00edvel \u2013 pois voc\u00ea n\u00e3o sabe quem \u00e9 o seu cliente\/paciente -, dizendo: \u201cn\u00e3o ouvimos \u00e1udios\u201d. E se o paciente n\u00e3o souber ler, como fica? O \u201catendimento\u201d fica por ali mesmo.<\/p>\n\n\n\n<div class=\"wp-block-columns is-layout-flex wp-container-core-columns-is-layout-9d6595d7 wp-block-columns-is-layout-flex\">\n<div class=\"wp-block-column is-layout-flow wp-block-column-is-layout-flow\" style=\"flex-basis:100%\"><div class=\"wp-block-image\">\n<figure class=\"aligncenter size-full is-resized\"><img decoding=\"async\" src=\"https:\/\/marilenepaiva.com\/wp-content\/uploads\/2024\/10\/22.png\" alt=\"\" class=\"wp-image-4352\" style=\"width:276px;height:auto\"\/><\/figure>\n<\/div><\/div>\n<\/div>\n\n\n\n<p class=\"has-black-color has-text-color has-link-color has-medium-font-size wp-elements-92fcf2cf8fcecae36e162314d1adb334\">A coluna de hoje foi escrita interinamente por Rafaella Costa.<\/p>\n\n\n\n<div class=\"wp-block-columns is-layout-flex wp-container-core-columns-is-layout-9d6595d7 wp-block-columns-is-layout-flex\">\n<div class=\"wp-block-column is-layout-flow wp-block-column-is-layout-flow\" style=\"flex-basis:100%\"><div class=\"wp-block-image\">\n<figure class=\"aligncenter size-full is-resized\"><img decoding=\"async\" src=\"https:\/\/marilenepaiva.com\/wp-content\/uploads\/2024\/10\/Captura-de-tela-2024-02-19-222258.png\" alt=\"\" class=\"wp-image-4353\" style=\"width:293px;height:auto\"\/><\/figure>\n<\/div><\/div>\n<\/div>\n\n\n\n<p><\/p>\n\n\n\n<div class=\"wp-block-columns is-layout-flex wp-container-core-columns-is-layout-9d6595d7 wp-block-columns-is-layout-flex\">\n<div class=\"wp-block-column is-layout-flow wp-block-column-is-layout-flow\" style=\"flex-basis:100%\"><div class=\"wp-block-image\">\n<figure class=\"aligncenter size-large\"><img decoding=\"async\" src=\"https:\/\/marilenepaiva.com\/wp-content\/uploads\/2024\/10\/F1-Adrielly-Lima-Raiza-Leite-e-Juliana-Ferraz-687x1024.jpeg\" alt=\"\" class=\"wp-image-4373\"\/><\/figure>\n<\/div><\/div>\n<\/div>\n\n\n\n<p><em>As empres\u00e1rias Adrielly Lima, Ra\u00edza Leite e Juliana Ferraz, celebrando uma parceria que deu muit\u00edssimo certo entre a Kopenhagen Mossor\u00f3e a Cia. Mar\u00edtima.<\/em><\/p>\n\n\n\n<div class=\"wp-block-columns is-layout-flex wp-container-core-columns-is-layout-9d6595d7 wp-block-columns-is-layout-flex\">\n<div class=\"wp-block-column is-layout-flow wp-block-column-is-layout-flow\" style=\"flex-basis:100%\"><div class=\"wp-block-image\">\n<figure class=\"aligncenter size-large\"><img decoding=\"async\" src=\"https:\/\/marilenepaiva.com\/wp-content\/uploads\/2024\/10\/F2-Marcia-Menezes-Rose-Reboucas-Raiza-Leite-e-Rafaela-Menezes-576x1024.jpeg\" alt=\"\" class=\"wp-image-4374\"\/><\/figure>\n<\/div><\/div>\n<\/div>\n\n\n\n<p><em>M\u00e1rcia Menezes, Rose Rebou\u00e7as e Rafaela Menezes prestigiando Ra\u00edza Leite em sua Cia. Mar\u00edtima.<\/em><\/p>\n\n\n\n<div class=\"wp-block-columns is-layout-flex wp-container-core-columns-is-layout-9d6595d7 wp-block-columns-is-layout-flex\">\n<div class=\"wp-block-column is-layout-flow wp-block-column-is-layout-flow\" style=\"flex-basis:100%\"><div class=\"wp-block-image\">\n<figure class=\"aligncenter size-large\"><img decoding=\"async\" src=\"https:\/\/marilenepaiva.com\/wp-content\/uploads\/2024\/10\/F3-Equipe-Cia.-Maritima-Bruna-Raiza-Janaina-e-Talita-576x1024.jpeg\" alt=\"\" class=\"wp-image-4375\"\/><\/figure>\n<\/div><\/div>\n<\/div>\n\n\n\n<p><em>Equipe Cia. Mar\u00edtima Bruna, Ra\u00edza, Jana\u00edna e Talita, mostrando as novidades da Cole\u00e7\u00e3o Ver\u00e3o 25.<\/em><\/p>\n\n\n\n<div class=\"wp-block-columns is-layout-flex wp-container-core-columns-is-layout-9d6595d7 wp-block-columns-is-layout-flex\">\n<div class=\"wp-block-column is-layout-flow wp-block-column-is-layout-flow\" style=\"flex-basis:100%\"><div class=\"wp-block-image\">\n<figure class=\"aligncenter size-large\"><img decoding=\"async\" src=\"https:\/\/marilenepaiva.com\/wp-content\/uploads\/2024\/10\/F4-Janicy-Cabral-Emilene-Duarte-Daria-Prexedes-e-Raiza-Leite-576x1024.jpeg\" alt=\"\" class=\"wp-image-4376\"\/><\/figure>\n<\/div><\/div>\n<\/div>\n\n\n\n<p><em>Ra\u00edza Leite recebendo Janicy Cabral, Emilene Duarte e Daria Praxedes em tarde de muitas news em sua loja linda.<\/em><\/p>\n\n\n\n<div class=\"wp-block-columns is-layout-flex wp-container-core-columns-is-layout-9d6595d7 wp-block-columns-is-layout-flex\">\n<div class=\"wp-block-column is-layout-flow wp-block-column-is-layout-flow\" style=\"flex-basis:100%\"><div class=\"wp-block-image\">\n<figure class=\"aligncenter size-large\"><img decoding=\"async\" src=\"https:\/\/marilenepaiva.com\/wp-content\/uploads\/2024\/10\/F5-Priscilla-Grace-e-Raiza-Leite-576x1024.jpeg\" alt=\"\" class=\"wp-image-4377\"\/><\/figure>\n<\/div><\/div>\n<\/div>\n\n\n\n<p><em>Priscilla Grace sendo assessorada por Ra\u00edza Leite nas escolhas dos looks Garota Mar\u00edtima.<\/em><\/p>\n\n\n\n<div class=\"wp-block-columns is-layout-flex wp-container-core-columns-is-layout-9d6595d7 wp-block-columns-is-layout-flex\">\n<div class=\"wp-block-column is-layout-flow wp-block-column-is-layout-flow\" style=\"flex-basis:100%\"><div class=\"wp-block-image\">\n<figure class=\"aligncenter size-large\"><img decoding=\"async\" src=\"https:\/\/marilenepaiva.com\/wp-content\/uploads\/2024\/10\/F6-Helena-Belmont-e-Raiza-Leite-576x1024.jpeg\" alt=\"\" class=\"wp-image-4378\"\/><\/figure>\n<\/div><\/div>\n<\/div>\n\n\n\n<p><em>Outra parceria que se complementa: Radiant Cosm\u00e9ticos e Cia.Mar\u00edtima, Helena Belmont e Ra\u00edza Leite. A cara do ver\u00e3o!<\/em><\/p>\n\n\n\n<div class=\"wp-block-columns is-layout-flex wp-container-core-columns-is-layout-9d6595d7 wp-block-columns-is-layout-flex\">\n<div class=\"wp-block-column is-layout-flow wp-block-column-is-layout-flow\" style=\"flex-basis:100%\"><div class=\"wp-block-image\">\n<figure class=\"aligncenter size-large\"><img decoding=\"async\" src=\"https:\/\/marilenepaiva.com\/wp-content\/uploads\/2024\/10\/F7-Tatiana-Cantidio-e-Raiza-Leite-576x1024.jpeg\" alt=\"\" class=\"wp-image-4379\"\/><\/figure>\n<\/div><\/div>\n<\/div>\n\n\n\n<p><em>Seguindo o sol junto com Ra\u00edza Leite, a cliente Tatiana Cant\u00eddio, em tarde festiva na Cia. Mar\u00edtima.<\/em><\/p>\n\n\n\n<p><\/p>\n","protected":false},"excerpt":{"rendered":"<p>L\u00c1 VEM O SOL&#8230; Uma tarde Cia. Mar\u00edtima + Kopenhagen. Um momento \u201cpausa para o cafezinho\u201d e o prop\u00f3sito de reunir pessoas queridas, conversar, descontrair, sorrir e ser feliz. Com essa pauta, o lan\u00e7amento da Cole\u00e7\u00e3o Ver\u00e3o 25 Cia. Mar\u00edtima, foi elaborado, pensado e posto em pr\u00e1tica pela sempre good vibes Ra\u00edza Leite, em parceria [&hellip;]<\/p>\n","protected":false},"author":1,"featured_media":0,"comment_status":"open","ping_status":"open","sticky":true,"template":"","format":"standard","meta":{"footnotes":""},"categories":[3],"tags":[],"class_list":["post-4372","post","type-post","status-publish","format-standard","hentry","category-colunas"],"_links":{"self":[{"href":"https:\/\/marilenepaiva.com\/index.php?rest_route=\/wp\/v2\/posts\/4372","targetHints":{"allow":["GET"]}}],"collection":[{"href":"https:\/\/marilenepaiva.com\/index.php?rest_route=\/wp\/v2\/posts"}],"about":[{"href":"https:\/\/marilenepaiva.com\/index.php?rest_route=\/wp\/v2\/types\/post"}],"author":[{"embeddable":true,"href":"https:\/\/marilenepaiva.com\/index.php?rest_route=\/wp\/v2\/users\/1"}],"replies":[{"embeddable":true,"href":"https:\/\/marilenepaiva.com\/index.php?rest_route=%2Fwp%2Fv2%2Fcomments&post=4372"}],"version-history":[{"count":1,"href":"https:\/\/marilenepaiva.com\/index.php?rest_route=\/wp\/v2\/posts\/4372\/revisions"}],"predecessor-version":[{"id":4380,"href":"https:\/\/marilenepaiva.com\/index.php?rest_route=\/wp\/v2\/posts\/4372\/revisions\/4380"}],"wp:attachment":[{"href":"https:\/\/marilenepaiva.com\/index.php?rest_route=%2Fwp%2Fv2%2Fmedia&parent=4372"}],"wp:term":[{"taxonomy":"category","embeddable":true,"href":"https:\/\/marilenepaiva.com\/index.php?rest_route=%2Fwp%2Fv2%2Fcategories&post=4372"},{"taxonomy":"post_tag","embeddable":true,"href":"https:\/\/marilenepaiva.com\/index.php?rest_route=%2Fwp%2Fv2%2Ftags&post=4372"}],"curies":[{"name":"wp","href":"https:\/\/api.w.org\/{rel}","templated":true}]}}