{"id":4381,"date":"2024-10-25T10:46:38","date_gmt":"2024-10-25T10:46:38","guid":{"rendered":"https:\/\/marilenepaiva.com\/?p=4381"},"modified":"2024-10-25T10:46:39","modified_gmt":"2024-10-25T10:46:39","slug":"gente-de-fato-26-de-outubro-de-2024","status":"publish","type":"post","link":"https:\/\/marilenepaiva.com\/?p=4381","title":{"rendered":"GENTE DE FATO 26 DE OUTUBRO DE 2024"},"content":{"rendered":"\n<p class=\"has-large-font-size\"><strong>PASSAPORTE CARIMBADO<\/strong><\/p>\n\n\n\n<p class=\"has-black-color has-text-color has-link-color has-medium-font-size wp-elements-cb4ce7855f93b122cf2c43cc05a4fea1\">A &#8216;BTM 2024&#8217;, est\u00e1 acontecendo em Fortaleza, no Centro de Eventos do Cear\u00e1. O evento acontece anualmente e re\u00fane os melhores fornecedores e equipamentos tur\u00edsticos do Brasil e de Mundo! Operadoras de Viagens, os Grandes Grupos Hoteleiros e destinos tur\u00edsticos como a Serra Ga\u00facha, Regi\u00e3o dos Lagos do Rio de Janeiro, Orlando, Turquia, Egito e grandes Operadoras de Cruzeiros, est\u00e3o marcando presen\u00e7a no evento que tem como foco a divulga\u00e7\u00e3o e negocia\u00e7\u00e3o com o trade tur\u00edsticos, formado principalmente por ag\u00eancias de viagens, seu principal mercado consumidor. \u00c9 uma grande oportunidade para os profissionais realizarem network e negocia\u00e7\u00f5es de vendas e marketing.<\/p>\n\n\n\n<div class=\"wp-block-columns is-layout-flex wp-container-core-columns-is-layout-9d6595d7 wp-block-columns-is-layout-flex\">\n<div class=\"wp-block-column is-layout-flow wp-block-column-is-layout-flow\" style=\"flex-basis:100%\"><div class=\"wp-block-image\">\n<figure class=\"aligncenter size-full is-resized\"><img decoding=\"async\" src=\"https:\/\/marilenepaiva.com\/wp-content\/uploads\/2024\/10\/royalface.jpg\" alt=\"\" class=\"wp-image-4356\" style=\"width:222px;height:auto\"\/><\/figure>\n<\/div><\/div>\n<\/div>\n\n\n\n<p class=\"has-large-font-size\"><strong>LINHA DE CHEGADA<\/strong><\/p>\n\n\n\n<p class=\"has-black-color has-text-color has-link-color has-medium-font-size wp-elements-3d06332a2a52c6047c4bcca7125a9133\">Ser\u00e1 realizado neste fim de semana, a quarta edi\u00e7\u00e3o do Desafio Rosa &amp; Azul, evento que celebra e alerta a popula\u00e7\u00e3o para o diagn\u00f3stico precoce do c\u00e2ncer de mama e o de pr\u00f3stata, bandeiras do Outubro Rosa e Novembro Azul, tendo \u00e0 frente a Liga de Mossor\u00f3 de Estudos e Combate ao C\u00e2ncer. A caminhada kids acontece hoje, a partir das 16h30, com sa\u00edda e chegada na Pra\u00e7a dos Hospitais, pr\u00f3ximo ao Hospital da Liga. Amanh\u00e3, 27, a partir das 5h, acontece a corrida de 4 km (feminino), 8 km(masculino) e a caminhada adulto. Para quem ainda n\u00e3o pegou seu kit: das 15h \u00e0s 17h, a entrega acontece na Arena do Evento na Pra\u00e7a dos Hospitais.<\/p>\n\n\n<div class=\"wp-block-image\">\n<figure class=\"aligncenter size-large is-resized\"><img decoding=\"async\" src=\"https:\/\/marilenepaiva.com\/wp-content\/uploads\/2024\/10\/Imagem-do-WhatsApp-de-2024-04-04-as-08.53.06_7c569f46-1024x241.jpg\" alt=\"\" class=\"wp-image-4355\" style=\"width:467px;height:auto\"\/><\/figure>\n<\/div>\n\n\n<p class=\"has-large-font-size\"><strong>UNS E OUTROS&#8230;<\/strong><\/p>\n\n\n\n<p class=\"has-black-color has-text-color has-link-color has-medium-font-size wp-elements-651c09c27aeaed98633592d8097a44c7\">Dia 30 de outubro o Restaurante Trattoria est\u00e1 com evento beneficente em prol do Hospital do C\u00e2ncer, \u00e9 o \u201cMenu Especial Outubro Rosa\u201d. Para aderir ou saber mais, entre em contato pelo n\u00famero (84) 98187-3421.<\/p>\n\n\n\n<div class=\"wp-block-columns is-layout-flex wp-container-core-columns-is-layout-9d6595d7 wp-block-columns-is-layout-flex\">\n<div class=\"wp-block-column is-layout-flow wp-block-column-is-layout-flow\" style=\"flex-basis:100%\"><div class=\"wp-block-image\">\n<figure class=\"aligncenter size-full is-resized\"><img decoding=\"async\" src=\"https:\/\/marilenepaiva.com\/wp-content\/uploads\/2024\/10\/trattoria.png\" alt=\"\" class=\"wp-image-4358\" style=\"width:256px;height:auto\"\/><\/figure>\n<\/div><\/div>\n<\/div>\n\n\n\n<p class=\"has-black-color has-text-color has-link-color has-medium-font-size wp-elements-3c083f227dd687fc6440ad6b1161ae29\">Contagem regressiva para o show que acontece na Chega Mais Beach em Canoa Quebrada (CE), e ter\u00e1 como atra\u00e7\u00f5es principais: Nattan e Felipe Amorim. Dia 2 de novembro, p\u00e9 na areia, pertinho do mar e as festas maravilhosas que s\u00f3 acontecem na Chega Mais. Garanta seu acesso pelo brasilticket.com.br.<\/p>\n\n\n<div class=\"wp-block-image\">\n<figure class=\"aligncenter size-full is-resized\"><img decoding=\"async\" src=\"https:\/\/marilenepaiva.com\/wp-content\/uploads\/2024\/10\/iate.jpg\" alt=\"\" class=\"wp-image-4354\" style=\"width:386px;height:auto\"\/><\/figure>\n<\/div>\n\n\n<p class=\"has-black-color has-text-color has-link-color has-medium-font-size wp-elements-839cbbba4b2999813087a21c1ece1125\">Hoje tem Noite Latino Americana, em homenagem aos 78 anos de nascimento do saudoso m\u00fasico Belchior, com a banda Corcel 73 e o m\u00fasico Airton Cilon, na Cervejaria Bacurim. A partir das 20h. Boa pedida.<\/p>\n\n\n\n<div class=\"wp-block-columns is-layout-flex wp-container-core-columns-is-layout-9d6595d7 wp-block-columns-is-layout-flex\">\n<div class=\"wp-block-column is-layout-flow wp-block-column-is-layout-flow\" style=\"flex-basis:100%\"><div class=\"wp-block-image\">\n<figure class=\"aligncenter size-full is-resized\"><img decoding=\"async\" src=\"https:\/\/marilenepaiva.com\/wp-content\/uploads\/2024\/10\/serraboi.png\" alt=\"\" class=\"wp-image-4357\" style=\"width:298px;height:auto\"\/><\/figure>\n<\/div><\/div>\n<\/div>\n\n\n\n<p class=\"has-black-color has-text-color has-link-color has-medium-font-size wp-elements-32f5cac7fc5af2244a67c3447841ab24\">Tem m\u00e9dico com atua\u00e7\u00e3o internacional aderindo \u00e0 colet\u00e2nea \u201cPara todo mal, a cura\u201d. Mossoroense com resid\u00eancia fora do pa\u00eds e atua\u00e7\u00e3o em outras paisagens que conta sua hist\u00f3ria nessa importante obra que ser\u00e1 lan\u00e7ada em breve.<\/p>\n\n\n\n<div class=\"wp-block-columns is-layout-flex wp-container-core-columns-is-layout-9d6595d7 wp-block-columns-is-layout-flex\">\n<div class=\"wp-block-column is-layout-flow wp-block-column-is-layout-flow\" style=\"flex-basis:100%\"><div class=\"wp-block-image\">\n<figure class=\"aligncenter size-full is-resized\"><img decoding=\"async\" src=\"https:\/\/marilenepaiva.com\/wp-content\/uploads\/2024\/10\/Captura-de-tela-2024-02-19-222258.png\" alt=\"\" class=\"wp-image-4353\" style=\"width:262px;height:auto\"\/><\/figure>\n<\/div><\/div>\n<\/div>\n\n\n\n<p class=\"has-black-color has-text-color has-link-color has-medium-font-size wp-elements-6fba24e396b51baeffe0a4f43e3fcde0\">O sal\u00e3o Vintage Hair est\u00e1 com promo\u00e7\u00e3o para deixar suas madeixas ainda mais belas. Pelas m\u00e3os do mago Marinaldo Rocha, tudo se transforma. Vale marcar um hor\u00e1rio.<\/p>\n\n\n\n<div class=\"wp-block-columns is-layout-flex wp-container-core-columns-is-layout-9d6595d7 wp-block-columns-is-layout-flex\">\n<div class=\"wp-block-column is-layout-flow wp-block-column-is-layout-flow\" style=\"flex-basis:100%\"><div class=\"wp-block-image\">\n<figure class=\"aligncenter size-full is-resized\"><img decoding=\"async\" src=\"https:\/\/marilenepaiva.com\/wp-content\/uploads\/2024\/10\/22.png\" alt=\"\" class=\"wp-image-4352\" style=\"width:246px;height:auto\"\/><\/figure>\n<\/div><\/div>\n<\/div>\n\n\n\n<p class=\"has-black-color has-text-color has-link-color has-medium-font-size wp-elements-ca2b53fcd0fe85c417d05271afc5be7e\">Encerra amanh\u00e3, a 36\u00aa Semana Esp\u00edrita de Mossor\u00f3, que esse ano traz como tema \u201cSa\u00fade e Espiritualidade\u201d Est\u00e1 sendo realizada no Requinte Recep\u00e7\u00f5es e a programa\u00e7\u00e3o pode ser encontrada no perfil do instagram @casadocaminhomossoro. &nbsp;<\/p>\n\n\n\n<p class=\"has-black-color has-text-color has-link-color has-medium-font-size wp-elements-92fcf2cf8fcecae36e162314d1adb334\">A coluna de hoje foi escrita interinamente por Rafaella Costa.<\/p>\n\n\n\n<div class=\"wp-block-columns is-layout-flex wp-container-core-columns-is-layout-9d6595d7 wp-block-columns-is-layout-flex\">\n<div class=\"wp-block-column is-layout-flow wp-block-column-is-layout-flow\" style=\"flex-basis:100%\"><div class=\"wp-block-image\">\n<figure class=\"aligncenter size-large\"><img decoding=\"async\" src=\"https:\/\/marilenepaiva.com\/wp-content\/uploads\/2024\/10\/F1-Roberta-Britto-Breno-Valerio-Maria-Theresa-e-Joao-Afonso-768x1024.jpeg\" alt=\"\" class=\"wp-image-4382\"\/><\/figure>\n<\/div><\/div>\n<\/div>\n\n\n\n<p><em>O casalRoberta Britto e Breno Val\u00e9rio, curtindo dias de \u00f3cio em Miami ao lado dos filhos Maria Theresa e Jo\u00e3o Afonso. Fam\u00edlia querida.<\/em><\/p>\n\n\n\n<div class=\"wp-block-columns is-layout-flex wp-container-core-columns-is-layout-9d6595d7 wp-block-columns-is-layout-flex\">\n<div class=\"wp-block-column is-layout-flow wp-block-column-is-layout-flow\" style=\"flex-basis:100%\"><div class=\"wp-block-image\">\n<figure class=\"aligncenter size-large\"><img decoding=\"async\" src=\"https:\/\/marilenepaiva.com\/wp-content\/uploads\/2024\/10\/F2-Jennison-Vilaca-1024x861.jpeg\" alt=\"\" class=\"wp-image-4383\"\/><\/figure>\n<\/div><\/div>\n<\/div>\n\n\n\n<p><em>Do nosso cora\u00e7\u00e3o: Jennison Vila\u00e7a, faz anivers\u00e1rio amanh\u00e3, 27, e n\u00f3s desejamos vivas sempre. Merece toda felicidade do mundo!<\/em><\/p>\n\n\n\n<div class=\"wp-block-columns is-layout-flex wp-container-core-columns-is-layout-9d6595d7 wp-block-columns-is-layout-flex\">\n<div class=\"wp-block-column is-layout-flow wp-block-column-is-layout-flow\" style=\"flex-basis:100%\"><div class=\"wp-block-image\">\n<figure class=\"aligncenter size-large\"><img decoding=\"async\" src=\"https:\/\/marilenepaiva.com\/wp-content\/uploads\/2024\/10\/F3-Alex-Pinheiro-769x1024.jpeg\" alt=\"\" class=\"wp-image-4384\"\/><\/figure>\n<\/div><\/div>\n<\/div>\n\n\n\n<p><em>Na &#8216;BTM 2024&#8217;, em Fortaleza (CE), o competente Alex Pinheiro, profissional da Assessoria Comercial, atuando no mercado tur\u00edstico h\u00e1 mais de 20 anos. Atualizad\u00edssimo.<\/em><\/p>\n\n\n\n<div class=\"wp-block-columns is-layout-flex wp-container-core-columns-is-layout-9d6595d7 wp-block-columns-is-layout-flex\">\n<div class=\"wp-block-column is-layout-flow wp-block-column-is-layout-flow\" style=\"flex-basis:100%\"><div class=\"wp-block-image\">\n<figure class=\"aligncenter size-large\"><img decoding=\"async\" src=\"https:\/\/marilenepaiva.com\/wp-content\/uploads\/2024\/10\/F4-Sonia-Medeiros-e-Newton-Junior-1024x1024.jpeg\" alt=\"\" class=\"wp-image-4385\"\/><\/figure>\n<\/div><\/div>\n<\/div>\n\n\n\n<p><em>Daqui para Recife (PE), beijos, abra\u00e7os e muito carinho para a elegante e chique S\u00f4nia Medeiros, aniversariante deste m\u00eas de outubro. Aqui, ao lado do decorador cinco estrelas, seu filho Newton J\u00fanior.<\/em><\/p>\n\n\n\n<p><\/p>\n","protected":false},"excerpt":{"rendered":"<p>PASSAPORTE CARIMBADO A &#8216;BTM 2024&#8217;, est\u00e1 acontecendo em Fortaleza, no Centro de Eventos do Cear\u00e1. O evento acontece anualmente e re\u00fane os melhores fornecedores e equipamentos tur\u00edsticos do Brasil e de Mundo! Operadoras de Viagens, os Grandes Grupos Hoteleiros e destinos tur\u00edsticos como a Serra Ga\u00facha, Regi\u00e3o dos Lagos do Rio de Janeiro, Orlando, Turquia, [&hellip;]<\/p>\n","protected":false},"author":1,"featured_media":0,"comment_status":"open","ping_status":"open","sticky":true,"template":"","format":"standard","meta":{"footnotes":""},"categories":[3],"tags":[],"class_list":["post-4381","post","type-post","status-publish","format-standard","hentry","category-colunas"],"_links":{"self":[{"href":"https:\/\/marilenepaiva.com\/index.php?rest_route=\/wp\/v2\/posts\/4381","targetHints":{"allow":["GET"]}}],"collection":[{"href":"https:\/\/marilenepaiva.com\/index.php?rest_route=\/wp\/v2\/posts"}],"about":[{"href":"https:\/\/marilenepaiva.com\/index.php?rest_route=\/wp\/v2\/types\/post"}],"author":[{"embeddable":true,"href":"https:\/\/marilenepaiva.com\/index.php?rest_route=\/wp\/v2\/users\/1"}],"replies":[{"embeddable":true,"href":"https:\/\/marilenepaiva.com\/index.php?rest_route=%2Fwp%2Fv2%2Fcomments&post=4381"}],"version-history":[{"count":1,"href":"https:\/\/marilenepaiva.com\/index.php?rest_route=\/wp\/v2\/posts\/4381\/revisions"}],"predecessor-version":[{"id":4386,"href":"https:\/\/marilenepaiva.com\/index.php?rest_route=\/wp\/v2\/posts\/4381\/revisions\/4386"}],"wp:attachment":[{"href":"https:\/\/marilenepaiva.com\/index.php?rest_route=%2Fwp%2Fv2%2Fmedia&parent=4381"}],"wp:term":[{"taxonomy":"category","embeddable":true,"href":"https:\/\/marilenepaiva.com\/index.php?rest_route=%2Fwp%2Fv2%2Fcategories&post=4381"},{"taxonomy":"post_tag","embeddable":true,"href":"https:\/\/marilenepaiva.com\/index.php?rest_route=%2Fwp%2Fv2%2Ftags&post=4381"}],"curies":[{"name":"wp","href":"https:\/\/api.w.org\/{rel}","templated":true}]}}